{"id":5626,"date":"2026-03-12T08:43:45","date_gmt":"2026-03-12T11:43:45","guid":{"rendered":"https:\/\/oexpressobr.com.br\/?p=5626"},"modified":"2026-03-12T08:43:53","modified_gmt":"2026-03-12T11:43:53","slug":"sergio-moro-lidera-corrida-ao-governo-e-alvaro-dias-desponta-para-o-senado-aponta-parana-pesquisas","status":"publish","type":"post","link":"https:\/\/oexpressobr.com.br\/?p=5626","title":{"rendered":"Sergio Moro lidera corrida ao governo e Alvaro Dias desponta para o Senado, aponta Paran\u00e1 Pesquisas"},"content":{"rendered":"\n<p class=\"wp-block-paragraph\">\u200bO cen\u00e1rio pol\u00edtico no Paran\u00e1 ganha novos contornos com a divulga\u00e7\u00e3o de levantamentos recentes do instituto Paran\u00e1 Pesquisas, registrados no Tribunal Superior Eleitoral (TSE) sob o protocolo PR-06254\/2026. A sondagem, que agita os bastidores do Pal\u00e1cio Igua\u00e7u, revela a consolida\u00e7\u00e3o do senador Sergio Moro (Uni\u00e3o Brasil) como o principal favorito para a sucess\u00e3o de Ratinho J\u00fanior (PSD), enquanto o veterano Alvaro Dias (MDB) retoma protagonismo na disputa pelas duas cadeiras que estar\u00e3o em jogo no Senado Federal.<\/p>\n\n\n\n<h3 class=\"wp-block-heading\">\u200bMoro amplia vantagem na disputa pelo Executivo<\/h3>\n\n\n\n<p class=\"wp-block-paragraph\">\u200bNos diferentes cen\u00e1rios testados para o governo estadual, Sergio Moro mant\u00e9m uma lideran\u00e7a isolada. No cen\u00e1rio principal, o ex-juiz da Lava Jato atinge <strong>44% das inten\u00e7\u00f5es de voto<\/strong>, abrindo uma vantagem consider\u00e1vel sobre o deputado estadual Requi\u00e3o Filho (PDT), que aparece com 23,1%.<\/p>\n\n\n\n<p class=\"wp-block-paragraph\">\u200bA pesquisa tamb\u00e9m incluiu o nome do ex-prefeito de Curitiba, Rafael Greca (PSD), que aparece com 19,1%, disputando o segundo lugar diretamente com Requi\u00e3o Filho (20,4%) quando ambos est\u00e3o no p\u00e1reo. Outros nomes, como o deputado estadual Alexandre Curi (PSD), com 11,3%, e o secret\u00e1rio das Cidades, Guto Silva (PSD), com 4,3%, tamb\u00e9m figuram na lista de pr\u00e9-candidatos.<\/p>\n\n\n\n<h3 class=\"wp-block-heading\">\u200bBriga acirrada pelas duas vagas no Senado<\/h3>\n\n\n\n<p class=\"wp-block-paragraph\">\u200bDiferente de 2022, a elei\u00e7\u00e3o de 2026 renovar\u00e1 dois ter\u00e7os do Senado, permitindo que cada eleitor vote em dois candidatos. Nesse contexto, o ex-senador <strong>Alvaro Dias<\/strong>, agora filiado ao MDB, lidera as inten\u00e7\u00f5es de voto, variando entre 47,5% e 52,2% nos cen\u00e1rios simulados.<\/p>\n\n\n\n<p class=\"wp-block-paragraph\">\u200bA segunda vaga apresenta uma disputa aberta e pulverizada. O deputado Alexandre Curi (PSD) surge como um nome forte, com 36,2%, seguido pela jornalista Cristina Graeml (PMB\/Uni\u00e3o), que tem pontuado na casa dos 26% a 32%. A deputada Gleisi Hoffmann (PT) e o deputado federal Filipe Barros (PL) tamb\u00e9m s\u00e3o pe\u00e7as-chave no tabuleiro, representando os polos da pol\u00edtica nacional e buscando consolidar seus nomes como os escolhidos de Lula e Bolsonaro, respectivamente, para o estado.<\/p>\n\n\n\n<h3 class=\"wp-block-heading\">\u200bAprova\u00e7\u00e3o recorde de Ratinho J\u00fanior<\/h3>\n\n\n\n<p class=\"wp-block-paragraph\">\u200bUm fator determinante para o sucesso de qualquer candidatura governista \u00e9 a avalia\u00e7\u00e3o da atual gest\u00e3o. Segundo os dados, o governador Ratinho J\u00fanior encerra sua fase final de mandato com \u00edndices de aprova\u00e7\u00e3o superiores a <strong>80%<\/strong>. Esse capital pol\u00edtico \u00e9 o que sustenta as pretens\u00f5es de nomes do PSD, como Curi e Greca, e coloca o atual governador como um &#8220;cabo eleitoral de luxo&#8221; ou at\u00e9 mesmo como um nome forte para voos nacionais em 2026.<\/p>\n\n\n\n<h3 class=\"wp-block-heading\">\u200bDetalhes t\u00e9cnicos da pesquisa<\/h3>\n\n\n\n<ul class=\"wp-block-list\">\n<li>\u200b<strong>Amostragem:<\/strong> 1.500 eleitores em 55 munic\u00edpios do Paran\u00e1.<\/li>\n\n\n\n<li>\u200b<strong>Per\u00edodo:<\/strong> Levantamento realizado entre os dias 1\u00ba e 4 de mar\u00e7o de 2026.<\/li>\n\n\n\n<li>\u200b<strong>Margem de erro:<\/strong> 2,6 pontos percentuais para mais ou para menos.<\/li>\n\n\n\n<li>\u200b<strong>Registro no TSE:<\/strong> PR-06254\/2026.<\/li>\n<\/ul>\n","protected":false},"excerpt":{"rendered":"<p>\u200bO cen\u00e1rio pol\u00edtico no Paran\u00e1 ganha novos contornos com a divulga\u00e7\u00e3o de levantamentos recentes do instituto Paran\u00e1 Pesquisas, registrados no Tribunal Superior Eleitoral (TSE) sob [&#8230;]<\/p>\n","protected":false},"author":1,"featured_media":5628,"comment_status":"open","ping_status":"open","sticky":false,"template":"","format":"standard","meta":{"_crdt_document":"","_jetpack_memberships_contains_paid_content":false,"footnotes":"","jetpack_publicize_message":"","jetpack_publicize_feature_enabled":true,"jetpack_social_post_already_shared":true,"jetpack_social_options":{"image_generator_settings":{"template":"highway","default_image_id":0,"font":"","enabled":false},"version":2}},"categories":[5],"tags":[],"class_list":["post-5626","post","type-post","status-publish","format-standard","has-post-thumbnail","hentry","category-parana"],"jetpack_publicize_connections":[],"jetpack_featured_media_url":"https:\/\/i0.wp.com\/oexpressobr.com.br\/wp-content\/uploads\/2026\/03\/ratinho-eleicoes-2026.jpg?fit=1200%2C675&ssl=1","jetpack_likes_enabled":true,"jetpack_sharing_enabled":true,"_links":{"self":[{"href":"https:\/\/oexpressobr.com.br\/index.php?rest_route=\/wp\/v2\/posts\/5626","targetHints":{"allow":["GET"]}}],"collection":[{"href":"https:\/\/oexpressobr.com.br\/index.php?rest_route=\/wp\/v2\/posts"}],"about":[{"href":"https:\/\/oexpressobr.com.br\/index.php?rest_route=\/wp\/v2\/types\/post"}],"author":[{"embeddable":true,"href":"https:\/\/oexpressobr.com.br\/index.php?rest_route=\/wp\/v2\/users\/1"}],"replies":[{"embeddable":true,"href":"https:\/\/oexpressobr.com.br\/index.php?rest_route=%2Fwp%2Fv2%2Fcomments&post=5626"}],"version-history":[{"count":1,"href":"https:\/\/oexpressobr.com.br\/index.php?rest_route=\/wp\/v2\/posts\/5626\/revisions"}],"predecessor-version":[{"id":5629,"href":"https:\/\/oexpressobr.com.br\/index.php?rest_route=\/wp\/v2\/posts\/5626\/revisions\/5629"}],"wp:featuredmedia":[{"embeddable":true,"href":"https:\/\/oexpressobr.com.br\/index.php?rest_route=\/wp\/v2\/media\/5628"}],"wp:attachment":[{"href":"https:\/\/oexpressobr.com.br\/index.php?rest_route=%2Fwp%2Fv2%2Fmedia&parent=5626"}],"wp:term":[{"taxonomy":"category","embeddable":true,"href":"https:\/\/oexpressobr.com.br\/index.php?rest_route=%2Fwp%2Fv2%2Fcategories&post=5626"},{"taxonomy":"post_tag","embeddable":true,"href":"https:\/\/oexpressobr.com.br\/index.php?rest_route=%2Fwp%2Fv2%2Ftags&post=5626"}],"curies":[{"name":"wp","href":"https:\/\/api.w.org\/{rel}","templated":true}]}}