{"id":5630,"date":"2026-03-12T08:54:47","date_gmt":"2026-03-12T11:54:47","guid":{"rendered":"https:\/\/oexpressobr.com.br\/?p=5630"},"modified":"2026-03-12T08:54:54","modified_gmt":"2026-03-12T11:54:54","slug":"stf-suspende-privatizacao-da-celepar-apos-acao-do-psol-e-contradicoes-do-governo-ratinho-junior","status":"publish","type":"post","link":"https:\/\/oexpressobr.com.br\/?p=5630","title":{"rendered":"STF suspende privatiza\u00e7\u00e3o da Celepar ap\u00f3s a\u00e7\u00e3o do PSOL e contradi\u00e7\u00f5es do governo Ratinho Junior"},"content":{"rendered":"\n<p class=\"wp-block-paragraph\">\u200bA tentativa do governo de Ratinho Junior (PSD) de privatizar a Companhia de Tecnologia da Informa\u00e7\u00e3o e Comunica\u00e7\u00e3o do Paran\u00e1 (Celepar) sofreu derrotas decisivas nas \u00faltimas semanas. Atendendo a uma a\u00e7\u00e3o direta de inconstitucionalidade movida pelo <strong>PSOL<\/strong> e pelo PT, o ministro <strong>Fl\u00e1vio Dino<\/strong>, do Supremo Tribunal Federal (STF), suspendeu o leil\u00e3o que estava marcado para o dia 17 de mar\u00e7o na B3.<\/p>\n\n\n\n<p class=\"wp-block-paragraph\">\u200bA decis\u00e3o judicial baseia-se no risco iminente \u00e0 seguran\u00e7a de dados sens\u00edveis de mais de 11 milh\u00f5es de paranaenses. O ministro determinou que o estado n\u00e3o pode prosseguir com a venda sem antes apresentar um relat\u00f3rio detalhado de impacto \u00e0 prote\u00e7\u00e3o de dados e obter o aval da Ag\u00eancia Nacional de Prote\u00e7\u00e3o de Dados (ANPD).<\/p>\n\n\n\n<h3 class=\"wp-block-heading\">\u200bO desmentido do Serpro e a fragilidade do discurso oficial<\/h3>\n\n\n\n<p class=\"wp-block-paragraph\">\u200bUm dos pilares do argumento do governo estadual para tranquilizar a Justi\u00e7a era a suposta migra\u00e7\u00e3o de dados estrat\u00e9gicos de seguran\u00e7a p\u00fablica para a &#8220;nuvem soberana&#8221; do <strong>Serpro<\/strong> (Servi\u00e7o Federal de Processamento de Dados). No entanto, novos desdobramentos revelaram que essa narrativa n\u00e3o condiz com a realidade.<\/p>\n\n\n\n<p class=\"wp-block-paragraph\">\u200bEm resposta oficial a pedidos de informa\u00e7\u00e3o (via Lei de Acesso \u00e0 Informa\u00e7\u00e3o) articulados pelo PSOL e parlamentares de oposi\u00e7\u00e3o, o Serpro afirmou categoricamente que <strong>n\u00e3o possui contratos ou negocia\u00e7\u00f5es em andamento<\/strong> com a Secretaria de Seguran\u00e7a P\u00fablica do Paran\u00e1 para o armazenamento desses dados. A estatal federal confirmou a exist\u00eancia de apenas um &#8220;protocolo de inten\u00e7\u00f5es&#8221; sem validade jur\u00eddica para cust\u00f3dia de dados, o que desidrata a principal defesa t\u00e9cnica do Pal\u00e1cio Igua\u00e7u.<\/p>\n\n\n\n<h3 class=\"wp-block-heading\">\u200bManobras na Assembleia Legislativa<\/h3>\n\n\n\n<p class=\"wp-block-paragraph\">\u200bDiante do bloqueio jur\u00eddico, o governo Ratinho Junior enviou em regime de urg\u00eancia, no in\u00edcio de mar\u00e7o de 2026, um novo projeto de lei \u00e0 Assembleia Legislativa do Paran\u00e1 (ALEP). O objetivo \u00e9 alterar a lei de desestatiza\u00e7\u00e3o original para tentar contornar as exig\u00eancias do STF, propondo mecanismos que supostamente garantem o controle estatal sobre informa\u00e7\u00f5es cr\u00edticas mesmo ap\u00f3s a venda.<\/p>\n\n\n\n<p class=\"wp-block-paragraph\">\u200bContudo, a oposi\u00e7\u00e3o tem conseguido frear a tramita\u00e7\u00e3o atrav\u00e9s de pedidos de vista e questionamentos t\u00e9cnicos, argumentando que a Constitui\u00e7\u00e3o Federal reserva \u00e0 Uni\u00e3o a compet\u00eancia exclusiva para legislar sobre prote\u00e7\u00e3o de dados.<\/p>\n\n\n\n<h3 class=\"wp-block-heading\">\u200bCen\u00e1rio atual no STF<\/h3>\n\n\n\n<p class=\"wp-block-paragraph\">\u200bNo dia 6 de mar\u00e7o de 2026, o julgamento no plen\u00e1rio virtual do STF sobre a manuten\u00e7\u00e3o da liminar foi interrompido por um pedido de vista do ministro <strong>Cristiano Zanin<\/strong>. Com isso, a an\u00e1lise pode ficar suspensa por at\u00e9 90 dias. Enquanto o julgamento n\u00e3o \u00e9 retomado, <strong>a liminar de Fl\u00e1vio Dino continua v\u00e1lida<\/strong>, mantendo o leil\u00e3o suspenso e garantindo, por ora, que os dados de sa\u00fade, educa\u00e7\u00e3o e seguran\u00e7a p\u00fablica do povo paranaense permane\u00e7am sob controle p\u00fablico.<\/p>\n\n\n\n<p class=\"wp-block-paragraph\">\u200bPara os movimentos sociais e partidos que encabe\u00e7am a resist\u00eancia, a vit\u00f3ria parcial refor\u00e7a a tese de que a soberania digital e a privacidade dos cidad\u00e3os n\u00e3o podem ser sacrificadas em prol de interesses arrecadat\u00f3rios.<\/p>\n","protected":false},"excerpt":{"rendered":"<p>\u200bA tentativa do governo de Ratinho Junior (PSD) de privatizar a Companhia de Tecnologia da Informa\u00e7\u00e3o e Comunica\u00e7\u00e3o do Paran\u00e1 (Celepar) sofreu derrotas decisivas nas [&#8230;]<\/p>\n","protected":false},"author":1,"featured_media":5632,"comment_status":"open","ping_status":"open","sticky":false,"template":"","format":"standard","meta":{"_crdt_document":"","_jetpack_memberships_contains_paid_content":false,"footnotes":"","jetpack_publicize_message":"","jetpack_publicize_feature_enabled":true,"jetpack_social_post_already_shared":true,"jetpack_social_options":{"image_generator_settings":{"template":"highway","default_image_id":0,"font":"","enabled":false},"version":2}},"categories":[5],"tags":[],"class_list":["post-5630","post","type-post","status-publish","format-standard","has-post-thumbnail","hentry","category-parana"],"jetpack_publicize_connections":[],"jetpack_featured_media_url":"https:\/\/i0.wp.com\/oexpressobr.com.br\/wp-content\/uploads\/2026\/03\/rato-celepar.jpg?fit=731%2C379&ssl=1","jetpack_likes_enabled":true,"jetpack_sharing_enabled":true,"_links":{"self":[{"href":"https:\/\/oexpressobr.com.br\/index.php?rest_route=\/wp\/v2\/posts\/5630","targetHints":{"allow":["GET"]}}],"collection":[{"href":"https:\/\/oexpressobr.com.br\/index.php?rest_route=\/wp\/v2\/posts"}],"about":[{"href":"https:\/\/oexpressobr.com.br\/index.php?rest_route=\/wp\/v2\/types\/post"}],"author":[{"embeddable":true,"href":"https:\/\/oexpressobr.com.br\/index.php?rest_route=\/wp\/v2\/users\/1"}],"replies":[{"embeddable":true,"href":"https:\/\/oexpressobr.com.br\/index.php?rest_route=%2Fwp%2Fv2%2Fcomments&post=5630"}],"version-history":[{"count":1,"href":"https:\/\/oexpressobr.com.br\/index.php?rest_route=\/wp\/v2\/posts\/5630\/revisions"}],"predecessor-version":[{"id":5633,"href":"https:\/\/oexpressobr.com.br\/index.php?rest_route=\/wp\/v2\/posts\/5630\/revisions\/5633"}],"wp:featuredmedia":[{"embeddable":true,"href":"https:\/\/oexpressobr.com.br\/index.php?rest_route=\/wp\/v2\/media\/5632"}],"wp:attachment":[{"href":"https:\/\/oexpressobr.com.br\/index.php?rest_route=%2Fwp%2Fv2%2Fmedia&parent=5630"}],"wp:term":[{"taxonomy":"category","embeddable":true,"href":"https:\/\/oexpressobr.com.br\/index.php?rest_route=%2Fwp%2Fv2%2Fcategories&post=5630"},{"taxonomy":"post_tag","embeddable":true,"href":"https:\/\/oexpressobr.com.br\/index.php?rest_route=%2Fwp%2Fv2%2Ftags&post=5630"}],"curies":[{"name":"wp","href":"https:\/\/api.w.org\/{rel}","templated":true}]}}