{"id":5642,"date":"2026-03-13T06:55:32","date_gmt":"2026-03-13T09:55:32","guid":{"rendered":"https:\/\/oexpressobr.com.br\/?p=5642"},"modified":"2026-03-13T06:55:39","modified_gmt":"2026-03-13T09:55:39","slug":"lula-haddad-e-petrobras-articulam-isencao-de-impostos-no-diesel-para-conter-alta-provocada-por-guerra-no-ira","status":"publish","type":"post","link":"https:\/\/oexpressobr.com.br\/?p=5642","title":{"rendered":"Lula, Haddad e Petrobras articulam isen\u00e7\u00e3o de impostos no diesel para conter alta provocada por guerra no Ir\u00e3"},"content":{"rendered":"\n<p class=\"wp-block-paragraph\">\u200bO Governo Federal anunciou, nesta quinta-feira (12 de mar\u00e7o de 2026), um pacote de medidas emergenciais para tentar frear a escalada nos pre\u00e7os dos combust\u00edveis no Brasil. A decis\u00e3o principal, assinada pelo presidente Luiz In\u00e1cio Lula da Silva e detalhada pelo ministro da Fazenda, Fernando Haddad, consiste em zerar as al\u00edquotas de PIS e Cofins sobre a importa\u00e7\u00e3o e comercializa\u00e7\u00e3o do \u00f3leo diesel.<\/p>\n\n\n\n<p class=\"wp-block-paragraph\">\u200bA medida \u00e9 uma resposta direta \u00e0 instabilidade global causada pelo conflito armado envolvendo o Ir\u00e3, Israel e os Estados Unidos. Com o barril de petr\u00f3leo atingindo picos de US$ 120 e a amea\u00e7a de bloqueio no Estreito de Ormuz \u2014 via por onde passa 20% do petr\u00f3leo mundial \u2014, o governo brasileiro agiu para evitar que o choque de pre\u00e7os paralise a cadeia log\u00edstica e dispare a infla\u00e7\u00e3o interna.<\/p>\n\n\n\n<h3 class=\"wp-block-heading\">\u200bImpacto direto no bolso e na bomba<\/h3>\n\n\n\n<p class=\"wp-block-paragraph\">\u200bDe acordo com o Minist\u00e9rio da Fazenda, a combina\u00e7\u00e3o da isen\u00e7\u00e3o tribut\u00e1ria com um novo programa de subven\u00e7\u00e3o aprovado pelo Conselho da Petrobras pode reduzir o pre\u00e7o do diesel em at\u00e9 <strong>R$ 0,64 por litro<\/strong> nas refinarias.<\/p>\n\n\n\n<ul class=\"wp-block-list\">\n<li>\u200b<strong>Isen\u00e7\u00e3o de PIS\/Cofins:<\/strong> Redu\u00e7\u00e3o estimada de R$ 0,32.<\/li>\n\n\n\n<li>\u200b<strong>Subven\u00e7\u00e3o Econ\u00f4mica:<\/strong> Outros R$ 0,32 provenientes de um aux\u00edlio a produtores e importadores para garantir o abastecimento sem repasses abusivos.<\/li>\n<\/ul>\n\n\n\n<p class=\"wp-block-paragraph\">\u200bPara garantir que o al\u00edvio chegue ao consumidor final, o governo editou um decreto que obriga os postos de combust\u00edveis a exibirem placas informando de forma &#8220;clara e vis\u00edvel&#8221; a redu\u00e7\u00e3o dos tributos federais. A Ag\u00eancia Nacional do Petr\u00f3leo (ANP) e o Minist\u00e9rio da Justi\u00e7a, via Senacon, refor\u00e7ar\u00e3o a fiscaliza\u00e7\u00e3o contra a especula\u00e7\u00e3o de pre\u00e7os.<\/p>\n\n\n\n<h3 class=\"wp-block-heading\">\u200bEngenharia fiscal: O &#8220;imposto de exporta\u00e7\u00e3o&#8221;<\/h3>\n\n\n\n<p class=\"wp-block-paragraph\">\u200bPara n\u00e3o comprometer as contas p\u00fablicas com a ren\u00fancia fiscal (estimada em R$ 30 bilh\u00f5es), o ministro Fernando Haddad anunciou uma compensa\u00e7\u00e3o financeira: a cria\u00e7\u00e3o de um <strong>imposto de exporta\u00e7\u00e3o sobre o petr\u00f3leo bruto<\/strong>, com al\u00edquota de 12%.<\/p>\n\n\n\n<p class=\"wp-block-paragraph\">\u200b&#8221;Estamos fazendo uma engenharia econ\u00f4mica para evitar que os efeitos da irresponsabilidade das guerras cheguem ao povo brasileiro&#8221;, afirmou o presidente Lula durante o an\u00fancio. Segundo a equipe econ\u00f4mica, a medida tem car\u00e1ter regulat\u00f3rio e tempor\u00e1rio, visando manter o equil\u00edbrio fiscal enquanto o cen\u00e1rio internacional permanecer vol\u00e1til.<\/p>\n\n\n\n<h3 class=\"wp-block-heading\">\u200bCen\u00e1rio internacional e riscos<\/h3>\n\n\n\n<p class=\"wp-block-paragraph\">\u200bA guerra no Ir\u00e3 j\u00e1 provocou uma alta m\u00e9dia de 9% no pre\u00e7o do diesel nos postos brasileiros desde o in\u00edcio do m\u00eas, com o Nordeste registrando as maiores eleva\u00e7\u00f5es (acima de 13%). Especialistas alertam que, caso o conflito se estenda e o Ir\u00e3 cumpra a amea\u00e7a de elevar o barril a US$ 200, novas medidas poder\u00e3o ser necess\u00e1rias para proteger o setor de transporte rodovi\u00e1rio, que det\u00e9m 35% de seus custos atrelados ao combust\u00edvel.<\/p>\n\n\n\n<p class=\"wp-block-paragraph\">\u200bPor enquanto, o governo descarta risco de desabastecimento, mas mant\u00e9m o comit\u00ea de crise em alerta m\u00e1ximo para poss\u00edveis novos reajustes da Petrobras caso a cota\u00e7\u00e3o internacional n\u00e3o retroceda.<\/p>\n","protected":false},"excerpt":{"rendered":"<p>\u200bO Governo Federal anunciou, nesta quinta-feira (12 de mar\u00e7o de 2026), um pacote de medidas emergenciais para tentar frear a escalada nos pre\u00e7os dos combust\u00edveis [&#8230;]<\/p>\n","protected":false},"author":1,"featured_media":5644,"comment_status":"open","ping_status":"open","sticky":false,"template":"","format":"standard","meta":{"_crdt_document":"","_jetpack_memberships_contains_paid_content":false,"footnotes":"","jetpack_publicize_message":"","jetpack_publicize_feature_enabled":true,"jetpack_social_post_already_shared":true,"jetpack_social_options":{"image_generator_settings":{"template":"highway","default_image_id":0,"font":"","enabled":false},"version":2}},"categories":[3],"tags":[],"class_list":["post-5642","post","type-post","status-publish","format-standard","has-post-thumbnail","hentry","category-brasil"],"jetpack_publicize_connections":[],"jetpack_featured_media_url":"https:\/\/i0.wp.com\/oexpressobr.com.br\/wp-content\/uploads\/2026\/03\/935804-postos_combustiveis_aumento-750x375-1.jpg?fit=750%2C375&ssl=1","jetpack_likes_enabled":true,"jetpack_sharing_enabled":true,"_links":{"self":[{"href":"https:\/\/oexpressobr.com.br\/index.php?rest_route=\/wp\/v2\/posts\/5642","targetHints":{"allow":["GET"]}}],"collection":[{"href":"https:\/\/oexpressobr.com.br\/index.php?rest_route=\/wp\/v2\/posts"}],"about":[{"href":"https:\/\/oexpressobr.com.br\/index.php?rest_route=\/wp\/v2\/types\/post"}],"author":[{"embeddable":true,"href":"https:\/\/oexpressobr.com.br\/index.php?rest_route=\/wp\/v2\/users\/1"}],"replies":[{"embeddable":true,"href":"https:\/\/oexpressobr.com.br\/index.php?rest_route=%2Fwp%2Fv2%2Fcomments&post=5642"}],"version-history":[{"count":1,"href":"https:\/\/oexpressobr.com.br\/index.php?rest_route=\/wp\/v2\/posts\/5642\/revisions"}],"predecessor-version":[{"id":5645,"href":"https:\/\/oexpressobr.com.br\/index.php?rest_route=\/wp\/v2\/posts\/5642\/revisions\/5645"}],"wp:featuredmedia":[{"embeddable":true,"href":"https:\/\/oexpressobr.com.br\/index.php?rest_route=\/wp\/v2\/media\/5644"}],"wp:attachment":[{"href":"https:\/\/oexpressobr.com.br\/index.php?rest_route=%2Fwp%2Fv2%2Fmedia&parent=5642"}],"wp:term":[{"taxonomy":"category","embeddable":true,"href":"https:\/\/oexpressobr.com.br\/index.php?rest_route=%2Fwp%2Fv2%2Fcategories&post=5642"},{"taxonomy":"post_tag","embeddable":true,"href":"https:\/\/oexpressobr.com.br\/index.php?rest_route=%2Fwp%2Fv2%2Ftags&post=5642"}],"curies":[{"name":"wp","href":"https:\/\/api.w.org\/{rel}","templated":true}]}}