{"id":5646,"date":"2026-03-13T07:02:01","date_gmt":"2026-03-13T10:02:01","guid":{"rendered":"https:\/\/oexpressobr.com.br\/?p=5646"},"modified":"2026-03-13T07:02:12","modified_gmt":"2026-03-13T10:02:12","slug":"requiao-filho-consolida-crescimento-em-pesquisa-e-desponta-para-o-segundo-turno-no-parana","status":"publish","type":"post","link":"https:\/\/oexpressobr.com.br\/?p=5646","title":{"rendered":"Requi\u00e3o Filho consolida crescimento em pesquisa e desponta para o segundo turno no Paran\u00e1"},"content":{"rendered":"\n<p class=\"wp-block-paragraph\">O deputado estadual <strong>Requi\u00e3o Filho (PDT)<\/strong> atingiu um novo patamar de competitividade na corrida pelo governo do Paran\u00e1 em 2026. Segundo levantamento do instituto <strong>Paran\u00e1 Pesquisas<\/strong>, divulgado nesta quinta-feira (12), o parlamentar registrou <strong>26% das inten\u00e7\u00f5es de voto<\/strong> em um dos principais cen\u00e1rios estimulados, consolidando sua posi\u00e7\u00e3o como o nome mais forte para disputar um eventual segundo turno.<\/p>\n\n\n\n<p class=\"wp-block-paragraph\">\u200bO estudo, registrado no TSE sob o n\u00ba PR-06254\/2026, aponta que o projeto pol\u00edtico liderado pelo pedetista vem ganhando tra\u00e7\u00e3o em todo o estado. Requi\u00e3o Filho apresentou um crescimento cont\u00ednuo ao longo do primeiro trimestre de 2026, descolando-se de outros nomes do campo governista e da oposi\u00e7\u00e3o tradicional.<\/p>\n\n\n\n<h3 class=\"wp-block-heading\">\u200bOs n\u00fameros do crescimento<\/h3>\n\n\n\n<p class=\"wp-block-paragraph\">\u200bA pesquisa revela que a estrat\u00e9gia de Requi\u00e3o Filho tem surtido efeito tanto na capital quanto no interior. Em cen\u00e1rios que testam a for\u00e7a das pr\u00e9-candidaturas, ele aparece com uma presen\u00e7a consistente, superando concorrentes diretos que buscam a vaga na etapa final do pleito.<\/p>\n\n\n\n<ul class=\"wp-block-list\">\n<li>\u200b<strong>Pesquisa Estimulada:<\/strong> O deputado alcan\u00e7a <strong>26%<\/strong>, isolando-se na vice-lideran\u00e7a e garantindo, no momento, a vaga no segundo turno.<\/li>\n\n\n\n<li>\u200b<strong>Pesquisa Espont\u00e2nea:<\/strong> O nome de Requi\u00e3o Filho avan\u00e7ou significativamente, demonstrando que sua atua\u00e7\u00e3o na Assembleia Legislativa (Alep) est\u00e1 fixada na mem\u00f3ria do eleitor sem a necessidade de apresenta\u00e7\u00e3o de lista pr\u00e9via.<\/li>\n\n\n\n<li>\u200b<strong>Di\u00e1logo Amplo:<\/strong> O levantamento indica que o parlamentar tem conseguido dialogar com diferentes setores da sociedade paranaense, ampliando sua base para al\u00e9m da milit\u00e2ncia hist\u00f3rica.<\/li>\n<\/ul>\n\n\n\n<p class=\"wp-block-paragraph\"><strong>Metodologia:<\/strong> O instituto ouviu 1.500 eleitores em 55 munic\u00edpios do Paran\u00e1 entre os dias 1\u00ba e 4 de mar\u00e7o de 2026. A margem de erro \u00e9 de 2,6 pontos percentuais, com n\u00edvel de confian\u00e7a de 95%.<\/p>\n\n\n\n<p class=\"wp-block-paragraph\">\u200bO fortalecimento de Requi\u00e3o Filho redesenha o tabuleiro eleitoral paranaense, for\u00e7ando as demais legendas a recalcularem suas alian\u00e7as diante de um cen\u00e1rio que, hoje, aponta para uma decis\u00e3o em dois turnos com o pedetista como pe\u00e7a central.<\/p>\n","protected":false},"excerpt":{"rendered":"<p>O deputado estadual Requi\u00e3o Filho (PDT) atingiu um novo patamar de competitividade na corrida pelo governo do Paran\u00e1 em 2026. Segundo levantamento do instituto Paran\u00e1 [&#8230;]<\/p>\n","protected":false},"author":1,"featured_media":5648,"comment_status":"open","ping_status":"open","sticky":false,"template":"","format":"standard","meta":{"_crdt_document":"","_jetpack_memberships_contains_paid_content":false,"footnotes":"","jetpack_publicize_message":"","jetpack_publicize_feature_enabled":true,"jetpack_social_post_already_shared":true,"jetpack_social_options":{"image_generator_settings":{"template":"highway","default_image_id":0,"font":"","enabled":false},"version":2}},"categories":[5],"tags":[],"class_list":["post-5646","post","type-post","status-publish","format-standard","has-post-thumbnail","hentry","category-parana"],"jetpack_publicize_connections":[],"jetpack_featured_media_url":"https:\/\/i0.wp.com\/oexpressobr.com.br\/wp-content\/uploads\/2026\/03\/FOTO_ORLANDO-KISSNER-scaled.jpg?fit=2560%2C1707&ssl=1","jetpack_likes_enabled":true,"jetpack_sharing_enabled":true,"_links":{"self":[{"href":"https:\/\/oexpressobr.com.br\/index.php?rest_route=\/wp\/v2\/posts\/5646","targetHints":{"allow":["GET"]}}],"collection":[{"href":"https:\/\/oexpressobr.com.br\/index.php?rest_route=\/wp\/v2\/posts"}],"about":[{"href":"https:\/\/oexpressobr.com.br\/index.php?rest_route=\/wp\/v2\/types\/post"}],"author":[{"embeddable":true,"href":"https:\/\/oexpressobr.com.br\/index.php?rest_route=\/wp\/v2\/users\/1"}],"replies":[{"embeddable":true,"href":"https:\/\/oexpressobr.com.br\/index.php?rest_route=%2Fwp%2Fv2%2Fcomments&post=5646"}],"version-history":[{"count":1,"href":"https:\/\/oexpressobr.com.br\/index.php?rest_route=\/wp\/v2\/posts\/5646\/revisions"}],"predecessor-version":[{"id":5649,"href":"https:\/\/oexpressobr.com.br\/index.php?rest_route=\/wp\/v2\/posts\/5646\/revisions\/5649"}],"wp:featuredmedia":[{"embeddable":true,"href":"https:\/\/oexpressobr.com.br\/index.php?rest_route=\/wp\/v2\/media\/5648"}],"wp:attachment":[{"href":"https:\/\/oexpressobr.com.br\/index.php?rest_route=%2Fwp%2Fv2%2Fmedia&parent=5646"}],"wp:term":[{"taxonomy":"category","embeddable":true,"href":"https:\/\/oexpressobr.com.br\/index.php?rest_route=%2Fwp%2Fv2%2Fcategories&post=5646"},{"taxonomy":"post_tag","embeddable":true,"href":"https:\/\/oexpressobr.com.br\/index.php?rest_route=%2Fwp%2Fv2%2Ftags&post=5646"}],"curies":[{"name":"wp","href":"https:\/\/api.w.org\/{rel}","templated":true}]}}