{"id":5650,"date":"2026-03-13T07:12:42","date_gmt":"2026-03-13T10:12:42","guid":{"rendered":"https:\/\/oexpressobr.com.br\/?p=5650"},"modified":"2026-03-13T07:12:49","modified_gmt":"2026-03-13T10:12:49","slug":"setor-produtivo-e-sucessao-estadual-ataques-contra-fiep-antecipam-jogo-politico-de-2026-no-parana","status":"publish","type":"post","link":"https:\/\/oexpressobr.com.br\/?p=5650","title":{"rendered":"Setor produtivo e sucess\u00e3o estadual: ataques contra Fiep antecipam jogo pol\u00edtico de 2026 no Paran\u00e1"},"content":{"rendered":"\n<p class=\"wp-block-paragraph\">\u200bA Federa\u00e7\u00e3o das Ind\u00fastrias do Estado do Paran\u00e1 (Fiep) tornou-se, nos \u00faltimos meses, o novo epicentro da antecipa\u00e7\u00e3o da corrida eleitoral de 2026. O que antes era restrito aos bastidores do Pal\u00e1cio Igua\u00e7u e da Assembleia Legislativa (Alep) agora transborda para as entidades de classe, expondo um racha entre o setor produtivo e as pe\u00e7as do tabuleiro pol\u00edtico liderado pelo governador Ratinho J\u00fanior (PSD).<\/p>\n\n\n\n<p class=\"wp-block-paragraph\">\u200bOs ataques direcionados \u00e0 gest\u00e3o de Edson Vasconcelos \u00e0 frente da Fiep n\u00e3o s\u00e3o vistos apenas como cr\u00edticas administrativas, mas como movimentos estrat\u00e9gicos de grupos que buscam consolidar influ\u00eancia sobre a ind\u00fastria paranaense antes do pleito que definir\u00e1 o sucessor de Ratinho.<\/p>\n\n\n\n<h3 class=\"wp-block-heading\">\u200bO tabuleiro de 2026 e o papel da Fiep<\/h3>\n\n\n\n<p class=\"wp-block-paragraph\">\u200bA movimenta\u00e7\u00e3o ocorre em um momento de extrema ebuli\u00e7\u00e3o. O governador Ratinho J\u00fanior, que mant\u00e9m sua pr\u00e9-candidatura \u00e0 Presid\u00eancia da Rep\u00fablica \u2014 ou, conforme negocia\u00e7\u00f5es recentes, avalia palanques nacionais com o PL \u2014, tenta equilibrar a disputa interna em seu partido. Dentro do PSD, nomes como Alexandre Curi (presidente da Alep) e Guto Silva (secret\u00e1rio das Cidades) disputam a indica\u00e7\u00e3o oficial, enquanto Rafael Greca observa o cen\u00e1rio como uma alternativa de peso.<\/p>\n\n\n\n<p class=\"wp-block-paragraph\">\u200bA Fiep, historicamente uma for\u00e7a pol\u00edtica e econ\u00f4mica, serve como term\u00f4metro e suporte para essas candidaturas. Fontes ligadas ao setor indicam que a &#8220;politiza\u00e7\u00e3o&#8221; da federa\u00e7\u00e3o \u00e9 uma tentativa de desgastar interlocutores que n\u00e3o estejam totalmente alinhados com certas alas governistas ou que mantenham uma postura de independ\u00eancia cr\u00edtica em rela\u00e7\u00e3o a temas sens\u00edveis, como o novo modelo de ped\u00e1gio e a carga tribut\u00e1ria estadual.<\/p>\n\n\n\n<h3 class=\"wp-block-heading\">\u200bTens\u00f5es e novidades recentes<\/h3>\n\n\n\n<p class=\"wp-block-paragraph\">\u200bNas \u00faltimas semanas, o cen\u00e1rio se agravou com a press\u00e3o sobre os partidos de centro-direita no estado. Enquanto Edson Vasconcelos tenta manter o foco na &#8220;agenda da ind\u00fastria&#8221; e na representatividade regional atrav\u00e9s de f\u00f3runs estrat\u00e9gicos, o &#8220;fogo amigo&#8221; e os ataques externos aumentaram.<\/p>\n\n\n\n<ul class=\"wp-block-list\">\n<li>\u200b<strong>Racha no PSD:<\/strong> Alexandre Curi sinalizou recentemente que pode deixar o PSD caso a defini\u00e7\u00e3o do sucessor n\u00e3o ocorra at\u00e9 o fim da janela partid\u00e1ria, o que pressiona as entidades de classe a escolherem um lado.<\/li>\n\n\n\n<li>\u200b<strong>O fator Sergio Moro:<\/strong> Com a rejei\u00e7\u00e3o do PP ao nome de Sergio Moro para o governo e a negativa de Ratinho J\u00fanior em apoiar o senador do Uni\u00e3o Brasil, a disputa pelo apoio das federa\u00e7\u00f5es (Fiep, Faep e Fecom\u00e9rcio) tornou-se ainda mais agressiva. Candidatos buscam na ind\u00fastria a &#8220;musculatura&#8221; que os partidos, isoladamente, podem n\u00e3o garantir.<\/li>\n\n\n\n<li>\u200b<strong>Pauta Econ\u00f4mica vs. Pol\u00edtica:<\/strong> Vasconcelos tem adotado um tom cr\u00edtico em rela\u00e7\u00e3o ao governo federal (especialmente sobre a reforma tribut\u00e1ria e juros), mas tamb\u00e9m mant\u00e9m di\u00e1logos t\u00e9cnicos que desagradam alas mais ideol\u00f3gicas da direita paranaense, que esperavam uma postura de confronto total.<\/li>\n<\/ul>\n\n\n\n<h3 class=\"wp-block-heading\">\u200bO que est\u00e1 em jogo?<\/h3>\n\n\n\n<p class=\"wp-block-paragraph\">\u200bPara o empresariado, o temor \u00e9 que a Fiep seja usada como &#8220;massa de manobra&#8221; eleitoral, perdendo sua capacidade de influenciar pol\u00edticas p\u00fablicas reais em troca de dividendos partid\u00e1rios. Por outro lado, para os pol\u00edticos envolvidos, o controle ou o alinhamento da Federa\u00e7\u00e3o \u00e9 um ativo valioso: significa ter ao lado o PIB do estado e uma rede de comunica\u00e7\u00e3o que alcan\u00e7a todos os munic\u00edpios atrav\u00e9s do Sistema S (Sesi, Senai, IEL).<\/p>\n\n\n\n<p class=\"wp-block-paragraph\">\u200bA conclus\u00e3o entre analistas \u00e9 clara: os ataques contra a atual gest\u00e3o da Fiep s\u00e3o os primeiros tiros de uma guerra que s\u00f3 terminar\u00e1 em outubro de 2026. O &#8220;jogo pol\u00edtico&#8221; n\u00e3o apenas come\u00e7ou, como j\u00e1 ocupou as cadeiras das entidades que deveriam, em tese, estar focadas exclusivamente na economia.<\/p>\n\n\n\n<p class=\"wp-block-paragraph\">\u200b<strong>Principais envolvidos citados:<\/strong><\/p>\n\n\n\n<ul class=\"wp-block-list\">\n<li>\u200b<strong>Edson Vasconcelos:<\/strong> Presidente da Fiep e alvo das movimenta\u00e7\u00f5es.<\/li>\n\n\n\n<li>\u200b<strong>Ratinho J\u00fanior:<\/strong> Governador do Paran\u00e1 e principal articulador do cen\u00e1rio de 2026.<\/li>\n\n\n\n<li>\u200b<strong>Alexandre Curi e Guto Silva:<\/strong> Os principais nomes do PSD na disputa pela sucess\u00e3o.<\/li>\n\n\n\n<li>\u200b<strong>Sergio Moro:<\/strong> Senador que corre por fora e busca espa\u00e7o no setor produtivo.<\/li>\n<\/ul>\n","protected":false},"excerpt":{"rendered":"<p>\u200bA Federa\u00e7\u00e3o das Ind\u00fastrias do Estado do Paran\u00e1 (Fiep) tornou-se, nos \u00faltimos meses, o novo epicentro da antecipa\u00e7\u00e3o da corrida eleitoral de 2026. O que [&#8230;]<\/p>\n","protected":false},"author":1,"featured_media":5652,"comment_status":"open","ping_status":"open","sticky":false,"template":"","format":"standard","meta":{"_crdt_document":"","_jetpack_memberships_contains_paid_content":false,"footnotes":"","jetpack_publicize_message":"","jetpack_publicize_feature_enabled":true,"jetpack_social_post_already_shared":true,"jetpack_social_options":{"image_generator_settings":{"template":"highway","default_image_id":0,"font":"","enabled":false},"version":2}},"categories":[5],"tags":[],"class_list":["post-5650","post","type-post","status-publish","format-standard","has-post-thumbnail","hentry","category-parana"],"jetpack_publicize_connections":[],"jetpack_featured_media_url":"https:\/\/i0.wp.com\/oexpressobr.com.br\/wp-content\/uploads\/2026\/03\/Edson-Vasconcelos-1-1024x683-1.jpg?fit=1024%2C683&ssl=1","jetpack_likes_enabled":true,"jetpack_sharing_enabled":true,"_links":{"self":[{"href":"https:\/\/oexpressobr.com.br\/index.php?rest_route=\/wp\/v2\/posts\/5650","targetHints":{"allow":["GET"]}}],"collection":[{"href":"https:\/\/oexpressobr.com.br\/index.php?rest_route=\/wp\/v2\/posts"}],"about":[{"href":"https:\/\/oexpressobr.com.br\/index.php?rest_route=\/wp\/v2\/types\/post"}],"author":[{"embeddable":true,"href":"https:\/\/oexpressobr.com.br\/index.php?rest_route=\/wp\/v2\/users\/1"}],"replies":[{"embeddable":true,"href":"https:\/\/oexpressobr.com.br\/index.php?rest_route=%2Fwp%2Fv2%2Fcomments&post=5650"}],"version-history":[{"count":1,"href":"https:\/\/oexpressobr.com.br\/index.php?rest_route=\/wp\/v2\/posts\/5650\/revisions"}],"predecessor-version":[{"id":5653,"href":"https:\/\/oexpressobr.com.br\/index.php?rest_route=\/wp\/v2\/posts\/5650\/revisions\/5653"}],"wp:featuredmedia":[{"embeddable":true,"href":"https:\/\/oexpressobr.com.br\/index.php?rest_route=\/wp\/v2\/media\/5652"}],"wp:attachment":[{"href":"https:\/\/oexpressobr.com.br\/index.php?rest_route=%2Fwp%2Fv2%2Fmedia&parent=5650"}],"wp:term":[{"taxonomy":"category","embeddable":true,"href":"https:\/\/oexpressobr.com.br\/index.php?rest_route=%2Fwp%2Fv2%2Fcategories&post=5650"},{"taxonomy":"post_tag","embeddable":true,"href":"https:\/\/oexpressobr.com.br\/index.php?rest_route=%2Fwp%2Fv2%2Ftags&post=5650"}],"curies":[{"name":"wp","href":"https:\/\/api.w.org\/{rel}","templated":true}]}}