{"id":5654,"date":"2026-03-13T07:20:55","date_gmt":"2026-03-13T10:20:55","guid":{"rendered":"https:\/\/oexpressobr.com.br\/?p=5654"},"modified":"2026-03-13T07:21:02","modified_gmt":"2026-03-13T10:21:02","slug":"pesquisa-mostra-guto-silva-atras-de-giacobo-e-racha-no-psd-ameaca-grupo-de-ratinho-junior","status":"publish","type":"post","link":"https:\/\/oexpressobr.com.br\/?p=5654","title":{"rendered":"Pesquisa mostra Guto Silva atr\u00e1s de Giacobo e racha no PSD amea\u00e7a grupo de Ratinho Junior"},"content":{"rendered":"\n<p class=\"wp-block-paragraph\">A corrida pela sucess\u00e3o no Pal\u00e1cio Igua\u00e7u entrou em uma fase de alta voltagem pol\u00edtica nesta semana. Um novo levantamento do instituto <strong>Paran\u00e1 Pesquisas<\/strong>, registrado sob o n\u00famero PR-06254\/2026, revelou que o secret\u00e1rio das Cidades, <strong>Guto Silva<\/strong>, embora seja o nome predileto do governador <strong>Ratinho Junior<\/strong>, enfrenta dificuldades para ganhar musculatura eleitoral, aparecendo numericamente atr\u00e1s do deputado federal <strong>Giacobo<\/strong> (PL) em cen\u00e1rios espec\u00edficos e bem distante dos l\u00edderes da disputa.<\/p>\n\n\n\n<p class=\"wp-block-paragraph\">\u200bO cen\u00e1rio acendeu o alerta no Centro C\u00edvico e deu for\u00e7a \u00e0 articula\u00e7\u00e3o de uma &#8220;terceira via&#8221; interna dentro do grupo governista. O presidente da Assembleia Legislativa, <strong>Alexandre Curi<\/strong>, e o ex-prefeito de Curitiba, <strong>Rafael Greca<\/strong>, observam os n\u00fameros como uma valida\u00e7\u00e3o de que o PSD pode enfrentar um racha se a escolha de Ratinho for imposta sem considerar o desempenho nas pesquisas.<\/p>\n\n\n\n<h3 class=\"wp-block-heading\">\u200bOs n\u00fameros que preocupam o governo<\/h3>\n\n\n\n<p class=\"wp-block-paragraph\">\u200bDe acordo com os dados colhidos entre 1\u00ba e 4 de mar\u00e7o de 2026, Guto Silva amarga \u00edndices baixos em todos os cen\u00e1rios testados:<\/p>\n\n\n\n<ul class=\"wp-block-list\">\n<li>\u200b<strong>No Cen\u00e1rio com Curi:<\/strong> Sergio Moro (Uni\u00e3o) lidera com 44%. Alexandre Curi aparece com 11,3%, enquanto Giacobo (4,5%) e Guto Silva (4,3%) aparecem tecnicamente empatados, mas com o deputado do PL \u00e0 frente.<\/li>\n\n\n\n<li>\u200b<strong>No Cen\u00e1rio com Greca:<\/strong> Moro mant\u00e9m 40,1% e Rafael Greca surge como o nome mais competitivo do grupo de Ratinho, com 19,1%, empatado tecnicamente com Requi\u00e3o Filho (20,4%). Guto Silva segue estacionado na casa dos 4,5%.<\/li>\n<\/ul>\n\n\n\n<h3 class=\"wp-block-heading\">\u200bO &#8220;Plano B&#8221; e a amea\u00e7a de desfilia\u00e7\u00e3o<\/h3>\n\n\n\n<p class=\"wp-block-paragraph\">\u200bA principal novidade nos bastidores \u00e9 a possibilidade real de Alexandre Curi e Rafael Greca buscarem novos ares partid\u00e1rios. Curi j\u00e1 admitiu publicamente que possui convites para se filiar ao <strong>Republicanos<\/strong>, enquanto Greca \u00e9 sondado por legendas como <strong>MDB<\/strong> e <strong>PP<\/strong>.<\/p>\n\n\n\n<p class=\"wp-block-paragraph\">\u200bA estrat\u00e9gia da dupla seria formar uma chapa &#8220;puro-sangue&#8221; de oposi\u00e7\u00e3o interna: Curi ou Greca ao governo, com o outro ocupando a vaga de vice ou a candidatura ao Senado. Essa movimenta\u00e7\u00e3o ganha for\u00e7a diante do prazo final de filia\u00e7\u00e3o partid\u00e1ria, que se encerra em <strong>3 de abril<\/strong>.<\/p>\n\n\n\n<blockquote class=\"wp-block-quote is-layout-flow wp-block-quote-is-layout-flow\">\n<p class=\"wp-block-paragraph\">\u200b&#8221;N\u00e3o temos disposi\u00e7\u00e3o para brigar com o governador, mas o projeto de continuidade precisa de um nome que una o grupo e tenha viabilidade eleitoral&#8221;, afirmam interlocutores da Assembleia Legislativa.<\/p>\n<\/blockquote>\n\n\n\n<h3 class=\"wp-block-heading\">\u200bRatinho Junior e o xadrez nacional<\/h3>\n\n\n\n<p class=\"wp-block-paragraph\">\u200bEnquanto o racha estadual se desenha, o governador Ratinho Junior mant\u00e9m o foco em sua poss\u00edvel candidatura \u00e0 <strong>Presid\u00eancia da Rep\u00fablica<\/strong>. O governador tem evitado antecipar a escolha do sucessor, prometendo uma &#8220;constru\u00e7\u00e3o pol\u00edtica&#8221; para as pr\u00f3ximas semanas. Contudo, a insist\u00eancia em Guto Silva, que deve deixar o cargo na secretaria em abril para se dedicar \u00e0 pr\u00e9-campanha, \u00e9 vista por analistas como um risco que pode entregar o governo de bandeja para <strong>Sergio Moro<\/strong> ou para a oposi\u00e7\u00e3o liderada pelo <strong>PDT<\/strong>.<\/p>\n\n\n\n<p class=\"wp-block-paragraph\">\u200b<strong>Pr\u00f3ximos passos:<\/strong><\/p>\n\n\n\n<p class=\"wp-block-paragraph\">A janela partid\u00e1ria ser\u00e1 o divisor de \u00e1guas. Se at\u00e9 o in\u00edcio de abril Ratinho n\u00e3o sinalizar uma composi\u00e7\u00e3o que inclua Curi e Greca, o PSD poder\u00e1 chegar \u00e0s conven\u00e7\u00f5es de julho fragmentado e com seus principais ativos eleitorais em trincheiras opostas.<\/p>\n","protected":false},"excerpt":{"rendered":"<p>A corrida pela sucess\u00e3o no Pal\u00e1cio Igua\u00e7u entrou em uma fase de alta voltagem pol\u00edtica nesta semana. Um novo levantamento do instituto Paran\u00e1 Pesquisas, registrado [&#8230;]<\/p>\n","protected":false},"author":1,"featured_media":5656,"comment_status":"open","ping_status":"open","sticky":false,"template":"","format":"standard","meta":{"_crdt_document":"","_jetpack_memberships_contains_paid_content":false,"footnotes":"","jetpack_publicize_message":"","jetpack_publicize_feature_enabled":true,"jetpack_social_post_already_shared":true,"jetpack_social_options":{"image_generator_settings":{"template":"highway","default_image_id":0,"font":"","enabled":false},"version":2}},"categories":[5],"tags":[],"class_list":["post-5654","post","type-post","status-publish","format-standard","has-post-thumbnail","hentry","category-parana"],"jetpack_publicize_connections":[],"jetpack_featured_media_url":"https:\/\/i0.wp.com\/oexpressobr.com.br\/wp-content\/uploads\/2026\/03\/WhatsApp-Image-2026-03-12-at-09.02.52.jpeg?fit=1021%2C768&ssl=1","jetpack_likes_enabled":true,"jetpack_sharing_enabled":true,"_links":{"self":[{"href":"https:\/\/oexpressobr.com.br\/index.php?rest_route=\/wp\/v2\/posts\/5654","targetHints":{"allow":["GET"]}}],"collection":[{"href":"https:\/\/oexpressobr.com.br\/index.php?rest_route=\/wp\/v2\/posts"}],"about":[{"href":"https:\/\/oexpressobr.com.br\/index.php?rest_route=\/wp\/v2\/types\/post"}],"author":[{"embeddable":true,"href":"https:\/\/oexpressobr.com.br\/index.php?rest_route=\/wp\/v2\/users\/1"}],"replies":[{"embeddable":true,"href":"https:\/\/oexpressobr.com.br\/index.php?rest_route=%2Fwp%2Fv2%2Fcomments&post=5654"}],"version-history":[{"count":1,"href":"https:\/\/oexpressobr.com.br\/index.php?rest_route=\/wp\/v2\/posts\/5654\/revisions"}],"predecessor-version":[{"id":5657,"href":"https:\/\/oexpressobr.com.br\/index.php?rest_route=\/wp\/v2\/posts\/5654\/revisions\/5657"}],"wp:featuredmedia":[{"embeddable":true,"href":"https:\/\/oexpressobr.com.br\/index.php?rest_route=\/wp\/v2\/media\/5656"}],"wp:attachment":[{"href":"https:\/\/oexpressobr.com.br\/index.php?rest_route=%2Fwp%2Fv2%2Fmedia&parent=5654"}],"wp:term":[{"taxonomy":"category","embeddable":true,"href":"https:\/\/oexpressobr.com.br\/index.php?rest_route=%2Fwp%2Fv2%2Fcategories&post=5654"},{"taxonomy":"post_tag","embeddable":true,"href":"https:\/\/oexpressobr.com.br\/index.php?rest_route=%2Fwp%2Fv2%2Ftags&post=5654"}],"curies":[{"name":"wp","href":"https:\/\/api.w.org\/{rel}","templated":true}]}}