{"id":5658,"date":"2026-03-13T07:27:30","date_gmt":"2026-03-13T10:27:30","guid":{"rendered":"https:\/\/oexpressobr.com.br\/?p=5658"},"modified":"2026-03-13T07:27:37","modified_gmt":"2026-03-13T10:27:37","slug":"pl-e-psd-podem-romper-e-sergio-moro-aparece-como-principal-beneficiario-no-parana","status":"publish","type":"post","link":"https:\/\/oexpressobr.com.br\/?p=5658","title":{"rendered":"PL e PSD podem romper e Sergio Moro aparece como principal benefici\u00e1rio no Paran\u00e1"},"content":{"rendered":"\n<p class=\"wp-block-paragraph\"><strong>Bastidores apontam que racha entre a legenda de Bolsonaro e o grupo de Ratinho J\u00fanior pode isolar o PSD e abrir caminho para a pr\u00e9-candidatura do senador ao governo estadual.<\/strong><\/p>\n\n\n\n<p class=\"wp-block-paragraph\">\u200bA movimenta\u00e7\u00e3o nas placas tect\u00f4nicas da pol\u00edtica paranaense atingiu um novo n\u00edvel de tens\u00e3o nesta semana. O Partido Liberal (PL) amea\u00e7a romper formalmente a alian\u00e7a com o PSD, partido do atual governador Ratinho J\u00fanior, em um movimento que pode reconfigurar totalmente o tabuleiro eleitoral de 2026. O maior beneficiado por esse cen\u00e1rio de instabilidade \u00e9 o senador Sergio Moro (Uni\u00e3o Brasil), que tem consolidado sua lideran\u00e7a em recentes pesquisas de inten\u00e7\u00e3o de voto.<\/p>\n\n\n\n<h3 class=\"wp-block-heading\">\u200bO racha e a press\u00e3o do PL<\/h3>\n\n\n\n<p class=\"wp-block-paragraph\">\u200bO descontentamento do PL tem ra\u00edzes nacionais e locais. De um lado, a ala bolsonarista pressiona por uma postura mais incisiva do PSD contra o governo federal, algo que Ratinho J\u00fanior \u2014 focado em sua pr\u00f3pria viabilidade como nome para o Pal\u00e1cio do Planalto em 2026 \u2014 tem evitado para manter a governabilidade.<\/p>\n\n\n\n<p class=\"wp-block-paragraph\">\u200bNo Paran\u00e1, a insatisfa\u00e7\u00e3o do PL gira em torno da sucess\u00e3o estadual. Enquanto o PSD tenta viabilizar nomes como o prefeito de Curitiba, Rafael Greca, ou o deputado Alexandre Curi, o PL exige protagonismo na chapa. A amea\u00e7a de desembarque do governo estadual coloca a legenda de Jair Bolsonaro em uma rota de colis\u00e3o direta com o grupo palaciano.<\/p>\n\n\n\n<h3 class=\"wp-block-heading\">\u200bSergio Moro: de alvo a aliado potencial?<\/h3>\n\n\n\n<p class=\"wp-block-paragraph\">\u200bA ironia pol\u00edtica do momento \u00e9 o papel de Sergio Moro. Embora o PL tenha sido um dos autores da a\u00e7\u00e3o que tentou cassar o mandato do ex-juiz no ano passado, o cen\u00e1rio atual \u00e9 de &#8220;degelo&#8221;. Informa\u00e7\u00f5es de bastidores indicam que o senador Fl\u00e1vio Bolsonaro (PL) tem mantido di\u00e1logos com Moro, visando uma poss\u00edvel uni\u00e3o contra o avan\u00e7o do PSD e da esquerda no estado.<\/p>\n\n\n\n<p class=\"wp-block-paragraph\">\u200bMoro, que nega inten\u00e7\u00f5es de mudar para o PL e afirma que se manter\u00e1 no Uni\u00e3o Brasil, aparece como o nome a ser batido. Segundo levantamentos recentes do Instituto Paran\u00e1 Pesquisas realizados em mar\u00e7o de 2026, o senador lidera todos os cen\u00e1rios para o governo do Paran\u00e1, atingindo at\u00e9 47% das inten\u00e7\u00f5es de voto. Um rompimento oficial entre PL e PSD deixaria o grupo de Ratinho J\u00fanior sem o tempo de TV e a capilaridade da direita bolsonarista, &#8220;empurrando&#8221; esse eleitorado naturalmente para os bra\u00e7os de Moro.<\/p>\n\n\n\n<h3 class=\"wp-block-heading\">\u200bO que est\u00e1 em jogo<\/h3>\n\n\n\n<p class=\"wp-block-paragraph\">\u200bPara Ratinho J\u00fanior, a manuten\u00e7\u00e3o da alian\u00e7a com o PL \u00e9 crucial para garantir uma sucess\u00e3o tranquila e um palanque s\u00f3lido para sua candidatura presidencial. Para o PL, o racha \u00e9 uma forma de demonstrar for\u00e7a e garantir que o partido n\u00e3o seja apenas um &#8220;coadjuvante de luxo&#8221; no Paran\u00e1.<\/p>\n\n\n\n<p class=\"wp-block-paragraph\">\u200bNo meio desse fogo cruzado, Sergio Moro adota uma postura de cautela p\u00fablica, mas fortalece sua pr\u00e9-candidatura ao governo estadual, classificada por aliados como &#8220;irrevers\u00edvel&#8221;. Se o div\u00f3rcio entre PL e PSD for assinado, o Paran\u00e1 poder\u00e1 ver uma das disputas mais polarizadas da sua hist\u00f3ria, com o ex-juiz da Lava Jato ocupando o v\u00e1cuo deixado pela direita tradicional.<\/p>\n\n\n\n<p class=\"wp-block-paragraph\"><\/p>\n","protected":false},"excerpt":{"rendered":"<p>Bastidores apontam que racha entre a legenda de Bolsonaro e o grupo de Ratinho J\u00fanior pode isolar o PSD e abrir caminho para a pr\u00e9-candidatura [&#8230;]<\/p>\n","protected":false},"author":1,"featured_media":5660,"comment_status":"open","ping_status":"open","sticky":false,"template":"","format":"standard","meta":{"_crdt_document":"","_jetpack_memberships_contains_paid_content":false,"footnotes":"","jetpack_publicize_message":"","jetpack_publicize_feature_enabled":true,"jetpack_social_post_already_shared":true,"jetpack_social_options":{"image_generator_settings":{"template":"highway","default_image_id":0,"font":"","enabled":false},"version":2}},"categories":[5],"tags":[],"class_list":["post-5658","post","type-post","status-publish","format-standard","has-post-thumbnail","hentry","category-parana"],"jetpack_publicize_connections":[],"jetpack_featured_media_url":"https:\/\/i0.wp.com\/oexpressobr.com.br\/wp-content\/uploads\/2026\/03\/WhatsApp-Image-2026-03-12-at-13.39.02.jpeg?fit=888%2C592&ssl=1","jetpack_likes_enabled":true,"jetpack_sharing_enabled":true,"_links":{"self":[{"href":"https:\/\/oexpressobr.com.br\/index.php?rest_route=\/wp\/v2\/posts\/5658","targetHints":{"allow":["GET"]}}],"collection":[{"href":"https:\/\/oexpressobr.com.br\/index.php?rest_route=\/wp\/v2\/posts"}],"about":[{"href":"https:\/\/oexpressobr.com.br\/index.php?rest_route=\/wp\/v2\/types\/post"}],"author":[{"embeddable":true,"href":"https:\/\/oexpressobr.com.br\/index.php?rest_route=\/wp\/v2\/users\/1"}],"replies":[{"embeddable":true,"href":"https:\/\/oexpressobr.com.br\/index.php?rest_route=%2Fwp%2Fv2%2Fcomments&post=5658"}],"version-history":[{"count":1,"href":"https:\/\/oexpressobr.com.br\/index.php?rest_route=\/wp\/v2\/posts\/5658\/revisions"}],"predecessor-version":[{"id":5661,"href":"https:\/\/oexpressobr.com.br\/index.php?rest_route=\/wp\/v2\/posts\/5658\/revisions\/5661"}],"wp:featuredmedia":[{"embeddable":true,"href":"https:\/\/oexpressobr.com.br\/index.php?rest_route=\/wp\/v2\/media\/5660"}],"wp:attachment":[{"href":"https:\/\/oexpressobr.com.br\/index.php?rest_route=%2Fwp%2Fv2%2Fmedia&parent=5658"}],"wp:term":[{"taxonomy":"category","embeddable":true,"href":"https:\/\/oexpressobr.com.br\/index.php?rest_route=%2Fwp%2Fv2%2Fcategories&post=5658"},{"taxonomy":"post_tag","embeddable":true,"href":"https:\/\/oexpressobr.com.br\/index.php?rest_route=%2Fwp%2Fv2%2Ftags&post=5658"}],"curies":[{"name":"wp","href":"https:\/\/api.w.org\/{rel}","templated":true}]}}