{"id":5662,"date":"2026-03-13T07:33:28","date_gmt":"2026-03-13T10:33:28","guid":{"rendered":"https:\/\/oexpressobr.com.br\/?p=5662"},"modified":"2026-03-13T07:33:36","modified_gmt":"2026-03-13T10:33:36","slug":"trf-1-mantem-instalacao-de-porticos-de-pedagio-no-parana-e-deputados-preparam-novas-acoes-para-o-lote-6","status":"publish","type":"post","link":"https:\/\/oexpressobr.com.br\/?p=5662","title":{"rendered":"TRF-1 mant\u00e9m instala\u00e7\u00e3o de p\u00f3rticos de ped\u00e1gio no Paran\u00e1 e deputados preparam novas a\u00e7\u00f5es para o Lote 6"},"content":{"rendered":"\n<p class=\"wp-block-paragraph\">O Tribunal Regional Federal da 1\u00aa Regi\u00e3o (TRF-1) negou, nesta quinta-feira (12), o pedido de liminar protocolado por um grupo de 24 deputados estaduais do Paran\u00e1 que buscava suspender a instala\u00e7\u00e3o dos p\u00f3rticos do sistema <em>free flow<\/em> (ped\u00e1gio eletr\u00f4nico sem cancelas). A decis\u00e3o mant\u00e9m o cronograma das concession\u00e1rias, mas a frente parlamentar contr\u00e1ria ao modelo j\u00e1 anunciou que ir\u00e1 recorrer e prepara uma nova ofensiva jur\u00eddica focada agora no Lote 6 das concess\u00f5es rodovi\u00e1rias.<\/p>\n\n\n\n<p class=\"wp-block-paragraph\">\u200b<strong>A decis\u00e3o judicial e os argumentos em conflito<\/strong><\/p>\n\n\n\n<p class=\"wp-block-paragraph\">\u200bO desembargador respons\u00e1vel pelo caso fundamentou a negativa alegando que a instala\u00e7\u00e3o f\u00edsica das estruturas met\u00e1licas faz parte da etapa preparat\u00f3ria necess\u00e1ria para a implementa\u00e7\u00e3o do sistema e n\u00e3o representa, por si s\u00f3, uma ilegalidade imediata. O magistrado destacou que n\u00e3o h\u00e1, no momento, autoriza\u00e7\u00e3o para a cobran\u00e7a das tarifas, o que afastaria a urg\u00eancia alegada pelos parlamentares.<\/p>\n\n\n\n<p class=\"wp-block-paragraph\">\u200bDo outro lado, o grupo liderado por deputados como Luiz Cl\u00e1udio Romanelli (PSD), Evandro Ara\u00fajo (PSD) e Terc\u00edlio Turini (MDB) sustenta que a instala\u00e7\u00e3o ocorre sem a anu\u00eancia pr\u00e9via da Ag\u00eancia Nacional de Transportes Terrestres (ANTT). Segundo os parlamentares, a ag\u00eancia teria informado formalmente que n\u00e3o autorizou a opera\u00e7\u00e3o dos p\u00f3rticos no Lote 4, que abrange regi\u00f5es do Norte e Noroeste do estado.<\/p>\n\n\n\n<p class=\"wp-block-paragraph\">\u200b<strong>Cr\u00edticas ao modelo e riscos ao usu\u00e1rio<\/strong><\/p>\n\n\n\n<p class=\"wp-block-paragraph\">\u200bA principal preocupa\u00e7\u00e3o dos deputados, detalhada na A\u00e7\u00e3o Popular, \u00e9 a forma de cobran\u00e7a. Eles argumentam que o modelo est\u00e1 sendo desvirtuado: em vez de tarifar proporcionalmente ao quil\u00f4metro rodado \u2014 como prev\u00ea a Lei Federal n\u00ba 14.157\/2021 \u2014, o sistema estaria operando como um &#8220;ped\u00e1gio tradicional disfar\u00e7ado&#8221;, cobrando valores integrais mesmo de quem percorre trechos curtos.<\/p>\n\n\n\n<p class=\"wp-block-paragraph\">\u200bAl\u00e9m disso, foram relatados incidentes operacionais recentes. No Oeste do estado, motoristas j\u00e1 enfrentaram cobran\u00e7as indevidas, como o caso de uma caminhonete que foi tarifada como se fosse um caminh\u00e3o de grande porte. Tais falhas alimentam o argumento de que o sistema carece de maturidade regulat\u00f3ria e t\u00e9cnica.<\/p>\n\n\n\n<p class=\"wp-block-paragraph\">\u200b<strong>Pr\u00f3ximos passos: Lote 6 e recursos<\/strong><\/p>\n\n\n\n<p class=\"wp-block-paragraph\">\u200bCom a negativa para os Lotes 4 e 5, o foco da disputa se desloca para o Lote 6. Os deputados paranaenses confirmaram que entrar\u00e3o com uma nova a\u00e7\u00e3o nos mesmos moldes para tentar barrar a instala\u00e7\u00e3o de p\u00f3rticos nessa regi\u00e3o. Eles tamb\u00e9m pretendem levar o caso ao plen\u00e1rio do TRF-1 atrav\u00e9s de um agravo de instrumento, buscando reverter a decis\u00e3o monocr\u00e1tica.<\/p>\n\n\n\n<p class=\"wp-block-paragraph\">\u200bEnquanto a batalha jur\u00eddica prossegue, as concession\u00e1rias continuam os testes operacionais. A orienta\u00e7\u00e3o para os motoristas que passarem pelos p\u00f3rticos onde a cobran\u00e7a j\u00e1 foi autorizada (como na BR-163) \u00e9 manter o pagamento em dia via TAG ou canais digitais para evitar multas por evas\u00e3o de ped\u00e1gio, que podem chegar a R$ 195,23 e gerar pontos na CNH.<\/p>\n","protected":false},"excerpt":{"rendered":"<p>O Tribunal Regional Federal da 1\u00aa Regi\u00e3o (TRF-1) negou, nesta quinta-feira (12), o pedido de liminar protocolado por um grupo de 24 deputados estaduais do [&#8230;]<\/p>\n","protected":false},"author":1,"featured_media":5664,"comment_status":"open","ping_status":"open","sticky":false,"template":"","format":"standard","meta":{"_crdt_document":"","_jetpack_memberships_contains_paid_content":false,"footnotes":"","jetpack_publicize_message":"","jetpack_publicize_feature_enabled":true,"jetpack_social_post_already_shared":true,"jetpack_social_options":{"image_generator_settings":{"template":"highway","default_image_id":0,"font":"","enabled":false},"version":2}},"categories":[5],"tags":[],"class_list":["post-5662","post","type-post","status-publish","format-standard","has-post-thumbnail","hentry","category-parana"],"jetpack_publicize_connections":[],"jetpack_featured_media_url":"https:\/\/i0.wp.com\/oexpressobr.com.br\/wp-content\/uploads\/2026\/03\/portico.jpg?fit=863%2C485&ssl=1","jetpack_likes_enabled":true,"jetpack_sharing_enabled":true,"_links":{"self":[{"href":"https:\/\/oexpressobr.com.br\/index.php?rest_route=\/wp\/v2\/posts\/5662","targetHints":{"allow":["GET"]}}],"collection":[{"href":"https:\/\/oexpressobr.com.br\/index.php?rest_route=\/wp\/v2\/posts"}],"about":[{"href":"https:\/\/oexpressobr.com.br\/index.php?rest_route=\/wp\/v2\/types\/post"}],"author":[{"embeddable":true,"href":"https:\/\/oexpressobr.com.br\/index.php?rest_route=\/wp\/v2\/users\/1"}],"replies":[{"embeddable":true,"href":"https:\/\/oexpressobr.com.br\/index.php?rest_route=%2Fwp%2Fv2%2Fcomments&post=5662"}],"version-history":[{"count":1,"href":"https:\/\/oexpressobr.com.br\/index.php?rest_route=\/wp\/v2\/posts\/5662\/revisions"}],"predecessor-version":[{"id":5665,"href":"https:\/\/oexpressobr.com.br\/index.php?rest_route=\/wp\/v2\/posts\/5662\/revisions\/5665"}],"wp:featuredmedia":[{"embeddable":true,"href":"https:\/\/oexpressobr.com.br\/index.php?rest_route=\/wp\/v2\/media\/5664"}],"wp:attachment":[{"href":"https:\/\/oexpressobr.com.br\/index.php?rest_route=%2Fwp%2Fv2%2Fmedia&parent=5662"}],"wp:term":[{"taxonomy":"category","embeddable":true,"href":"https:\/\/oexpressobr.com.br\/index.php?rest_route=%2Fwp%2Fv2%2Fcategories&post=5662"},{"taxonomy":"post_tag","embeddable":true,"href":"https:\/\/oexpressobr.com.br\/index.php?rest_route=%2Fwp%2Fv2%2Ftags&post=5662"}],"curies":[{"name":"wp","href":"https:\/\/api.w.org\/{rel}","templated":true}]}}