{"id":5666,"date":"2026-03-13T07:43:55","date_gmt":"2026-03-13T10:43:55","guid":{"rendered":"https:\/\/oexpressobr.com.br\/?p=5666"},"modified":"2026-03-13T07:44:03","modified_gmt":"2026-03-13T10:44:03","slug":"gleisi-hoffmann-e-flavio-bolsonaro-travam-novo-embate-nas-redes-sociais-e-elevam-temperatura-politica","status":"publish","type":"post","link":"https:\/\/oexpressobr.com.br\/?p=5666","title":{"rendered":"Gleisi Hoffmann e Fl\u00e1vio Bolsonaro travam novo embate nas redes sociais e elevam temperatura pol\u00edtica"},"content":{"rendered":"\n<p class=\"wp-block-paragraph\">\u200bO cen\u00e1rio pol\u00edtico brasileiro foi novamente sacudido por uma troca de farpas contundente entre a ministra da Secretaria de Rela\u00e7\u00f5es Institucionais, Gleisi Hoffmann, e o senador Fl\u00e1vio Bolsonaro (PL-RJ). O epis\u00f3dio mais recente desse embate, que tem incendiado as redes sociais, reflete a polariza\u00e7\u00e3o crescente em torno da pr\u00e9-campanha presidencial de 2026, na qual Fl\u00e1vio tem se consolidado como o principal nome da oposi\u00e7\u00e3o para enfrentar o governo Lula.<\/p>\n\n\n\n<h3 class=\"wp-block-heading\">\u200bO estopim do conflito<\/h3>\n\n\n\n<p class=\"wp-block-paragraph\">\u200bO confronto escalou ap\u00f3s Gleisi Hoffmann reagir duramente a cr\u00edticas feitas pelo senador \u00e0 pol\u00edtica externa brasileira. Fl\u00e1vio Bolsonaro utilizou suas redes para condenar a nota do Itamaraty sobre os conflitos no Oriente M\u00e9dio, acusando o governo de ser &#8220;complacente com ditaduras&#8221;. Em resposta, Gleisi afirmou que o senador &#8220;n\u00e3o aprendeu nada&#8221; e que continua pregando &#8220;subservi\u00eancia&#8221; a interesses estrangeiros, especificamente ao ex-presidente dos EUA, Donald Trump.<\/p>\n\n\n\n<p class=\"wp-block-paragraph\">\u200b&#8221;As palavras soberania, multilateralismo e paz n\u00e3o existem no vocabul\u00e1rio de quem prefere atacar o pr\u00f3prio pa\u00eds para agradar l\u00edderes externos&#8221;, disparou a ministra em sua conta oficial no X (antigo Twitter).<\/p>\n\n\n\n<h3 class=\"wp-block-heading\">\u200bContexto de ataques m\u00fatuos<\/h3>\n\n\n\n<p class=\"wp-block-paragraph\">\u200bEste n\u00e3o \u00e9 um incidente isolado. Recentemente, a tens\u00e3o entre os dois pol\u00edticos aumentou devido a outros temas sens\u00edveis:<\/p>\n\n\n\n<ul class=\"wp-block-list\">\n<li>\u200b<strong>Soberania Nacional:<\/strong> Gleisi j\u00e1 havia criticado Fl\u00e1vio anteriormente por sugerir uma interven\u00e7\u00e3o armada dos Estados Unidos para combater o tr\u00e1fico na Ba\u00eda de Guanabara, chamando a proposta de &#8220;atentado \u00e0 soberania&#8221;.<\/li>\n\n\n\n<li>\u200b<strong>Investiga\u00e7\u00f5es e Justi\u00e7a:<\/strong> O senador Fl\u00e1vio Bolsonaro tem intensificado as cr\u00edticas ao governo e ao Judici\u00e1rio, especialmente ap\u00f3s o indiciamento de membros de sua fam\u00edlia e as discuss\u00f5es sobre o &#8220;Caso Master&#8221;. Em contrapartida, Gleisi acusa o cl\u00e3 Bolsonaro de tentar usar a &#8220;vitimiza\u00e7\u00e3o pol\u00edtica&#8221; como estrat\u00e9gia eleitoral.<\/li>\n\n\n\n<li>\u200b<strong>Corrida para 2026:<\/strong> Pesquisas recentes indicam um empate t\u00e9cnico em cen\u00e1rios de segundo turno entre Lula e Fl\u00e1vio Bolsonaro, o que transformou as redes sociais em um campo de batalha estrat\u00e9gico para ambos os lados.<\/li>\n<\/ul>\n\n\n\n<h3 class=\"wp-block-heading\">\u200bImpacto nas redes<\/h3>\n\n\n\n<p class=\"wp-block-paragraph\">\u200bAs postagens da ministra geraram uma onda de rea\u00e7\u00f5es imediatas. Enquanto apoiadores do governo exaltam a postura &#8220;combativa&#8221; de Gleisi na defesa da gest\u00e3o Lula, aliados do senador acusam a ministra de ser &#8220;agressiva&#8221; e de usar o cargo para perseguir opositores. Fl\u00e1vio rebateu as cr\u00edticas afirmando que o governo atual &#8220;transformou o Brasil em uma pocilga internacional&#8221; e que a popula\u00e7\u00e3o sente o peso da economia no dia a dia.<\/p>\n\n\n\n<p class=\"wp-block-paragraph\">\u200bEspecialistas apontam que essa estrat\u00e9gia de &#8220;confronto direto&#8221; deve ser a t\u00f4nica dos pr\u00f3ximos meses. Com a seguran\u00e7a p\u00fablica, a corrup\u00e7\u00e3o e a economia no centro do debate, Gleisi Hoffmann assume o papel de &#8220;escudo&#8221; do Pal\u00e1cio do Planalto, enquanto Fl\u00e1vio Bolsonaro utiliza o engajamento digital para consolidar sua base e desgastar a imagem do governo federal perante o eleitorado conservador.<\/p>\n","protected":false},"excerpt":{"rendered":"<p>\u200bO cen\u00e1rio pol\u00edtico brasileiro foi novamente sacudido por uma troca de farpas contundente entre a ministra da Secretaria de Rela\u00e7\u00f5es Institucionais, Gleisi Hoffmann, e o [&#8230;]<\/p>\n","protected":false},"author":1,"featured_media":5668,"comment_status":"open","ping_status":"open","sticky":false,"template":"","format":"standard","meta":{"_crdt_document":"","_jetpack_memberships_contains_paid_content":false,"footnotes":"","jetpack_publicize_message":"","jetpack_publicize_feature_enabled":true,"jetpack_social_post_already_shared":true,"jetpack_social_options":{"image_generator_settings":{"template":"highway","default_image_id":0,"font":"","enabled":false},"version":2}},"categories":[7],"tags":[],"class_list":["post-5666","post","type-post","status-publish","format-standard","has-post-thumbnail","hentry","category-politica"],"jetpack_publicize_connections":[],"jetpack_featured_media_url":"https:\/\/i0.wp.com\/oexpressobr.com.br\/wp-content\/uploads\/2026\/03\/gleisi-vs-flavio.jpg?fit=1200%2C675&ssl=1","jetpack_likes_enabled":true,"jetpack_sharing_enabled":true,"_links":{"self":[{"href":"https:\/\/oexpressobr.com.br\/index.php?rest_route=\/wp\/v2\/posts\/5666","targetHints":{"allow":["GET"]}}],"collection":[{"href":"https:\/\/oexpressobr.com.br\/index.php?rest_route=\/wp\/v2\/posts"}],"about":[{"href":"https:\/\/oexpressobr.com.br\/index.php?rest_route=\/wp\/v2\/types\/post"}],"author":[{"embeddable":true,"href":"https:\/\/oexpressobr.com.br\/index.php?rest_route=\/wp\/v2\/users\/1"}],"replies":[{"embeddable":true,"href":"https:\/\/oexpressobr.com.br\/index.php?rest_route=%2Fwp%2Fv2%2Fcomments&post=5666"}],"version-history":[{"count":1,"href":"https:\/\/oexpressobr.com.br\/index.php?rest_route=\/wp\/v2\/posts\/5666\/revisions"}],"predecessor-version":[{"id":5669,"href":"https:\/\/oexpressobr.com.br\/index.php?rest_route=\/wp\/v2\/posts\/5666\/revisions\/5669"}],"wp:featuredmedia":[{"embeddable":true,"href":"https:\/\/oexpressobr.com.br\/index.php?rest_route=\/wp\/v2\/media\/5668"}],"wp:attachment":[{"href":"https:\/\/oexpressobr.com.br\/index.php?rest_route=%2Fwp%2Fv2%2Fmedia&parent=5666"}],"wp:term":[{"taxonomy":"category","embeddable":true,"href":"https:\/\/oexpressobr.com.br\/index.php?rest_route=%2Fwp%2Fv2%2Fcategories&post=5666"},{"taxonomy":"post_tag","embeddable":true,"href":"https:\/\/oexpressobr.com.br\/index.php?rest_route=%2Fwp%2Fv2%2Ftags&post=5666"}],"curies":[{"name":"wp","href":"https:\/\/api.w.org\/{rel}","templated":true}]}}