{"id":5670,"date":"2026-03-13T07:56:43","date_gmt":"2026-03-13T10:56:43","guid":{"rendered":"https:\/\/oexpressobr.com.br\/?p=5670"},"modified":"2026-03-13T07:56:52","modified_gmt":"2026-03-13T10:56:52","slug":"greve-na-brose-chega-ao-36o-dia-com-proposta-de-vaquinha-nacional-e-impasse-juridico","status":"publish","type":"post","link":"https:\/\/oexpressobr.com.br\/?p=5670","title":{"rendered":"Greve na Brose chega ao 36\u00ba dia com proposta de vaquinha nacional e impasse jur\u00eddico"},"content":{"rendered":"\n<p class=\"wp-block-paragraph\"><strong>S\u00c3O JOS\u00c9 DOS PINHAIS<\/strong> \u2013 A mobiliza\u00e7\u00e3o dos trabalhadores da Brose do Brasil, em S\u00e3o Jos\u00e9 dos Pinhais, completa nesta sexta-feira 36 dias de paralisa\u00e7\u00e3o sem que haja um horizonte claro de negocia\u00e7\u00e3o por parte da multinacional alem\u00e3. Diante da persist\u00eancia da empresa em n\u00e3o apresentar uma contraproposta satisfat\u00f3ria e da suspens\u00e3o dos pagamentos aos grevistas, o vice-presidente do Sindicato dos Metal\u00fargicos da Grande Curitiba (SMC), Nelson Silva de Souza, conhecido como <em>Nels\u00e3o da For\u00e7a<\/em>, sugeriu a cria\u00e7\u00e3o de uma rede de solidariedade nacional, incluindo uma &#8220;vaquinha&#8221;, para garantir o sustento das fam\u00edlias dos metal\u00fargicos.<\/p>\n\n\n\n<p class=\"wp-block-paragraph\">\u200bA greve, iniciada no dia 28 de janeiro, \u00e9 motivada pela reivindica\u00e7\u00e3o de reajuste salarial, Participa\u00e7\u00e3o nos Lucros e Resultados (PLR) de pelo menos R$ 15 mil, vale-mercado digno e plano de carreira. Atualmente, os oper\u00e1rios denunciam que recebem sal\u00e1rios em torno de R$ 2.500,00, valor significativamente inferior ao praticado por outras empresas do setor de autope\u00e7as na regi\u00e3o.<\/p>\n\n\n\n<h3 class=\"wp-block-heading\">\u200b<strong>Escalada de tens\u00e3o e repress\u00e3o<\/strong><\/h3>\n\n\n\n<p class=\"wp-block-paragraph\">\u200bO movimento tem sido marcado por epis\u00f3dios de viol\u00eancia. No dia 4 de fevereiro, uma interven\u00e7\u00e3o da Pol\u00edcia Militar resultou na deten\u00e7\u00e3o de Nels\u00e3o da For\u00e7a e no uso de agentes qu\u00edmicos contra os manifestantes. V\u00eddeos que circularam nas redes sociais mostraram a trucul\u00eancia policial, o que gerou notas de rep\u00fadio de centrais sindicais e pol\u00edticos, como o deputado Arilson Chiorato e o vereador Angelo Vanhoni.<\/p>\n\n\n\n<p class=\"wp-block-paragraph\">\u200bRecentemente, novos relatos apontam que a PM tem atuado de forma ostensiva para garantir a entrada de trabalhadores tempor\u00e1rios, contratados pela Brose para substituir os grevistas \u2014 pr\u00e1tica que o sindicato classifica como &#8220;antissindical e ilegal&#8221;.<\/p>\n\n\n\n<h3 class=\"wp-block-heading\">\u200b<strong>Fase decisiva nas institui\u00e7\u00f5es<\/strong><\/h3>\n\n\n\n<p class=\"wp-block-paragraph\">\u200bSem di\u00e1logo direto com a diretoria da Brose, o SMC buscou o suporte das institui\u00e7\u00f5es. Na \u00faltima semana, o sindicato solicitou audi\u00eancias na Assembleia Legislativa do Paran\u00e1 (ALEP) e junto ao Governo do Estado para discutir o impasse e a conduta da Pol\u00edcia Militar. Al\u00e9m disso, o caso foi levado \u00e0 Superintend\u00eancia Regional do Trabalho e Emprego (SRTE-PR) para denunciar a contrata\u00e7\u00e3o irregular de &#8220;fura-greves&#8221;.<\/p>\n\n\n\n<p class=\"wp-block-paragraph\">\u200bO presidente do SMC, S\u00e9rgio Butka, refor\u00e7ou que a unidade dos trabalhadores permanece inabal\u00e1vel. \u201cA empresa prefere gastar com seguran\u00e7a e repress\u00e3o do que sentar \u00e0 mesa para negociar o que \u00e9 justo. Mas o apoio que estamos recebendo de sindicatos de todo o pa\u00eds mostra que essa luta n\u00e3o \u00e9 apenas local\u201d, afirmou.<\/p>\n\n\n\n<h3 class=\"wp-block-heading\">\u200b<strong>Pr\u00f3ximos passos<\/strong><\/h3>\n\n\n\n<p class=\"wp-block-paragraph\">\u200bCom o movimento entrando em sua segunda quinzena de mar\u00e7o, os trabalhadores aguardam o julgamento do diss\u00eddio coletivo pelo Tribunal Regional do Trabalho (TRT). Enquanto a decis\u00e3o judicial n\u00e3o sai, a proposta de Nels\u00e3o da For\u00e7a de criar um fundo de amparo ganha for\u00e7a entre as federa\u00e7\u00f5es metal\u00fargicas, visando manter a resist\u00eancia no ch\u00e3o de f\u00e1brica contra o que o consultor sindical Jo\u00e3o Guilherme Vargas Netto descreveu como um &#8220;comportamento intransigente e repressivo&#8221; da multinacional.<\/p>\n","protected":false},"excerpt":{"rendered":"<p>S\u00c3O JOS\u00c9 DOS PINHAIS \u2013 A mobiliza\u00e7\u00e3o dos trabalhadores da Brose do Brasil, em S\u00e3o Jos\u00e9 dos Pinhais, completa nesta sexta-feira 36 dias de paralisa\u00e7\u00e3o [&#8230;]<\/p>\n","protected":false},"author":1,"featured_media":5671,"comment_status":"open","ping_status":"open","sticky":false,"template":"","format":"standard","meta":{"_crdt_document":"","_jetpack_memberships_contains_paid_content":false,"footnotes":"","jetpack_publicize_message":"","jetpack_publicize_feature_enabled":true,"jetpack_social_post_already_shared":true,"jetpack_social_options":{"image_generator_settings":{"template":"highway","default_image_id":0,"font":"","enabled":false},"version":2}},"categories":[5],"tags":[],"class_list":["post-5670","post","type-post","status-publish","format-standard","has-post-thumbnail","hentry","category-parana"],"jetpack_publicize_connections":[],"jetpack_featured_media_url":"https:\/\/i0.wp.com\/oexpressobr.com.br\/wp-content\/uploads\/2026\/03\/1000377048.webp?fit=400%2C266&ssl=1","jetpack_likes_enabled":true,"jetpack_sharing_enabled":true,"_links":{"self":[{"href":"https:\/\/oexpressobr.com.br\/index.php?rest_route=\/wp\/v2\/posts\/5670","targetHints":{"allow":["GET"]}}],"collection":[{"href":"https:\/\/oexpressobr.com.br\/index.php?rest_route=\/wp\/v2\/posts"}],"about":[{"href":"https:\/\/oexpressobr.com.br\/index.php?rest_route=\/wp\/v2\/types\/post"}],"author":[{"embeddable":true,"href":"https:\/\/oexpressobr.com.br\/index.php?rest_route=\/wp\/v2\/users\/1"}],"replies":[{"embeddable":true,"href":"https:\/\/oexpressobr.com.br\/index.php?rest_route=%2Fwp%2Fv2%2Fcomments&post=5670"}],"version-history":[{"count":1,"href":"https:\/\/oexpressobr.com.br\/index.php?rest_route=\/wp\/v2\/posts\/5670\/revisions"}],"predecessor-version":[{"id":5673,"href":"https:\/\/oexpressobr.com.br\/index.php?rest_route=\/wp\/v2\/posts\/5670\/revisions\/5673"}],"wp:featuredmedia":[{"embeddable":true,"href":"https:\/\/oexpressobr.com.br\/index.php?rest_route=\/wp\/v2\/media\/5671"}],"wp:attachment":[{"href":"https:\/\/oexpressobr.com.br\/index.php?rest_route=%2Fwp%2Fv2%2Fmedia&parent=5670"}],"wp:term":[{"taxonomy":"category","embeddable":true,"href":"https:\/\/oexpressobr.com.br\/index.php?rest_route=%2Fwp%2Fv2%2Fcategories&post=5670"},{"taxonomy":"post_tag","embeddable":true,"href":"https:\/\/oexpressobr.com.br\/index.php?rest_route=%2Fwp%2Fv2%2Ftags&post=5670"}],"curies":[{"name":"wp","href":"https:\/\/api.w.org\/{rel}","templated":true}]}}