{"id":5674,"date":"2026-03-13T08:10:10","date_gmt":"2026-03-13T11:10:10","guid":{"rendered":"https:\/\/oexpressobr.com.br\/?p=5674"},"modified":"2026-03-13T08:10:18","modified_gmt":"2026-03-13T11:10:18","slug":"contrato-da-celepar-sob-suspeita-programa-olho-vivo-de-ratinho-jr-pode-saltar-para-r-500-milhoes","status":"publish","type":"post","link":"https:\/\/oexpressobr.com.br\/?p=5674","title":{"rendered":"Contrato da Celepar sob suspeita: programa Olho Vivo de Ratinho Jr. pode saltar para R$ 500 milh\u00f5es"},"content":{"rendered":"\n<p class=\"wp-block-paragraph\">O Governo do Paran\u00e1 est\u00e1 no centro de uma nova controv\u00e9rsia envolvendo a gest\u00e3o de dados e seguran\u00e7a p\u00fablica. O L\u00edder da Oposi\u00e7\u00e3o na Assembleia Legislativa (Alep), deputado Arilson Chiorato (PT), protocolou nesta semana um pedido oficial de informa\u00e7\u00f5es exigindo esclarecimentos sobre o programa de videomonitoramento &#8220;Olho Vivo&#8221;. Segundo a den\u00fancia, um contrato firmado via Celepar, inicialmente estimado em R$ 50 milh\u00f5es, pode atingir o montante de quase R$ 500 milh\u00f5es ap\u00f3s a inclus\u00e3o de aditivos.<\/p>\n\n\n\n<p class=\"wp-block-paragraph\">\u200bO parlamentar aponta uma suposta manobra t\u00e9cnica e jur\u00eddica na execu\u00e7\u00e3o do projeto. De acordo com Chiorato, o contrato original teria sido estabelecido com a gigante de tecnologia <strong>Google<\/strong>, sob a justificativa de fornecimento de softwares administrativos e ferramentas gerenciais. No entanto, o objeto do contrato teria sido ampliado para permitir a instala\u00e7\u00e3o de c\u00e2meras de vigil\u00e2ncia nos munic\u00edpios paranaenses, o que elevou exponencialmente os custos previstos.<\/p>\n\n\n\n<p class=\"wp-block-paragraph\">\u200b<strong>A pol\u00eamica da Paladium Corp<\/strong><\/p>\n\n\n\n<p class=\"wp-block-paragraph\">Um dos pontos centrais da den\u00fancia \u00e9 a participa\u00e7\u00e3o da empresa <strong>Paladium Corp<\/strong>. Segundo o deputado, embora o contrato oficial cite o Google, a execu\u00e7\u00e3o pr\u00e1tica estaria sendo conduzida por esta empresa, que teria sido aberta no Brasil apenas em 2024. A oposi\u00e7\u00e3o questiona a transpar\u00eancia do processo e a exist\u00eancia de uma licita\u00e7\u00e3o adequada para essa triangula\u00e7\u00e3o de servi\u00e7os.<\/p>\n\n\n\n<p class=\"wp-block-paragraph\">\u200b<strong>O que diz o Governo e os desdobramentos<\/strong><\/p>\n\n\n\n<p class=\"wp-block-paragraph\">Em resposta \u00e0s cr\u00edticas no plen\u00e1rio, a base governista, representada pelo l\u00edder do Governo na Alep, Hussein Bakri, afirmou que o programa &#8220;Olho Vivo&#8221; ainda est\u00e1 em fase inicial e que, at\u00e9 o momento, nenhum repasse financeiro teria sido realizado. Segundo o Executivo, a iniciativa funcionar\u00e1 por meio de conv\u00eanios com as prefeituras interessadas.<\/p>\n\n\n\n<p class=\"wp-block-paragraph\">\u200bContudo, a press\u00e3o sobre a gest\u00e3o tecnol\u00f3gica do estado aumentou. Recentemente, o Tribunal de Contas do Estado (TCE-PR) tamb\u00e9m cobrou explica\u00e7\u00f5es sobre um contrato de R$ 438,7 milh\u00f5es entre a Secretaria de Seguran\u00e7a P\u00fablica (Sesp) e a Celepar, buscando entender se h\u00e1 sobreposi\u00e7\u00e3o de servi\u00e7os ou irregularidades no armazenamento de dados sens\u00edveis.<\/p>\n\n\n\n<p class=\"wp-block-paragraph\">\u200bO pedido de informa\u00e7\u00f5es de Arilson Chiorato foca em quatro pilares fundamentais:<\/p>\n\n\n\n<ol class=\"wp-block-list\">\n<li>\u200bIdentifica\u00e7\u00e3o clara da empresa contratada e o papel exato da Paladium Corp;<\/li>\n\n\n\n<li>\u200bComprova\u00e7\u00e3o de processo licitat\u00f3rio ou justificativa legal para a dispensa;<\/li>\n\n\n\n<li>\u200bValor total atualizado do programa ap\u00f3s os aditivos;<\/li>\n\n\n\n<li>\u200bProtocolos de seguran\u00e7a e privacidade das imagens capturadas dos cidad\u00e3os paranaenses.<\/li>\n<\/ol>\n\n\n\n<p class=\"wp-block-paragraph\">\u200bO caso ganha contornos ainda mais complexos devido ao processo de desestatiza\u00e7\u00e3o da Celepar, que enfrenta resist\u00eancia judicial e pol\u00edtica na Alep sob alega\u00e7\u00f5es de risco \u00e0 soberania digital do estado.<\/p>\n","protected":false},"excerpt":{"rendered":"<p>O Governo do Paran\u00e1 est\u00e1 no centro de uma nova controv\u00e9rsia envolvendo a gest\u00e3o de dados e seguran\u00e7a p\u00fablica. O L\u00edder da Oposi\u00e7\u00e3o na Assembleia [&#8230;]<\/p>\n","protected":false},"author":1,"featured_media":5676,"comment_status":"open","ping_status":"open","sticky":false,"template":"","format":"standard","meta":{"_crdt_document":"","_jetpack_memberships_contains_paid_content":false,"footnotes":"","jetpack_publicize_message":"","jetpack_publicize_feature_enabled":true,"jetpack_social_post_already_shared":true,"jetpack_social_options":{"image_generator_settings":{"template":"highway","default_image_id":0,"font":"","enabled":false},"version":2}},"categories":[5],"tags":[],"class_list":["post-5674","post","type-post","status-publish","format-standard","has-post-thumbnail","hentry","category-parana"],"jetpack_publicize_connections":[],"jetpack_featured_media_url":"https:\/\/i0.wp.com\/oexpressobr.com.br\/wp-content\/uploads\/2026\/03\/IMG-20260312-WA0247.jpg?fit=2047%2C2560&ssl=1","jetpack_likes_enabled":true,"jetpack_sharing_enabled":true,"_links":{"self":[{"href":"https:\/\/oexpressobr.com.br\/index.php?rest_route=\/wp\/v2\/posts\/5674","targetHints":{"allow":["GET"]}}],"collection":[{"href":"https:\/\/oexpressobr.com.br\/index.php?rest_route=\/wp\/v2\/posts"}],"about":[{"href":"https:\/\/oexpressobr.com.br\/index.php?rest_route=\/wp\/v2\/types\/post"}],"author":[{"embeddable":true,"href":"https:\/\/oexpressobr.com.br\/index.php?rest_route=\/wp\/v2\/users\/1"}],"replies":[{"embeddable":true,"href":"https:\/\/oexpressobr.com.br\/index.php?rest_route=%2Fwp%2Fv2%2Fcomments&post=5674"}],"version-history":[{"count":1,"href":"https:\/\/oexpressobr.com.br\/index.php?rest_route=\/wp\/v2\/posts\/5674\/revisions"}],"predecessor-version":[{"id":5677,"href":"https:\/\/oexpressobr.com.br\/index.php?rest_route=\/wp\/v2\/posts\/5674\/revisions\/5677"}],"wp:featuredmedia":[{"embeddable":true,"href":"https:\/\/oexpressobr.com.br\/index.php?rest_route=\/wp\/v2\/media\/5676"}],"wp:attachment":[{"href":"https:\/\/oexpressobr.com.br\/index.php?rest_route=%2Fwp%2Fv2%2Fmedia&parent=5674"}],"wp:term":[{"taxonomy":"category","embeddable":true,"href":"https:\/\/oexpressobr.com.br\/index.php?rest_route=%2Fwp%2Fv2%2Fcategories&post=5674"},{"taxonomy":"post_tag","embeddable":true,"href":"https:\/\/oexpressobr.com.br\/index.php?rest_route=%2Fwp%2Fv2%2Ftags&post=5674"}],"curies":[{"name":"wp","href":"https:\/\/api.w.org\/{rel}","templated":true}]}}