{"id":5686,"date":"2026-03-13T08:43:30","date_gmt":"2026-03-13T11:43:30","guid":{"rendered":"https:\/\/oexpressobr.com.br\/?p=5686"},"modified":"2026-03-13T08:43:39","modified_gmt":"2026-03-13T11:43:39","slug":"prefeitura-e-amtech-lancam-jornada-impulso-com-diogo-becker-do-nubank-para-acelerar-startups-em-maringa","status":"publish","type":"post","link":"https:\/\/oexpressobr.com.br\/?p=5686","title":{"rendered":"Prefeitura e Amtech lan\u00e7am Jornada Impulso com Diogo Becker do Nubank para acelerar startups em Maring\u00e1"},"content":{"rendered":"\n<p class=\"wp-block-paragraph\">Maring\u00e1<\/p>\n\n\n\n<p class=\"wp-block-paragraph\">\u200bA Prefeitura de Maring\u00e1, por meio da Ag\u00eancia Maring\u00e1 de Tecnologia e Inova\u00e7\u00e3o (Amtech), d\u00e1 um passo decisivo para consolidar a cidade como um dos principais polos tecnol\u00f3gicos do Sul do Brasil. No dia 24 de mar\u00e7o, \u00e0s 18h, ser\u00e1 lan\u00e7ada oficialmente a <strong>Jornada Empreendedora Impulso Maring\u00e1<\/strong>, um programa ambicioso que oferecer\u00e1 384 horas de capacita\u00e7\u00e3o e consultoria gratuita para empreendedores e startups locais.<\/p>\n\n\n\n<p class=\"wp-block-paragraph\">\u200bO evento de lan\u00e7amento, que ocorre na sede da Amtech (piso superior do Terminal Urbano), ter\u00e1 como destaque a palestra \u201cA Nova Era da Inova\u00e7\u00e3o: como transformar ideias em neg\u00f3cios de sucesso\u201d, ministrada por <strong>Diogo Becker<\/strong>, gerente de produtos do Nubank. Becker trar\u00e1 sua experi\u00eancia na maior fintech da Am\u00e9rica Latina para inspirar os participantes sobre escalabilidade e cultura de inova\u00e7\u00e3o.<\/p>\n\n\n\n<p class=\"wp-block-paragraph\">\u200b<strong>Investimento e estrutura do programa<\/strong><\/p>\n\n\n\n<p class=\"wp-block-paragraph\">Com um investimento aproximado de R$ 194 mil, a Jornada Impulso n\u00e3o \u00e9 apenas um evento isolado, mas uma trilha de desenvolvimento. Recentemente, a Amtech tamb\u00e9m anunciou a cria\u00e7\u00e3o de uma <strong>Rede Municipal de Mentores Volunt\u00e1rios<\/strong>, conectando especialistas de todo o pa\u00eds a neg\u00f3cios maringaenses em \u00e1reas como marketing, finan\u00e7as, tecnologia e jur\u00eddico.<\/p>\n\n\n\n<p class=\"wp-block-paragraph\">\u200bO programa chega em um momento estrat\u00e9gico: Maring\u00e1 foi recentemente reconhecida como a 7\u00aa cidade mais inteligente do Brasil e a 2\u00aa do Paran\u00e1 em n\u00famero de startups mapeadas, somando mais de 170 neg\u00f3cios inovadores ativos. O objetivo da prefeitura \u00e9 fornecer as ferramentas necess\u00e1rias para que esses projetos saiam do papel ou ganhem escala de mercado.<\/p>\n\n\n\n<p class=\"wp-block-paragraph\">\u200b<strong>Como participar<\/strong><\/p>\n\n\n\n<p class=\"wp-block-paragraph\">As inscri\u00e7\u00f5es para o evento de lan\u00e7amento s\u00e3o gratuitas, mas as vagas s\u00e3o limitadas a 120 participantes. Os interessados devem realizar o cadastro at\u00e9 o dia 20 de mar\u00e7o atrav\u00e9s do formul\u00e1rio online dispon\u00edvel no portal oficial da Prefeitura de Maring\u00e1.<\/p>\n\n\n\n<p class=\"wp-block-paragraph\">\u200b<strong>Servi\u00e7o:<\/strong><\/p>\n\n\n\n<ul class=\"wp-block-list\">\n<li>\u200b<strong>Evento:<\/strong> Lan\u00e7amento da Jornada Empreendedora Impulso Maring\u00e1<\/li>\n\n\n\n<li>\u200b<strong>Data:<\/strong> 24 de mar\u00e7o (ter\u00e7a-feira)<\/li>\n\n\n\n<li>\u200b<strong>Hor\u00e1rio:<\/strong> 18h<\/li>\n\n\n\n<li>\u200b<strong>Local:<\/strong> Sede da Amtech (Terminal Urbano &#8211; Piso Superior)<\/li>\n\n\n\n<li>\u200b<strong>Inscri\u00e7\u00f5es:<\/strong> No site da Prefeitura de Maring\u00e1 at\u00e9 20\/03.<\/li>\n<\/ul>\n","protected":false},"excerpt":{"rendered":"<p>Maring\u00e1 \u200bA Prefeitura de Maring\u00e1, por meio da Ag\u00eancia Maring\u00e1 de Tecnologia e Inova\u00e7\u00e3o (Amtech), d\u00e1 um passo decisivo para consolidar a cidade como um [&#8230;]<\/p>\n","protected":false},"author":1,"featured_media":5688,"comment_status":"open","ping_status":"open","sticky":false,"template":"","format":"standard","meta":{"_crdt_document":"","_jetpack_memberships_contains_paid_content":false,"footnotes":"","jetpack_publicize_message":"","jetpack_publicize_feature_enabled":true,"jetpack_social_post_already_shared":true,"jetpack_social_options":{"image_generator_settings":{"template":"highway","default_image_id":0,"font":"","enabled":false},"version":2}},"categories":[4],"tags":[],"class_list":["post-5686","post","type-post","status-publish","format-standard","has-post-thumbnail","hentry","category-maringa"],"jetpack_publicize_connections":[],"jetpack_featured_media_url":"https:\/\/i0.wp.com\/oexpressobr.com.br\/wp-content\/uploads\/2026\/03\/IMG-20260312-WA0242.jpg?fit=1600%2C1066&ssl=1","jetpack_likes_enabled":true,"jetpack_sharing_enabled":true,"_links":{"self":[{"href":"https:\/\/oexpressobr.com.br\/index.php?rest_route=\/wp\/v2\/posts\/5686","targetHints":{"allow":["GET"]}}],"collection":[{"href":"https:\/\/oexpressobr.com.br\/index.php?rest_route=\/wp\/v2\/posts"}],"about":[{"href":"https:\/\/oexpressobr.com.br\/index.php?rest_route=\/wp\/v2\/types\/post"}],"author":[{"embeddable":true,"href":"https:\/\/oexpressobr.com.br\/index.php?rest_route=\/wp\/v2\/users\/1"}],"replies":[{"embeddable":true,"href":"https:\/\/oexpressobr.com.br\/index.php?rest_route=%2Fwp%2Fv2%2Fcomments&post=5686"}],"version-history":[{"count":1,"href":"https:\/\/oexpressobr.com.br\/index.php?rest_route=\/wp\/v2\/posts\/5686\/revisions"}],"predecessor-version":[{"id":5689,"href":"https:\/\/oexpressobr.com.br\/index.php?rest_route=\/wp\/v2\/posts\/5686\/revisions\/5689"}],"wp:featuredmedia":[{"embeddable":true,"href":"https:\/\/oexpressobr.com.br\/index.php?rest_route=\/wp\/v2\/media\/5688"}],"wp:attachment":[{"href":"https:\/\/oexpressobr.com.br\/index.php?rest_route=%2Fwp%2Fv2%2Fmedia&parent=5686"}],"wp:term":[{"taxonomy":"category","embeddable":true,"href":"https:\/\/oexpressobr.com.br\/index.php?rest_route=%2Fwp%2Fv2%2Fcategories&post=5686"},{"taxonomy":"post_tag","embeddable":true,"href":"https:\/\/oexpressobr.com.br\/index.php?rest_route=%2Fwp%2Fv2%2Ftags&post=5686"}],"curies":[{"name":"wp","href":"https:\/\/api.w.org\/{rel}","templated":true}]}}