{"id":5691,"date":"2026-03-13T15:51:56","date_gmt":"2026-03-13T18:51:56","guid":{"rendered":"https:\/\/oexpressobr.com.br\/?p=5691"},"modified":"2026-03-13T15:52:04","modified_gmt":"2026-03-13T18:52:04","slug":"nelsao-da-forca-cobra-trt9-e-convoca-assembleia-decisiva-apos-protesto","status":"publish","type":"post","link":"https:\/\/oexpressobr.com.br\/?p=5691","title":{"rendered":"Nels\u00e3o da For\u00e7a cobra TRT9 e convoca assembleia decisiva ap\u00f3s protesto"},"content":{"rendered":"\n<p class=\"wp-block-paragraph\">\u200bA crise trabalhista na multinacional Brose, em S\u00e3o Jos\u00e9 dos Pinhais, ganhou novos cap\u00edtulos de tens\u00e3o nesta semana. Ap\u00f3s uma s\u00e9rie de manifesta\u00e7\u00f5es que levaram os trabalhadores ao Pal\u00e1cio Igua\u00e7u, sede do Governo do Estado, o l\u00edder sindical Nelson Silva de Souza, o &#8220;Nels\u00e3o da For\u00e7a&#8221;, vice-presidente do Sindicato dos Metal\u00fargicos da Grande Curitiba (SMC), intensificou a press\u00e3o jur\u00eddica e pol\u00edtica para resolver o impasse que j\u00e1 ultrapassa 40 dias de paralisa\u00e7\u00e3o.<\/p>\n\n\n\n<p class=\"wp-block-paragraph\">\u200bNels\u00e3o esteve no Tribunal Regional do Trabalho da 9\u00aa Regi\u00e3o (TRT9) para cobrar agilidade no julgamento do diss\u00eddio coletivo. A categoria recorreu \u00e0 justi\u00e7a ap\u00f3s sucessivas tentativas frustradas de negocia\u00e7\u00e3o direta com a empresa. Os trabalhadores reivindicam melhorias no vale-mercado (atualmente em R$ 500,00), a implementa\u00e7\u00e3o de um plano de cargos e sal\u00e1rios e uma Participa\u00e7\u00e3o nos Lucros e Resultados (PLR) condizente com o setor automotivo da regi\u00e3o.<\/p>\n\n\n\n<p class=\"wp-block-paragraph\">\u200bO movimento ganhou contornos dram\u00e1ticos nas \u00faltimas semanas, com den\u00fancias de trucul\u00eancia policial e pr\u00e1ticas antissindicais. O pr\u00f3prio Nels\u00e3o chegou a ser detido durante um confronto com a Pol\u00edcia Militar na porta da f\u00e1brica no in\u00edcio de fevereiro, o que gerou notas de rep\u00fadio de diversas centrais sindicais (CUT, For\u00e7a Sindical, UGT, entre outras) e levou o debate para a Assembleia Legislativa do Paran\u00e1 (ALEP).<\/p>\n\n\n\n<p class=\"wp-block-paragraph\">\u200b<strong>Assembleia decisiva na segunda-feira<\/strong><\/p>\n\n\n\n<p class=\"wp-block-paragraph\">\u200bDiante da falta de uma proposta satisfat\u00f3ria por parte da multinacional alem\u00e3, o sindicato convocou todos os trabalhadores para uma assembleia geral decisiva. O encontro est\u00e1 marcado para a pr\u00f3xima segunda-feira, \u00e0s 5 horas da manh\u00e3, diretamente na porta da f\u00e1brica, em S\u00e3o Jos\u00e9 dos Pinhais.<\/p>\n\n\n\n<p class=\"wp-block-paragraph\">\u200bA expectativa \u00e9 que o comando de greve apresente as \u00faltimas atualiza\u00e7\u00f5es jur\u00eddicas do TRT9 e delibere sobre os pr\u00f3ximos passos da mobiliza\u00e7\u00e3o. &#8220;O recado foi dado no Pal\u00e1cio Igua\u00e7u e agora a cobran\u00e7a \u00e9 no Tribunal. N\u00e3o aceitaremos menos do que a dignidade para esses pais e m\u00e3es de fam\u00edlia&#8221;, afirmou a lideran\u00e7a sindical em comunicados recentes.<\/p>\n\n\n\n<p class=\"wp-block-paragraph\">\u200bA greve na Brose \u00e9 considerada uma das mais longas e resistentes do setor metal\u00fargico na Regi\u00e3o Metropolitana de Curitiba nos \u00faltimos anos, afetando diretamente a cadeia de suprimentos de grandes montadoras instaladas no estado.<\/p>\n","protected":false},"excerpt":{"rendered":"<p>\u200bA crise trabalhista na multinacional Brose, em S\u00e3o Jos\u00e9 dos Pinhais, ganhou novos cap\u00edtulos de tens\u00e3o nesta semana. Ap\u00f3s uma s\u00e9rie de manifesta\u00e7\u00f5es que levaram [&#8230;]<\/p>\n","protected":false},"author":1,"featured_media":5693,"comment_status":"open","ping_status":"open","sticky":false,"template":"","format":"standard","meta":{"_crdt_document":"","_jetpack_memberships_contains_paid_content":false,"footnotes":"","jetpack_publicize_message":"","jetpack_publicize_feature_enabled":true,"jetpack_social_post_already_shared":true,"jetpack_social_options":{"image_generator_settings":{"template":"highway","default_image_id":0,"font":"","enabled":false},"version":2}},"categories":[5],"tags":[],"class_list":["post-5691","post","type-post","status-publish","format-standard","has-post-thumbnail","hentry","category-parana"],"jetpack_publicize_connections":[],"jetpack_featured_media_url":"https:\/\/i0.wp.com\/oexpressobr.com.br\/wp-content\/uploads\/2026\/03\/1000378994.jpg?fit=1536%2C1024&ssl=1","jetpack_likes_enabled":true,"jetpack_sharing_enabled":true,"_links":{"self":[{"href":"https:\/\/oexpressobr.com.br\/index.php?rest_route=\/wp\/v2\/posts\/5691","targetHints":{"allow":["GET"]}}],"collection":[{"href":"https:\/\/oexpressobr.com.br\/index.php?rest_route=\/wp\/v2\/posts"}],"about":[{"href":"https:\/\/oexpressobr.com.br\/index.php?rest_route=\/wp\/v2\/types\/post"}],"author":[{"embeddable":true,"href":"https:\/\/oexpressobr.com.br\/index.php?rest_route=\/wp\/v2\/users\/1"}],"replies":[{"embeddable":true,"href":"https:\/\/oexpressobr.com.br\/index.php?rest_route=%2Fwp%2Fv2%2Fcomments&post=5691"}],"version-history":[{"count":1,"href":"https:\/\/oexpressobr.com.br\/index.php?rest_route=\/wp\/v2\/posts\/5691\/revisions"}],"predecessor-version":[{"id":5694,"href":"https:\/\/oexpressobr.com.br\/index.php?rest_route=\/wp\/v2\/posts\/5691\/revisions\/5694"}],"wp:featuredmedia":[{"embeddable":true,"href":"https:\/\/oexpressobr.com.br\/index.php?rest_route=\/wp\/v2\/media\/5693"}],"wp:attachment":[{"href":"https:\/\/oexpressobr.com.br\/index.php?rest_route=%2Fwp%2Fv2%2Fmedia&parent=5691"}],"wp:term":[{"taxonomy":"category","embeddable":true,"href":"https:\/\/oexpressobr.com.br\/index.php?rest_route=%2Fwp%2Fv2%2Fcategories&post=5691"},{"taxonomy":"post_tag","embeddable":true,"href":"https:\/\/oexpressobr.com.br\/index.php?rest_route=%2Fwp%2Fv2%2Ftags&post=5691"}],"curies":[{"name":"wp","href":"https:\/\/api.w.org\/{rel}","templated":true}]}}