{"id":5695,"date":"2026-03-13T16:10:59","date_gmt":"2026-03-13T19:10:59","guid":{"rendered":"https:\/\/oexpressobr.com.br\/?p=5695"},"modified":"2026-03-13T16:11:13","modified_gmt":"2026-03-13T19:11:13","slug":"policia-militar-e-renato-freitas-protagonizam-novo-atrito-em-curitiba","status":"publish","type":"post","link":"https:\/\/oexpressobr.com.br\/?p=5695","title":{"rendered":"Pol\u00edcia Militar e Renato Freitas protagonizam novo atrito em Curitiba"},"content":{"rendered":"\n<p class=\"wp-block-paragraph\">O deputado estadual <strong>Renato Freitas (PT)<\/strong> utilizou suas redes sociais para denunciar o que classificou como uma tentativa de intimida\u00e7\u00e3o por parte da <strong>Pol\u00edcia Militar do Paran\u00e1 (PMPR)<\/strong>. O epis\u00f3dio ocorreu no cal\u00e7ad\u00e3o da Rua XV de Novembro, no centro de Curitiba, em frente \u00e0 nova sede do N\u00facleo Perif\u00e9rico, organiza\u00e7\u00e3o voltada ao suporte de popula\u00e7\u00f5es vulner\u00e1veis.<\/p>\n\n\n\n<p class=\"wp-block-paragraph\">\u200bSegundo o parlamentar, a abordagem teria sido motivada por um motivo inusitado: o grupo de pessoas que o acompanhava estaria, supostamente, <strong>&#8220;encarando a viatura&#8221;<\/strong>.<\/p>\n\n\n\n<h3 class=\"wp-block-heading\">\u200bO relato do parlamentar<\/h3>\n\n\n\n<p class=\"wp-block-paragraph\">\u200bEm v\u00eddeo publicado no Instagram, Freitas detalhou a intera\u00e7\u00e3o com os agentes. De acordo com o deputado, a viatura parou e um policial proferiu amea\u00e7as de dentro do ve\u00edculo.<\/p>\n\n\n\n<blockquote class=\"wp-block-quote is-layout-flow wp-block-quote-is-layout-flow\">\n<p class=\"wp-block-paragraph\">\u200b&#8221;V\u00ea s\u00f3 se tem sentido, a gente conversando de boa, at\u00e9 que somos abordados por um policial nos amea\u00e7ando porque, segundo ele, est\u00e1vamos &#8216;encarando a viatura'&#8221;, relatou Freitas.<\/p>\n<\/blockquote>\n\n\n\n<p class=\"wp-block-paragraph\">\u200bO parlamentar enfatizou o recorte racial e social da abordagem, sugerindo que o tratamento seria diferente caso o grupo fosse composto por pessoas brancas de classe m\u00e9dia. Freitas reiterou que o olhar dos cidad\u00e3os para as viaturas foi interpretado como um ato de desafio devido ao preconceito institucional.<\/p>\n\n\n\n<h3 class=\"wp-block-heading\">\u200bHist\u00f3rico de conflitos<\/h3>\n\n\n\n<p class=\"wp-block-paragraph\">\u200bEste n\u00e3o \u00e9 o primeiro embate entre Renato Freitas e as for\u00e7as de seguran\u00e7a do estado. O deputado, que tem sua base pol\u00edtica pautada no combate ao racismo e na reforma do sistema prisional e policial, j\u00e1 protagonizou outros epis\u00f3dios de tens\u00e3o:<\/p>\n\n\n\n<ul class=\"wp-block-list\">\n<li>\u200b<strong>Abordagens anteriores:<\/strong> Freitas j\u00e1 denunciou revistas em aeroportos e abordagens em espa\u00e7os p\u00fablicos que considerou abusivas.<\/li>\n\n\n\n<li>\u200b<strong>Cr\u00edticas \u00e0 PMPR:<\/strong> O parlamentar \u00e9 um cr\u00edtico recorrente da &#8220;l\u00f3gica militar&#8221; no policiamento ostensivo, defendendo uma abordagem mais voltada aos direitos humanos.<\/li>\n<\/ul>\n\n\n\n<h3 class=\"wp-block-heading\">\u200bPosicionamentos e desdobramentos<\/h3>\n\n\n\n<p class=\"wp-block-paragraph\">\u200bAt\u00e9 o momento, a Pol\u00edcia Militar do Paran\u00e1 mant\u00e9m a postura de que as abordagens s\u00e3o realizadas dentro da legalidade e baseadas na &#8220;atitude suspeita&#8221;, conceito frequentemente contestado por movimentos sociais por sua subjetividade.<\/p>\n\n\n\n<p class=\"wp-block-paragraph\">\u200bO deputado afirmou que relembrou os agentes de que a corpora\u00e7\u00e3o deve servi\u00e7o \u00e0 popula\u00e7\u00e3o. &#8220;Relembrei ele de duas coisas: primeiro que ele n\u00e3o \u00e9 Deus, segundo que somos cidad\u00e3os&#8221;, concluiu. O caso deve ser acompanhado pela Comiss\u00e3o de Direitos Humanos da Assembleia Legislativa do Paran\u00e1 (ALEP).<\/p>\n","protected":false},"excerpt":{"rendered":"<p>O deputado estadual Renato Freitas (PT) utilizou suas redes sociais para denunciar o que classificou como uma tentativa de intimida\u00e7\u00e3o por parte da Pol\u00edcia Militar [&#8230;]<\/p>\n","protected":false},"author":1,"featured_media":5697,"comment_status":"open","ping_status":"open","sticky":false,"template":"","format":"standard","meta":{"_crdt_document":"","_jetpack_memberships_contains_paid_content":false,"footnotes":"","jetpack_publicize_message":"","jetpack_publicize_feature_enabled":true,"jetpack_social_post_already_shared":true,"jetpack_social_options":{"image_generator_settings":{"template":"highway","default_image_id":0,"font":"","enabled":false},"version":2}},"categories":[5],"tags":[],"class_list":["post-5695","post","type-post","status-publish","format-standard","has-post-thumbnail","hentry","category-parana"],"jetpack_publicize_connections":[],"jetpack_featured_media_url":"https:\/\/i0.wp.com\/oexpressobr.com.br\/wp-content\/uploads\/2026\/03\/images1.jpg?fit=588%2C435&ssl=1","jetpack_likes_enabled":true,"jetpack_sharing_enabled":true,"_links":{"self":[{"href":"https:\/\/oexpressobr.com.br\/index.php?rest_route=\/wp\/v2\/posts\/5695","targetHints":{"allow":["GET"]}}],"collection":[{"href":"https:\/\/oexpressobr.com.br\/index.php?rest_route=\/wp\/v2\/posts"}],"about":[{"href":"https:\/\/oexpressobr.com.br\/index.php?rest_route=\/wp\/v2\/types\/post"}],"author":[{"embeddable":true,"href":"https:\/\/oexpressobr.com.br\/index.php?rest_route=\/wp\/v2\/users\/1"}],"replies":[{"embeddable":true,"href":"https:\/\/oexpressobr.com.br\/index.php?rest_route=%2Fwp%2Fv2%2Fcomments&post=5695"}],"version-history":[{"count":1,"href":"https:\/\/oexpressobr.com.br\/index.php?rest_route=\/wp\/v2\/posts\/5695\/revisions"}],"predecessor-version":[{"id":5698,"href":"https:\/\/oexpressobr.com.br\/index.php?rest_route=\/wp\/v2\/posts\/5695\/revisions\/5698"}],"wp:featuredmedia":[{"embeddable":true,"href":"https:\/\/oexpressobr.com.br\/index.php?rest_route=\/wp\/v2\/media\/5697"}],"wp:attachment":[{"href":"https:\/\/oexpressobr.com.br\/index.php?rest_route=%2Fwp%2Fv2%2Fmedia&parent=5695"}],"wp:term":[{"taxonomy":"category","embeddable":true,"href":"https:\/\/oexpressobr.com.br\/index.php?rest_route=%2Fwp%2Fv2%2Fcategories&post=5695"},{"taxonomy":"post_tag","embeddable":true,"href":"https:\/\/oexpressobr.com.br\/index.php?rest_route=%2Fwp%2Fv2%2Ftags&post=5695"}],"curies":[{"name":"wp","href":"https:\/\/api.w.org\/{rel}","templated":true}]}}