{"id":570,"date":"2025-12-11T07:57:51","date_gmt":"2025-12-11T10:57:51","guid":{"rendered":"https:\/\/oexpressobr.com.br\/?p=570"},"modified":"2025-12-11T07:57:56","modified_gmt":"2025-12-11T10:57:56","slug":"beto-richa-absolvido-dallagnol-e-moro-sob-investigacao-reversao-de-papeis-na-lava-jato","status":"publish","type":"post","link":"https:\/\/oexpressobr.com.br\/?p=570","title":{"rendered":"Beto Richa Absolvido, Dallagnol e Moro Sob Investiga\u00e7\u00e3o: Revers\u00e3o de Pap\u00e9is na Lava Jato"},"content":{"rendered":"\n<p class=\"wp-block-paragraph\">Beto Richa, ex-governador do Paran\u00e1, recentemente <strong>absolvido<\/strong> de acusa\u00e7\u00f5es que o levaram \u00e0 pris\u00e3o, v\u00ea agora um cen\u00e1rio de <strong>revers\u00e3o de pap\u00e9is<\/strong> no \u00e2mbito das investiga\u00e7\u00f5es da Opera\u00e7\u00e3o Lava Jato. As acusa\u00e7\u00f5es que resultaram em sua deten\u00e7\u00e3o foram feitas por Deltan Dallagnol, \u00e0 \u00e9poca coordenador da for\u00e7a-tarefa em Curitiba. Agora, a conduta de Dallagnol e do ex-juiz Sergio Moro (atualmente senador) est\u00e1 sob intenso escrut\u00ednio.<\/p>\n\n\n\n<p class=\"wp-block-paragraph\">\u200bA absolvi\u00e7\u00e3o de Richa em diversos processos \u2013 incluindo o caso que motivou a pris\u00e3o em 2018 \u2013 sublinha uma das cr\u00edticas centrais feitas \u00e0 Lava Jato: a fragilidade das provas e a possibilidade de excessos na condu\u00e7\u00e3o das investiga\u00e7\u00f5es.<\/p>\n\n\n\n<p class=\"wp-block-paragraph\">\u200bCom o avan\u00e7o das apura\u00e7\u00f5es sobre a atua\u00e7\u00e3o da for\u00e7a-tarefa, especialmente ap\u00f3s a anula\u00e7\u00e3o de provas pela Suprema Corte em diversos casos e a revela\u00e7\u00e3o do material da <strong>Vaza Jato<\/strong>, come\u00e7am a surgir ind\u00edcios de pr\u00e1ticas que levantaram s\u00e9rias d\u00favidas sobre a imparcialidade e a legalidade das a\u00e7\u00f5es de Moro e Dallagnol.<\/p>\n\n\n\n<h3 class=\"wp-block-heading\">\u200b\ud83d\udd0e O Escrut\u00ednio sobre os Agentes da Lava Jato<\/h3>\n\n\n\n<p class=\"wp-block-paragraph\">\u200bAs principais novidades sobre o tema apontam para desdobramentos significativos:<\/p>\n\n\n\n<ul class=\"wp-block-list\">\n<li>\u200b<strong>Anula\u00e7\u00e3o e Suspei\u00e7\u00e3o:<\/strong> A decis\u00e3o do Supremo Tribunal Federal (STF) que declarou o ex-juiz Sergio Moro <strong>parcial<\/strong> na condena\u00e7\u00e3o do presidente Luiz In\u00e1cio Lula da Silva abriu precedentes para a revis\u00e3o de outros processos. O uso de provas consideradas il\u00edcitas ou a condu\u00e7\u00e3o de processos em desacordo com as garantias legais tem sido um fator crucial para a anula\u00e7\u00e3o de condena\u00e7\u00f5es.<\/li>\n\n\n\n<li>\u200b<strong>A\u00e7\u00f5es de Improbidade e Processos Disciplinares:<\/strong> Deltan Dallagnol, que teve seu mandato de deputado cassado pelo Tribunal Superior Eleitoral (TSE) por fraude \u00e0 lei eleitoral, \u00e9 alvo de diversas a\u00e7\u00f5es de improbidade e processos disciplinares relacionados \u00e0 sua atua\u00e7\u00e3o como procurador, incluindo a suspeita de uso indevido do cargo e de recursos p\u00fablicos.<\/li>\n\n\n\n<li>\u200b<strong>Inqu\u00e9ritos no STF e PGR:<\/strong> Sergio Moro tamb\u00e9m \u00e9 alvo de inqu\u00e9ritos no Supremo, e a Procuradoria-Geral da Rep\u00fablica (PGR) investiga a conduta de procuradores da Lava Jato com base no material da Vaza Jato, que revelou di\u00e1logos indicando a coordena\u00e7\u00e3o de a\u00e7\u00f5es entre acusa\u00e7\u00e3o e julgamento.<\/li>\n<\/ul>\n\n\n\n<h3 class=\"wp-block-heading\">\u200b\ud83d\udd04 A Virada na Opini\u00e3o P\u00fablica<\/h3>\n\n\n\n<p class=\"wp-block-paragraph\">\u200bO caso de Beto Richa, que saiu da condi\u00e7\u00e3o de r\u00e9u preso para a de absolvido, espelha uma mudan\u00e7a na percep\u00e7\u00e3o sobre a Lava Jato. Inicialmente vista como o maior esfor\u00e7o anticorrup\u00e7\u00e3o do pa\u00eds, a opera\u00e7\u00e3o passou a ser criticada por seus m\u00e9todos, o que culminou na declara\u00e7\u00e3o de suspei\u00e7\u00e3o de Moro e na cassa\u00e7\u00e3o de Dallagnol. A situa\u00e7\u00e3o de Richa, portanto, se torna um s\u00edmbolo da <strong>judicializa\u00e7\u00e3o da pol\u00edtica<\/strong> e da necessidade de reequil\u00edbrio entre o combate \u00e0 corrup\u00e7\u00e3o e o respeito irrestrito ao devido processo legal.<\/p>\n\n\n\n<p class=\"wp-block-paragraph\">\u200bAs novas investiga\u00e7\u00f5es buscam determinar se houve <strong>abuso de autoridade<\/strong>, persegui\u00e7\u00e3o pol\u00edtica e desvio de finalidade por parte dos envolvidos na for\u00e7a-tarefa, consolidando a ideia de que a justi\u00e7a deve ser aplicada a todos, inclusive \u00e0queles que a administram.<\/p>\n","protected":false},"excerpt":{"rendered":"<p>Beto Richa, ex-governador do Paran\u00e1, recentemente absolvido de acusa\u00e7\u00f5es que o levaram \u00e0 pris\u00e3o, v\u00ea agora um cen\u00e1rio de revers\u00e3o de pap\u00e9is no \u00e2mbito das [&#8230;]<\/p>\n","protected":false},"author":1,"featured_media":571,"comment_status":"open","ping_status":"open","sticky":false,"template":"","format":"standard","meta":{"_crdt_document":"","_jetpack_memberships_contains_paid_content":false,"footnotes":"","jetpack_publicize_message":"","jetpack_publicize_feature_enabled":true,"jetpack_social_post_already_shared":false,"jetpack_social_options":{"image_generator_settings":{"template":"highway","default_image_id":0,"font":"","enabled":false},"version":2}},"categories":[5],"tags":[],"class_list":["post-570","post","type-post","status-publish","format-standard","has-post-thumbnail","hentry","category-parana"],"jetpack_publicize_connections":[],"jetpack_featured_media_url":"https:\/\/i0.wp.com\/oexpressobr.com.br\/wp-content\/uploads\/2025\/12\/30D61F14-0B9D-4A6D-B3D6-BB56FA3B8481.jpeg?fit=2045%2C1167&ssl=1","jetpack_likes_enabled":true,"jetpack_sharing_enabled":true,"_links":{"self":[{"href":"https:\/\/oexpressobr.com.br\/index.php?rest_route=\/wp\/v2\/posts\/570","targetHints":{"allow":["GET"]}}],"collection":[{"href":"https:\/\/oexpressobr.com.br\/index.php?rest_route=\/wp\/v2\/posts"}],"about":[{"href":"https:\/\/oexpressobr.com.br\/index.php?rest_route=\/wp\/v2\/types\/post"}],"author":[{"embeddable":true,"href":"https:\/\/oexpressobr.com.br\/index.php?rest_route=\/wp\/v2\/users\/1"}],"replies":[{"embeddable":true,"href":"https:\/\/oexpressobr.com.br\/index.php?rest_route=%2Fwp%2Fv2%2Fcomments&post=570"}],"version-history":[{"count":0,"href":"https:\/\/oexpressobr.com.br\/index.php?rest_route=\/wp\/v2\/posts\/570\/revisions"}],"wp:featuredmedia":[{"embeddable":true,"href":"https:\/\/oexpressobr.com.br\/index.php?rest_route=\/wp\/v2\/media\/571"}],"wp:attachment":[{"href":"https:\/\/oexpressobr.com.br\/index.php?rest_route=%2Fwp%2Fv2%2Fmedia&parent=570"}],"wp:term":[{"taxonomy":"category","embeddable":true,"href":"https:\/\/oexpressobr.com.br\/index.php?rest_route=%2Fwp%2Fv2%2Fcategories&post=570"},{"taxonomy":"post_tag","embeddable":true,"href":"https:\/\/oexpressobr.com.br\/index.php?rest_route=%2Fwp%2Fv2%2Ftags&post=570"}],"curies":[{"name":"wp","href":"https:\/\/api.w.org\/{rel}","templated":true}]}}