{"id":5708,"date":"2026-03-13T16:38:42","date_gmt":"2026-03-13T19:38:42","guid":{"rendered":"https:\/\/oexpressobr.com.br\/?p=5708"},"modified":"2026-03-13T16:39:06","modified_gmt":"2026-03-13T19:39:06","slug":"sesp-pr-detalha-cela-de-ex-assessor-de-bolsonaro-em-ponta-grossa","status":"publish","type":"post","link":"https:\/\/oexpressobr.com.br\/?p=5708","title":{"rendered":"Sesp-PR detalha cela de ex-assessor de Bolsonaro em Ponta Grossa"},"content":{"rendered":"\n<p class=\"wp-block-paragraph\">A Secretaria da Seguran\u00e7a P\u00fablica do Paran\u00e1 (Sesp-PR) divulgou nesta semana detalhes e imagens da estrutura onde o ex-assessor especial da Presid\u00eancia, <strong>Filipe Martins<\/strong>, cumpre sua pena. A medida atende a uma determina\u00e7\u00e3o do ministro <strong>Alexandre de Moraes<\/strong>, do Supremo Tribunal Federal (STF), que solicitou uma vistoria rigorosa ap\u00f3s movimenta\u00e7\u00f5es administrativas controversas sobre a cust\u00f3dia do preso.<\/p>\n\n\n\n<h3 class=\"wp-block-heading\">\u200bIsolamento e estrutura da cela<\/h3>\n\n\n\n<p class=\"wp-block-paragraph\">\u200bDe acordo com o relat\u00f3rio oficial e as imagens disponibilizadas, Martins ocupa uma cela de <strong>6 m\u00b2<\/strong> na Cadeia P\u00fablica Hildebrando de Souza, em Ponta Grossa. O espa\u00e7o, descrito como uma estrutura rec\u00e9m-constru\u00edda, oferece condi\u00e7\u00f5es de isolamento dos demais detentos do sistema comum.<\/p>\n\n\n\n<p class=\"wp-block-paragraph\">\u200bOs principais itens que comp\u00f5em a cela incluem:<\/p>\n\n\n\n<ul class=\"wp-block-list\">\n<li>\u200b<strong>Mobili\u00e1rio:<\/strong> Cama em formato de beliche, mesa e cadeira para leitura ou escrita.<\/li>\n\n\n\n<li>\u200b<strong>Comodidades:<\/strong> Televis\u00e3o de 20 polegadas e ventilador \u2014 ambos itens fornecidos pela fam\u00edlia do detento, conforme permite o regulamento interno.<\/li>\n\n\n\n<li>\u200b<strong>Higiene:<\/strong> Banheiro privativo com chuveiro individual.<\/li>\n\n\n\n<li>\u200b<strong>Rotina:<\/strong> O banho de sol \u00e9 realizado em uma \u00e1rea anexa \u00e0 cela, garantindo que o ex-assessor n\u00e3o tenha contato com a massa carcer\u00e1ria.<\/li>\n<\/ul>\n\n\n\n<h3 class=\"wp-block-heading\">\u200bO bra\u00e7o de ferro judicial<\/h3>\n\n\n\n<p class=\"wp-block-paragraph\">\u200bA perman\u00eancia de Martins em Ponta Grossa foi reafirmada por Moraes ap\u00f3s o ex-assessor ter sido transferido para o Complexo M\u00e9dico Penal (CMP) de Curitiba sem o aval do STF. O ministro classificou a movimenta\u00e7\u00e3o como irregular e determinou o retorno imediato \u00e0 unidade de origem.<\/p>\n\n\n\n<p class=\"wp-block-paragraph\">\u200bA defesa de Filipe Martins \u2014 que foi condenado a <strong>21 anos de pris\u00e3o<\/strong> por tentativa de golpe de Estado e organiza\u00e7\u00e3o criminosa \u2014 tentou reverter a decis\u00e3o, argumentando que a transfer\u00eancia era um ato administrativo t\u00e9cnico da gest\u00e3o penitenci\u00e1ria estadual. No entanto, o recurso foi negado na \u00faltima sexta-feira (6).<\/p>\n\n\n\n<h3 class=\"wp-block-heading\">\u200bContexto das condena\u00e7\u00f5es<\/h3>\n\n\n\n<p class=\"wp-block-paragraph\">\u200bFilipe Martins \u00e9 apontado pela Pol\u00edcia Federal como um dos articuladores da chamada &#8220;minuta do golpe&#8221;. Al\u00e9m dele, outros nomes pr\u00f3ximos ao ex-presidente Jair Bolsonaro, como o coronel <strong>Marcelo C\u00e2mara<\/strong>, tamb\u00e9m seguem sob cust\u00f3dia preventiva ou definitiva por descumprirem medidas cautelares ou por envolvimento direto nos atos que visavam impedir a posse do presidente Luiz In\u00e1cio Lula da Silva em 2023.<\/p>\n","protected":false},"excerpt":{"rendered":"<p>A Secretaria da Seguran\u00e7a P\u00fablica do Paran\u00e1 (Sesp-PR) divulgou nesta semana detalhes e imagens da estrutura onde o ex-assessor especial da Presid\u00eancia, Filipe Martins, cumpre [&#8230;]<\/p>\n","protected":false},"author":1,"featured_media":5710,"comment_status":"open","ping_status":"open","sticky":false,"template":"","format":"standard","meta":{"_crdt_document":"","_jetpack_memberships_contains_paid_content":false,"footnotes":"","jetpack_publicize_message":"","jetpack_publicize_feature_enabled":true,"jetpack_social_post_already_shared":true,"jetpack_social_options":{"image_generator_settings":{"template":"highway","default_image_id":0,"font":"","enabled":false},"version":2}},"categories":[5],"tags":[],"class_list":["post-5708","post","type-post","status-publish","format-standard","has-post-thumbnail","hentry","category-parana"],"jetpack_publicize_connections":[],"jetpack_featured_media_url":"https:\/\/i0.wp.com\/oexpressobr.com.br\/wp-content\/uploads\/2026\/03\/g1-23-.jpeg?fit=984%2C553&ssl=1","jetpack_likes_enabled":true,"jetpack_sharing_enabled":true,"_links":{"self":[{"href":"https:\/\/oexpressobr.com.br\/index.php?rest_route=\/wp\/v2\/posts\/5708","targetHints":{"allow":["GET"]}}],"collection":[{"href":"https:\/\/oexpressobr.com.br\/index.php?rest_route=\/wp\/v2\/posts"}],"about":[{"href":"https:\/\/oexpressobr.com.br\/index.php?rest_route=\/wp\/v2\/types\/post"}],"author":[{"embeddable":true,"href":"https:\/\/oexpressobr.com.br\/index.php?rest_route=\/wp\/v2\/users\/1"}],"replies":[{"embeddable":true,"href":"https:\/\/oexpressobr.com.br\/index.php?rest_route=%2Fwp%2Fv2%2Fcomments&post=5708"}],"version-history":[{"count":1,"href":"https:\/\/oexpressobr.com.br\/index.php?rest_route=\/wp\/v2\/posts\/5708\/revisions"}],"predecessor-version":[{"id":5711,"href":"https:\/\/oexpressobr.com.br\/index.php?rest_route=\/wp\/v2\/posts\/5708\/revisions\/5711"}],"wp:featuredmedia":[{"embeddable":true,"href":"https:\/\/oexpressobr.com.br\/index.php?rest_route=\/wp\/v2\/media\/5710"}],"wp:attachment":[{"href":"https:\/\/oexpressobr.com.br\/index.php?rest_route=%2Fwp%2Fv2%2Fmedia&parent=5708"}],"wp:term":[{"taxonomy":"category","embeddable":true,"href":"https:\/\/oexpressobr.com.br\/index.php?rest_route=%2Fwp%2Fv2%2Fcategories&post=5708"},{"taxonomy":"post_tag","embeddable":true,"href":"https:\/\/oexpressobr.com.br\/index.php?rest_route=%2Fwp%2Fv2%2Ftags&post=5708"}],"curies":[{"name":"wp","href":"https:\/\/api.w.org\/{rel}","templated":true}]}}