{"id":5715,"date":"2026-03-13T16:50:50","date_gmt":"2026-03-13T19:50:50","guid":{"rendered":"https:\/\/oexpressobr.com.br\/?p=5715"},"modified":"2026-03-13T16:50:58","modified_gmt":"2026-03-13T19:50:58","slug":"lula-proibe-assessor-de-trump-de-entrar-no-brasil-ate-que-eua-liberem-vistos-de-padilha-e-familia","status":"publish","type":"post","link":"https:\/\/oexpressobr.com.br\/?p=5715","title":{"rendered":"Lula pro\u00edbe assessor de Trump de entrar no Brasil at\u00e9 que EUA liberem vistos de Padilha e fam\u00edlia"},"content":{"rendered":"\n<p class=\"wp-block-paragraph\">Em um novo cap\u00edtulo de tens\u00e3o diplom\u00e1tica entre Bras\u00edlia e Washington, o presidente <strong>Luiz In\u00e1cio Lula da Silva<\/strong> anunciou nesta sexta-feira (13 de mar\u00e7o de 2026) a revoga\u00e7\u00e3o do visto de <strong>Darren Beattie<\/strong>, assessor s\u00eanior do governo de <strong>Donald Trump<\/strong>. A medida foi confirmada pelo <strong>Itamaraty<\/strong> e ocorre em repres\u00e1lia direta \u00e0s restri\u00e7\u00f5es impostas pelos Estados Unidos ao ministro da Sa\u00fade, <strong>Alexandre Padilha<\/strong>, e seus familiares.<\/p>\n\n\n\n<h3 class=\"wp-block-heading\">\u200bReciprocidade diplom\u00e1tica e &#8220;inger\u00eancia&#8221;<\/h3>\n\n\n\n<p class=\"wp-block-paragraph\">\u200bA decis\u00e3o foi tornada p\u00fablica por Lula durante a inaugura\u00e7\u00e3o de um novo setor no Hospital Federal do Andara\u00ed, no Rio de Janeiro. Em tom enf\u00e1tico, o presidente vinculou a entrada do funcion\u00e1rio americano \u00e0 normaliza\u00e7\u00e3o da situa\u00e7\u00e3o migrat\u00f3ria de seu ministro.<\/p>\n\n\n\n<blockquote class=\"wp-block-quote is-layout-flow wp-block-quote-is-layout-flow\">\n<p class=\"wp-block-paragraph\">\u200b&#8221;Aquele cara americano que disse que vinha para c\u00e1 visitar o Jair Bolsonaro foi proibido de visitar e eu o proibi de vir ao Brasil enquanto n\u00e3o liberar os vistos do meu ministro da Sa\u00fade, que est\u00e3o bloqueados&#8221;, declarou Lula.<\/p>\n<\/blockquote>\n\n\n\n<p class=\"wp-block-paragraph\">\u200b<strong>Os principais pontos do impasse:<\/strong><\/p>\n\n\n\n<ul class=\"wp-block-list\">\n<li>\u200b<strong>A retalia\u00e7\u00e3o:<\/strong> Em 2025, o governo Trump cancelou os vistos da esposa e da filha de 10 anos de Alexandre Padilha. O visto do pr\u00f3prio ministro n\u00e3o foi cancelado na \u00e9poca apenas por j\u00e1 estar vencido, mas ele enfrenta severas restri\u00e7\u00f5es de circula\u00e7\u00e3o em solo americano.<\/li>\n\n\n\n<li>\u200b<strong>A visita negada:<\/strong> Darren Beattie pretendia visitar o ex-presidente <strong>Jair Bolsonaro<\/strong>, que cumpre pena no Complexo da Papuda. O pedido de visita foi negado pelo ministro <strong>Alexandre de Moraes<\/strong> (STF), ap\u00f3s o Itamaraty alertar que o encontro poderia configurar &#8220;indevida inger\u00eancia&#8221; em assuntos internos brasileiros.<\/li>\n\n\n\n<li>\u200b<strong>Omiss\u00e3o de informa\u00e7\u00f5es:<\/strong> Al\u00e9m da quest\u00e3o pol\u00edtica, o Itamaraty justificou a revoga\u00e7\u00e3o do visto de Beattie apontando &#8220;omiss\u00e3o e falseamento de informa\u00e7\u00f5es&#8221; sobre o real prop\u00f3sito da viagem na solicita\u00e7\u00e3o oficial feita em Washington.<\/li>\n<\/ul>\n\n\n\n<h3 class=\"wp-block-heading\">\u200bContexto das san\u00e7\u00f5es americanas<\/h3>\n\n\n\n<p class=\"wp-block-paragraph\">\u200bO governo Trump tem imposto san\u00e7\u00f5es a autoridades brasileiras ligadas ao programa <strong>Mais M\u00e9dicos<\/strong>, alegando que a iniciativa violava legisla\u00e7\u00f5es internacionais. Padilha, um dos idealizadores do programa no governo Dilma Rousseff, tornou-se alvo preferencial dessas medidas. Recentemente, mesmo com visto concedido para agendas na ONU, o ministro teve sua movimenta\u00e7\u00e3o limitada a apenas cinco blocos ao redor da sede da organiza\u00e7\u00e3o em Nova York.<\/p>\n\n\n\n<p class=\"wp-block-paragraph\">O Itamaraty refor\u00e7ou que a soberania nacional e o princ\u00edpio da reciprocidade guiar\u00e3o as pr\u00f3ximas etapas dessa crise. At\u00e9 o momento, o Departamento de Estado americano n\u00e3o se manifestou oficialmente sobre a barreira imposta ao seu assessor.<\/p>\n","protected":false},"excerpt":{"rendered":"<p>Em um novo cap\u00edtulo de tens\u00e3o diplom\u00e1tica entre Bras\u00edlia e Washington, o presidente Luiz In\u00e1cio Lula da Silva anunciou nesta sexta-feira (13 de mar\u00e7o de [&#8230;]<\/p>\n","protected":false},"author":1,"featured_media":5717,"comment_status":"open","ping_status":"open","sticky":false,"template":"","format":"standard","meta":{"_crdt_document":"","_jetpack_memberships_contains_paid_content":false,"footnotes":"","jetpack_publicize_message":"","jetpack_publicize_feature_enabled":true,"jetpack_social_post_already_shared":true,"jetpack_social_options":{"image_generator_settings":{"template":"highway","default_image_id":0,"font":"","enabled":false},"version":2}},"categories":[3],"tags":[],"class_list":["post-5715","post","type-post","status-publish","format-standard","has-post-thumbnail","hentry","category-brasil"],"jetpack_publicize_connections":[],"jetpack_featured_media_url":"https:\/\/i0.wp.com\/oexpressobr.com.br\/wp-content\/uploads\/2026\/03\/IMG-20260313-WA0255.png?fit=2250%2C1267&ssl=1","jetpack_likes_enabled":true,"jetpack_sharing_enabled":true,"_links":{"self":[{"href":"https:\/\/oexpressobr.com.br\/index.php?rest_route=\/wp\/v2\/posts\/5715","targetHints":{"allow":["GET"]}}],"collection":[{"href":"https:\/\/oexpressobr.com.br\/index.php?rest_route=\/wp\/v2\/posts"}],"about":[{"href":"https:\/\/oexpressobr.com.br\/index.php?rest_route=\/wp\/v2\/types\/post"}],"author":[{"embeddable":true,"href":"https:\/\/oexpressobr.com.br\/index.php?rest_route=\/wp\/v2\/users\/1"}],"replies":[{"embeddable":true,"href":"https:\/\/oexpressobr.com.br\/index.php?rest_route=%2Fwp%2Fv2%2Fcomments&post=5715"}],"version-history":[{"count":1,"href":"https:\/\/oexpressobr.com.br\/index.php?rest_route=\/wp\/v2\/posts\/5715\/revisions"}],"predecessor-version":[{"id":5718,"href":"https:\/\/oexpressobr.com.br\/index.php?rest_route=\/wp\/v2\/posts\/5715\/revisions\/5718"}],"wp:featuredmedia":[{"embeddable":true,"href":"https:\/\/oexpressobr.com.br\/index.php?rest_route=\/wp\/v2\/media\/5717"}],"wp:attachment":[{"href":"https:\/\/oexpressobr.com.br\/index.php?rest_route=%2Fwp%2Fv2%2Fmedia&parent=5715"}],"wp:term":[{"taxonomy":"category","embeddable":true,"href":"https:\/\/oexpressobr.com.br\/index.php?rest_route=%2Fwp%2Fv2%2Fcategories&post=5715"},{"taxonomy":"post_tag","embeddable":true,"href":"https:\/\/oexpressobr.com.br\/index.php?rest_route=%2Fwp%2Fv2%2Ftags&post=5715"}],"curies":[{"name":"wp","href":"https:\/\/api.w.org\/{rel}","templated":true}]}}