{"id":5725,"date":"2026-03-14T06:26:18","date_gmt":"2026-03-14T09:26:18","guid":{"rendered":"https:\/\/oexpressobr.com.br\/?p=5725"},"modified":"2026-03-14T06:26:30","modified_gmt":"2026-03-14T09:26:30","slug":"o-silencio-dos-altares-internacao-de-bolsonaro-em-estado-grave-expoe-ausencia-de-lideres-neopentecostais","status":"publish","type":"post","link":"https:\/\/oexpressobr.com.br\/?p=5725","title":{"rendered":"O sil\u00eancio dos altares: Interna\u00e7\u00e3o de Bolsonaro em estado grave exp\u00f5e aus\u00eancia de l\u00edderes neopentecostais"},"content":{"rendered":"\n<p class=\"wp-block-paragraph\">A interna\u00e7\u00e3o do ex-presidente <strong>Jair Bolsonaro<\/strong> no hospital DF Star, em Bras\u00edlia, trouxe \u00e0 tona um cen\u00e1rio de apreens\u00e3o pol\u00edtica e um v\u00e1cuo de apoio p\u00fablico por parte de figuras que outrora foram pilares de sua sustenta\u00e7\u00e3o espiritual e eleitoral. Diagnosticado com <strong>broncopneumonia bacteriana bilateral<\/strong>, o quadro de Bolsonaro \u00e9 tratado como grave pela equipe m\u00e9dica, exigindo cuidados intensivos na Unidade de Terapia Intensiva (UTI).<\/p>\n\n\n\n<p class=\"wp-block-paragraph\">\u200bNo entanto, o que chama a aten\u00e7\u00e3o nos bastidores da capital e nas redes sociais n\u00e3o \u00e9 apenas o boletim m\u00e9dico, mas o sil\u00eancio \u2014 ou a discri\u00e7\u00e3o cir\u00fargica \u2014 de nomes como <strong>Edir Macedo, R. R. Soares, Silas Malafaia e Valdemiro Santiago<\/strong>.<\/p>\n\n\n\n<h3 class=\"wp-block-heading\">\u200bDo palanque ao sil\u00eancio hospitalar<\/h3>\n\n\n\n<p class=\"wp-block-paragraph\">\u200bDurante o mandato de Bolsonaro, a proximidade com os expoentes da <strong>Teologia da Prosperidade<\/strong> e do neopentecostalismo era um ativo constante. Reuni\u00f5es no Pal\u00e1cio do Planalto e ora\u00e7\u00f5es p\u00fablicas com imposi\u00e7\u00e3o de m\u00e3os eram frequentes, refor\u00e7ando a imagem do &#8220;escolhido&#8221; ou do &#8220;Messias&#8221;.<\/p>\n\n\n\n<p class=\"wp-block-paragraph\">\u200bAgora, diante de uma crise de sa\u00fade real e severa, a ret\u00f3rica do &#8220;milagre imediato&#8221; parece ter dado lugar \u00e0 cautela institucional. Especialistas apontam alguns fatores para esse distanciamento:<\/p>\n\n\n\n<ul class=\"wp-block-list\">\n<li>\u200b<strong>Realismo Pol\u00edtico:<\/strong> Com o ex-presidente ineleg\u00edvel e enfrentando diversos processos judiciais, o custo pol\u00edtico de uma associa\u00e7\u00e3o messi\u00e2nica direta pode ser alto demais para l\u00edderes que buscam manter tr\u00e2nsito em diferentes esferas do poder.<\/li>\n\n\n\n<li>\u200b<strong>O limite da f\u00e9 e da medicina:<\/strong> A Teologia da Prosperidade frequentemente prega que a doen\u00e7a \u00e9 um sinal de falta de f\u00e9 ou ataque espiritual que pode ser revertido pelo l\u00edder religioso. Diante de um quadro cl\u00ednico complexo, a falha de uma &#8220;cura prometida&#8221; poderia gerar desgaste na imagem desses pastores perante seus fi\u00e9is.<\/li>\n\n\n\n<li>\u200b<strong>Foco Interno:<\/strong> L\u00edderes como Valdemiro Santiago enfrentam suas pr\u00f3prias crises financeiras e judiciais, o que tem reduzido seu poder de mobiliza\u00e7\u00e3o externa.<\/li>\n<\/ul>\n\n\n\n<h3 class=\"wp-block-heading\">\u200bOnde est\u00e3o os aliados?<\/h3>\n\n\n\n<p class=\"wp-block-paragraph\">\u200bAt\u00e9 o momento, as manifesta\u00e7\u00f5es t\u00eam sido protocolares. <strong>Silas Malafaia<\/strong>, o mais vocal entre eles, mant\u00e9m sua defesa de Bolsonaro no campo jur\u00eddico e pol\u00edtico, mas n\u00e3o houve, at\u00e9 ent\u00e3o, uma mobiliza\u00e7\u00e3o nacional de &#8220;clamor pela cura&#8221; nos moldes das campanhas eleitorais de 2018 e 2022.<\/p>\n\n\n\n<p class=\"wp-block-paragraph\">\u200bEnquanto a ci\u00eancia m\u00e9dica trabalha para estabilizar a fun\u00e7\u00e3o pulmonar do ex-presidente, a pergunta que ecoa nos corredores de Bras\u00edlia \u00e9 sobre a durabilidade das alian\u00e7as firmadas no altar. A aus\u00eancia desses &#8220;superpastores&#8221; no p\u00e9 do leito hospitalar sugere que, no pragmatismo da f\u00e9 e da pol\u00edtica, o apoio \u00e9 mais forte sob a luz dos holofotes do que na penumbra de uma UTI.<\/p>\n\n\n\n<p class=\"wp-block-paragraph\"><\/p>\n","protected":false},"excerpt":{"rendered":"<p>A interna\u00e7\u00e3o do ex-presidente Jair Bolsonaro no hospital DF Star, em Bras\u00edlia, trouxe \u00e0 tona um cen\u00e1rio de apreens\u00e3o pol\u00edtica e um v\u00e1cuo de apoio [&#8230;]<\/p>\n","protected":false},"author":1,"featured_media":5727,"comment_status":"open","ping_status":"open","sticky":false,"template":"","format":"standard","meta":{"_crdt_document":"","_jetpack_memberships_contains_paid_content":false,"footnotes":"","jetpack_publicize_message":"","jetpack_publicize_feature_enabled":true,"jetpack_social_post_already_shared":true,"jetpack_social_options":{"image_generator_settings":{"template":"highway","default_image_id":0,"font":"","enabled":false},"version":2}},"categories":[3],"tags":[],"class_list":["post-5725","post","type-post","status-publish","format-standard","has-post-thumbnail","hentry","category-brasil"],"jetpack_publicize_connections":[],"jetpack_featured_media_url":"https:\/\/i0.wp.com\/oexpressobr.com.br\/wp-content\/uploads\/2026\/03\/bolsonaro-sab-676x4501-1.png?fit=676%2C450&ssl=1","jetpack_likes_enabled":true,"jetpack_sharing_enabled":true,"_links":{"self":[{"href":"https:\/\/oexpressobr.com.br\/index.php?rest_route=\/wp\/v2\/posts\/5725","targetHints":{"allow":["GET"]}}],"collection":[{"href":"https:\/\/oexpressobr.com.br\/index.php?rest_route=\/wp\/v2\/posts"}],"about":[{"href":"https:\/\/oexpressobr.com.br\/index.php?rest_route=\/wp\/v2\/types\/post"}],"author":[{"embeddable":true,"href":"https:\/\/oexpressobr.com.br\/index.php?rest_route=\/wp\/v2\/users\/1"}],"replies":[{"embeddable":true,"href":"https:\/\/oexpressobr.com.br\/index.php?rest_route=%2Fwp%2Fv2%2Fcomments&post=5725"}],"version-history":[{"count":1,"href":"https:\/\/oexpressobr.com.br\/index.php?rest_route=\/wp\/v2\/posts\/5725\/revisions"}],"predecessor-version":[{"id":5728,"href":"https:\/\/oexpressobr.com.br\/index.php?rest_route=\/wp\/v2\/posts\/5725\/revisions\/5728"}],"wp:featuredmedia":[{"embeddable":true,"href":"https:\/\/oexpressobr.com.br\/index.php?rest_route=\/wp\/v2\/media\/5727"}],"wp:attachment":[{"href":"https:\/\/oexpressobr.com.br\/index.php?rest_route=%2Fwp%2Fv2%2Fmedia&parent=5725"}],"wp:term":[{"taxonomy":"category","embeddable":true,"href":"https:\/\/oexpressobr.com.br\/index.php?rest_route=%2Fwp%2Fv2%2Fcategories&post=5725"},{"taxonomy":"post_tag","embeddable":true,"href":"https:\/\/oexpressobr.com.br\/index.php?rest_route=%2Fwp%2Fv2%2Ftags&post=5725"}],"curies":[{"name":"wp","href":"https:\/\/api.w.org\/{rel}","templated":true}]}}