{"id":573,"date":"2025-12-11T08:05:17","date_gmt":"2025-12-11T11:05:17","guid":{"rendered":"https:\/\/oexpressobr.com.br\/?p=573"},"modified":"2025-12-11T08:05:18","modified_gmt":"2025-12-11T11:05:18","slug":"tito-barrichello-consolida-independencia-na-alep-e-nao-vota-em-pec-do-governo","status":"publish","type":"post","link":"https:\/\/oexpressobr.com.br\/?p=573","title":{"rendered":"Tito Barrichello consolida independ\u00eancia na Alep e n\u00e3o vota em PEC do governo"},"content":{"rendered":"\n<p class=\"wp-block-paragraph\">Depois do <strong>aviso do Pal\u00e1cio Igua\u00e7u<\/strong> de que seria cortado da base aliada, o deputado estadual <strong>Tito Barrichello (Uni\u00e3o-Brasil)<\/strong> parece j\u00e1 estar \u00e0 vontade na condi\u00e7\u00e3o de <strong>independente<\/strong> na Assembleia Legislativa do Paran\u00e1 (Alep). O parlamentar, que j\u00e1 havia sido notificado da perda de cargos comissionados, confirmou sua posi\u00e7\u00e3o ao <strong>n\u00e3o participar da vota\u00e7\u00e3o de uma Proposta de Emenda \u00e0 Constitui\u00e7\u00e3o (PEC)<\/strong> de interesse do Governo do Estado.<\/p>\n\n\n\n<p class=\"wp-block-paragraph\">\u200bA decis\u00e3o de n\u00e3o votar na mat\u00e9ria \u00e9 um claro indicativo do rompimento do deputado com o Pal\u00e1cio Igua\u00e7u, ap\u00f3s o executivo estadual ter sinalizado o <strong>corte de Barrichello da base de apoio<\/strong> na Alep, o que implica na perda de acessos e postos na estrutura governamental. A imprensa j\u00e1 havia noticiado, no in\u00edcio de dezembro, a iminente sa\u00edda do deputado da base, apelidado de \u201cXerif\u00e3o\u201d, ap\u00f3s um per\u00edodo de desentendimentos.<\/p>\n\n\n\n<h3 class=\"wp-block-heading\">\u200b<strong>O Hist\u00f3rico e a Pauta de Barrichello<\/strong><\/h3>\n\n\n\n<p class=\"wp-block-paragraph\">\u200bBarrichello, conhecido por sua atua\u00e7\u00e3o na \u00e1rea de Seguran\u00e7a P\u00fablica \u2014 ele \u00e9 delegado licenciado \u2014, tem se mantido ativo no Legislativo, apresentando projetos de lei com foco em temas como:<\/p>\n\n\n\n<ul class=\"wp-block-list\">\n<li>\u200bCombate ao uso e transa\u00e7\u00e3o de ve\u00edculos \u201cPizeras\u201d (NP).<\/li>\n\n\n\n<li>\u200bProibi\u00e7\u00e3o de telemarketing ativo realizado por rob\u00f4s (call centers automatizados).<\/li>\n\n\n\n<li>\u200bSan\u00e7\u00f5es para envolvidos em brigas em eventos esportivos.<\/li>\n<\/ul>\n\n\n\n<p class=\"wp-block-paragraph\">\u200bO parlamentar \u00e9, inclusive, o l\u00edder do Bloco Parlamentar Tem\u00e1tico da Seguran\u00e7a P\u00fablica.<\/p>\n\n\n\n<p class=\"wp-block-paragraph\">\u200bEmbora as \u00faltimas not\u00edcias mostrem o foco do deputado em suas pautas e projetos, a aus\u00eancia na vota\u00e7\u00e3o da PEC do governo <strong>refor\u00e7a a nova din\u00e2mica pol\u00edtica<\/strong> no Legislativo paranaense, onde Barrichello busca <strong>afirmar sua autonomia<\/strong> ap\u00f3s o desligamento formal da base de apoio governista.<\/p>\n\n\n\n<p class=\"wp-block-paragraph\">\u200bA postura independente do deputado deve ser monitorada nos pr\u00f3ximos meses para avaliar o impacto em sua agenda legislativa e se outros parlamentares seguir\u00e3o o mesmo caminho.<\/p>\n","protected":false},"excerpt":{"rendered":"<p>Depois do aviso do Pal\u00e1cio Igua\u00e7u de que seria cortado da base aliada, o deputado estadual Tito Barrichello (Uni\u00e3o-Brasil) parece j\u00e1 estar \u00e0 vontade na [&#8230;]<\/p>\n","protected":false},"author":1,"featured_media":574,"comment_status":"open","ping_status":"open","sticky":false,"template":"","format":"standard","meta":{"_crdt_document":"","_jetpack_memberships_contains_paid_content":false,"footnotes":"","jetpack_publicize_message":"","jetpack_publicize_feature_enabled":true,"jetpack_social_post_already_shared":false,"jetpack_social_options":{"image_generator_settings":{"template":"highway","default_image_id":0,"font":"","enabled":false},"version":2}},"categories":[5],"tags":[],"class_list":["post-573","post","type-post","status-publish","format-standard","has-post-thumbnail","hentry","category-parana"],"jetpack_publicize_connections":[],"jetpack_featured_media_url":"https:\/\/i0.wp.com\/oexpressobr.com.br\/wp-content\/uploads\/2025\/12\/TBA.jpg?fit=640%2C427&ssl=1","jetpack_likes_enabled":true,"jetpack_sharing_enabled":true,"_links":{"self":[{"href":"https:\/\/oexpressobr.com.br\/index.php?rest_route=\/wp\/v2\/posts\/573","targetHints":{"allow":["GET"]}}],"collection":[{"href":"https:\/\/oexpressobr.com.br\/index.php?rest_route=\/wp\/v2\/posts"}],"about":[{"href":"https:\/\/oexpressobr.com.br\/index.php?rest_route=\/wp\/v2\/types\/post"}],"author":[{"embeddable":true,"href":"https:\/\/oexpressobr.com.br\/index.php?rest_route=\/wp\/v2\/users\/1"}],"replies":[{"embeddable":true,"href":"https:\/\/oexpressobr.com.br\/index.php?rest_route=%2Fwp%2Fv2%2Fcomments&post=573"}],"version-history":[{"count":0,"href":"https:\/\/oexpressobr.com.br\/index.php?rest_route=\/wp\/v2\/posts\/573\/revisions"}],"wp:featuredmedia":[{"embeddable":true,"href":"https:\/\/oexpressobr.com.br\/index.php?rest_route=\/wp\/v2\/media\/574"}],"wp:attachment":[{"href":"https:\/\/oexpressobr.com.br\/index.php?rest_route=%2Fwp%2Fv2%2Fmedia&parent=573"}],"wp:term":[{"taxonomy":"category","embeddable":true,"href":"https:\/\/oexpressobr.com.br\/index.php?rest_route=%2Fwp%2Fv2%2Fcategories&post=573"},{"taxonomy":"post_tag","embeddable":true,"href":"https:\/\/oexpressobr.com.br\/index.php?rest_route=%2Fwp%2Fv2%2Ftags&post=573"}],"curies":[{"name":"wp","href":"https:\/\/api.w.org\/{rel}","templated":true}]}}