{"id":5739,"date":"2026-03-14T07:36:25","date_gmt":"2026-03-14T10:36:25","guid":{"rendered":"https:\/\/oexpressobr.com.br\/?p=5739"},"modified":"2026-03-14T07:36:34","modified_gmt":"2026-03-14T10:36:34","slug":"daniel-vorcaro-troca-de-advogados-e-sinaliza-avanco-para-delacao-apos-derrota-no-stf","status":"publish","type":"post","link":"https:\/\/oexpressobr.com.br\/?p=5739","title":{"rendered":"Daniel Vorcaro troca de advogados e sinaliza avan\u00e7o para dela\u00e7\u00e3o ap\u00f3s derrota no STF"},"content":{"rendered":"\n<p class=\"wp-block-paragraph\">A estrat\u00e9gia de defesa de Daniel Vorcaro, controlador do Banco Master, sofreu uma guinada decisiva nesta sexta-feira (13). Ap\u00f3s a Segunda Turma do Supremo Tribunal Federal (STF) formar maioria para manter sua pris\u00e3o preventiva, o banqueiro oficializou a troca de seus representantes legais, movimento que, nos bastidores do Judici\u00e1rio e da Pol\u00edcia Federal, \u00e9 lido como o passo definitivo para a assinatura de um acordo de dela\u00e7\u00e3o premiada.<\/p>\n\n\n\n<p class=\"wp-block-paragraph\">\u200bA mudan\u00e7a ocorre em um momento de extrema press\u00e3o. Vorcaro, que est\u00e1 detido na Penitenci\u00e1ria Federal de Bras\u00edlia, vinha sendo representado por nomes como Walfrido Warde (que deixou o caso por ser institucionalmente contr\u00e1rio a dela\u00e7\u00f5es), al\u00e9m de Roberto Podval e Pierpaolo Bottini. O novo refor\u00e7o na equipe jur\u00eddica \u00e9 o advogado Jos\u00e9 Luis Oliveira Lima, conhecido por sua vasta experi\u00eancia em negocia\u00e7\u00f5es de colabora\u00e7\u00e3o premiada.<\/p>\n\n\n\n<p class=\"wp-block-paragraph\">\u200b<strong>O cerco se fecha no STF e no Banco Central<\/strong><\/p>\n\n\n\n<p class=\"wp-block-paragraph\">A decis\u00e3o dos ministros Andr\u00e9 Mendon\u00e7a, Luiz Fux e Nunes Marques de manter o empres\u00e1rio encarcerado foi o estopim para a mudan\u00e7a de postura. O ministro Dias Toffoli se declarou suspeito para julgar o caso, ap\u00f3s a PF identificar men\u00e7\u00f5es ao seu nome em mensagens no celular de Vorcaro, relacionadas a neg\u00f3cios imobili\u00e1rios.<\/p>\n\n\n\n<p class=\"wp-block-paragraph\">\u200bAs investiga\u00e7\u00f5es da Opera\u00e7\u00e3o Compliance Zero revelaram um esquema complexo que vai al\u00e9m de fraudes financeiras estimadas em bilh\u00f5es. Dados extra\u00eddos de dispositivos apreendidos indicam que o banqueiro possu\u00eda canais diretos de informa\u00e7\u00e3o dentro do Banco Central, recebendo dados sigilosos sobre fiscaliza\u00e7\u00f5es contra o Master. Al\u00e9m disso, as mensagens apontam para t\u00e1ticas de intimida\u00e7\u00e3o contra jornalistas e o uso de influenciadores digitais para atacar institui\u00e7\u00f5es reguladoras.<\/p>\n\n\n\n<p class=\"wp-block-paragraph\">\u200b<strong>A &#8220;dela\u00e7\u00e3o do fim do mundo&#8221; em Bras\u00edlia<\/strong><\/p>\n\n\n\n<p class=\"wp-block-paragraph\">O termo &#8220;dela\u00e7\u00e3o do fim do mundo&#8221; voltou a ecoar nos corredores de Bras\u00edlia. A expectativa \u00e9 que, se concretizado, o depoimento de Vorcaro possa atingir figuras centrais dos Tr\u00eas Poderes. Relat\u00f3rios de intelig\u00eancia financeira (Coaf) e mensagens interceptadas sugerem uma rede de influ\u00eancia que envolve desde grandes empres\u00e1rios at\u00e9 parlamentares influentes, especialmente do bloco do Centr\u00e3o.<\/p>\n\n\n\n<p class=\"wp-block-paragraph\">\u200bAs negocia\u00e7\u00f5es agora devem ser centralizadas com a Procuradoria-Geral da Rep\u00fablica (PGR), sob o comando de Paulo Gonet. Enquanto a defesa anterior tentava anular as provas e garantir a liberdade plena, a nova diretriz foca em benef\u00edcios penais em troca de revela\u00e7\u00f5es sobre o funcionamento do que a PF classifica como uma organiza\u00e7\u00e3o criminosa infiltrada no sistema financeiro nacional.<\/p>\n\n\n\n<p class=\"wp-block-paragraph\">\u200bO mercado e a classe pol\u00edtica aguardam os pr\u00f3ximos dias com apreens\u00e3o. Se Vorcaro decidir &#8220;abrir a caixa-preta&#8221; do Banco Master, o impacto pode desestabilizar n\u00e3o apenas o setor banc\u00e1rio, mas tamb\u00e9m as engrenagens pol\u00edticas que, segundo as investiga\u00e7\u00f5es, davam sustenta\u00e7\u00e3o ao esquema.<\/p>\n","protected":false},"excerpt":{"rendered":"<p>A estrat\u00e9gia de defesa de Daniel Vorcaro, controlador do Banco Master, sofreu uma guinada decisiva nesta sexta-feira (13). Ap\u00f3s a Segunda Turma do Supremo Tribunal [&#8230;]<\/p>\n","protected":false},"author":1,"featured_media":5742,"comment_status":"open","ping_status":"open","sticky":false,"template":"","format":"standard","meta":{"_crdt_document":"","_jetpack_memberships_contains_paid_content":false,"footnotes":"","jetpack_publicize_message":"","jetpack_publicize_feature_enabled":true,"jetpack_social_post_already_shared":true,"jetpack_social_options":{"image_generator_settings":{"template":"highway","default_image_id":0,"font":"","enabled":false},"version":2}},"categories":[8],"tags":[],"class_list":["post-5739","post","type-post","status-publish","format-standard","has-post-thumbnail","hentry","category-judiciario"],"jetpack_publicize_connections":[],"jetpack_featured_media_url":"https:\/\/i0.wp.com\/oexpressobr.com.br\/wp-content\/uploads\/2026\/03\/IMG-20260314-WA0045.jpg?fit=984%2C554&ssl=1","jetpack_likes_enabled":true,"jetpack_sharing_enabled":true,"_links":{"self":[{"href":"https:\/\/oexpressobr.com.br\/index.php?rest_route=\/wp\/v2\/posts\/5739","targetHints":{"allow":["GET"]}}],"collection":[{"href":"https:\/\/oexpressobr.com.br\/index.php?rest_route=\/wp\/v2\/posts"}],"about":[{"href":"https:\/\/oexpressobr.com.br\/index.php?rest_route=\/wp\/v2\/types\/post"}],"author":[{"embeddable":true,"href":"https:\/\/oexpressobr.com.br\/index.php?rest_route=\/wp\/v2\/users\/1"}],"replies":[{"embeddable":true,"href":"https:\/\/oexpressobr.com.br\/index.php?rest_route=%2Fwp%2Fv2%2Fcomments&post=5739"}],"version-history":[{"count":1,"href":"https:\/\/oexpressobr.com.br\/index.php?rest_route=\/wp\/v2\/posts\/5739\/revisions"}],"predecessor-version":[{"id":5741,"href":"https:\/\/oexpressobr.com.br\/index.php?rest_route=\/wp\/v2\/posts\/5739\/revisions\/5741"}],"wp:featuredmedia":[{"embeddable":true,"href":"https:\/\/oexpressobr.com.br\/index.php?rest_route=\/wp\/v2\/media\/5742"}],"wp:attachment":[{"href":"https:\/\/oexpressobr.com.br\/index.php?rest_route=%2Fwp%2Fv2%2Fmedia&parent=5739"}],"wp:term":[{"taxonomy":"category","embeddable":true,"href":"https:\/\/oexpressobr.com.br\/index.php?rest_route=%2Fwp%2Fv2%2Fcategories&post=5739"},{"taxonomy":"post_tag","embeddable":true,"href":"https:\/\/oexpressobr.com.br\/index.php?rest_route=%2Fwp%2Fv2%2Ftags&post=5739"}],"curies":[{"name":"wp","href":"https:\/\/api.w.org\/{rel}","templated":true}]}}