{"id":5747,"date":"2026-03-14T07:42:43","date_gmt":"2026-03-14T10:42:43","guid":{"rendered":"https:\/\/oexpressobr.com.br\/?p=5747"},"modified":"2026-03-14T07:43:01","modified_gmt":"2026-03-14T10:43:01","slug":"meta-e-mark-zuckerberg-planejam-corte-de-20-da-forca-de-trabalho-para-bancar-investimentos-bilionarios-em-ia","status":"publish","type":"post","link":"https:\/\/oexpressobr.com.br\/?p=5747","title":{"rendered":"Meta e Mark Zuckerberg planejam corte de 20% da for\u00e7a de trabalho para bancar investimentos bilion\u00e1rios em IA"},"content":{"rendered":"\n<p class=\"wp-block-paragraph\">A <strong>Meta<\/strong>, empresa controladora do Facebook, Instagram e WhatsApp, est\u00e1 em meio a discuss\u00f5es internas para realizar uma nova e massiva rodada de demiss\u00f5es. Segundo informa\u00e7\u00f5es reportadas pela ag\u00eancia <strong>Reuters<\/strong> e diversos ve\u00edculos internacionais neste s\u00e1bado, 14 de mar\u00e7o de 2026, os cortes podem atingir <strong>20% ou mais<\/strong> do quadro global de funcion\u00e1rios, o que representaria a sa\u00edda de aproximadamente <strong>16 mil pessoas<\/strong>.<\/p>\n\n\n\n<p class=\"wp-block-paragraph\">\u200bO movimento ocorre em um momento de transi\u00e7\u00e3o agressiva liderada por <strong>Mark Zuckerberg<\/strong>. O CEO tem direcionado o foco da companhia para a intelig\u00eancia artificial generativa e a busca pela &#8220;superintelig\u00eancia&#8221;, uma estrat\u00e9gia que exige investimentos colossais.<\/p>\n\n\n\n<h3 class=\"wp-block-heading\">\u200bOs motivos por tr\u00e1s da reestrutura\u00e7\u00e3o<\/h3>\n\n\n\n<p class=\"wp-block-paragraph\">\u200bDiferente do &#8220;Ano da Efici\u00eancia&#8221; em 2023, que visava a corre\u00e7\u00e3o de excessos p\u00f3s-pandemia, esta nova onda de demiss\u00f5es est\u00e1 diretamente ligada aos <strong>custos de infraestrutura e talentos<\/strong>.<\/p>\n\n\n\n<ul class=\"wp-block-list\">\n<li>\u200b<strong>Investimento massivo:<\/strong> A Meta planeja investir cerca de <strong>US$ 600 bilh\u00f5es<\/strong> em infraestrutura de IA e data centers at\u00e9 2028.<\/li>\n\n\n\n<li>\u200b<strong>Aquisi\u00e7\u00f5es estrat\u00e9gicas:<\/strong> Recentemente, a empresa gastou bilh\u00f5es em negocia\u00e7\u00f5es como a fatia de <strong>US$ 14,5 bilh\u00f5es na Scale AI<\/strong> e a aquisi\u00e7\u00e3o das startups <strong>Manus<\/strong> e <strong>Moltbook<\/strong> (uma rede social exclusiva para agentes de IA).<\/li>\n\n\n\n<li>\u200b<strong>A &#8220;Efici\u00eancia&#8221; da pr\u00f3pria IA:<\/strong> Zuckerberg tem defendido publicamente que ferramentas de IA permitem que tarefas antes realizadas por grandes equipes sejam agora executadas por &#8220;um \u00fanico indiv\u00edduo altamente talentoso&#8221;.<\/li>\n<\/ul>\n\n\n\n<h3 class=\"wp-block-heading\">\u200bDesafios t\u00e9cnicos<\/h3>\n\n\n\n<p class=\"wp-block-paragraph\">\u200bApesar do alto investimento, a Meta enfrenta percal\u00e7os no desenvolvimento de seus modelos. O novo modelo de linguagem, codinome <strong>Avocado<\/strong>, estaria sofrendo atrasos ap\u00f3s n\u00e3o atingir os resultados esperados em testes comparativos com rivais como o Gemini 3, do Google. Al\u00e9m disso, a empresa cancelou o lan\u00e7amento do <strong>Behemoth<\/strong>, a maior vers\u00e3o do seu modelo Llama 4, ap\u00f3s cr\u00edticas sobre inconsist\u00eancias nos dados.<\/p>\n\n\n\n<h3 class=\"wp-block-heading\">\u200bCen\u00e1rio de mercado<\/h3>\n\n\n\n<p class=\"wp-block-paragraph\">\u200bO porta-voz da Meta, Andy Stone, classificou as informa\u00e7\u00f5es como &#8220;especula\u00e7\u00f5es sobre abordagens te\u00f3ricas&#8221;. No entanto, o mercado financeiro reagiu com leve alta nas a\u00e7\u00f5es ap\u00f3s o fechamento do preg\u00e3o, sinalizando que investidores veem com bons olhos a redu\u00e7\u00e3o de custos fixos para financiar a corrida tecnol\u00f3gica.<\/p>\n\n\n\n<p class=\"wp-block-paragraph\">\u200bA Meta n\u00e3o est\u00e1 sozinha: empresas como <strong>Amazon<\/strong> e a fintech <strong>Block<\/strong> tamb\u00e9m anunciaram cortes significativos no in\u00edcio de 2026, citando a automa\u00e7\u00e3o por IA como o principal motor para a redu\u00e7\u00e3o de pessoal.<\/p>\n\n\n\n<p class=\"wp-block-paragraph\">\u200bGostaria que eu fizesse um comparativo entre o n\u00famero de demiss\u00f5es da Meta e de outras gigantes do setor tecnol\u00f3gico este ano?<\/p>\n","protected":false},"excerpt":{"rendered":"<p>A Meta, empresa controladora do Facebook, Instagram e WhatsApp, est\u00e1 em meio a discuss\u00f5es internas para realizar uma nova e massiva rodada de demiss\u00f5es. Segundo [&#8230;]<\/p>\n","protected":false},"author":1,"featured_media":5749,"comment_status":"open","ping_status":"open","sticky":false,"template":"","format":"standard","meta":{"_crdt_document":"","_jetpack_memberships_contains_paid_content":false,"footnotes":"","jetpack_publicize_message":"","jetpack_publicize_feature_enabled":true,"jetpack_social_post_already_shared":true,"jetpack_social_options":{"image_generator_settings":{"template":"highway","default_image_id":0,"font":"","enabled":false},"version":2}},"categories":[63],"tags":[],"class_list":["post-5747","post","type-post","status-publish","format-standard","has-post-thumbnail","hentry","category-tecnologia"],"jetpack_publicize_connections":[],"jetpack_featured_media_url":"https:\/\/i0.wp.com\/oexpressobr.com.br\/wp-content\/uploads\/2026\/03\/IMG-20260314-WA0047.jpg?fit=1237%2C757&ssl=1","jetpack_likes_enabled":true,"jetpack_sharing_enabled":true,"_links":{"self":[{"href":"https:\/\/oexpressobr.com.br\/index.php?rest_route=\/wp\/v2\/posts\/5747","targetHints":{"allow":["GET"]}}],"collection":[{"href":"https:\/\/oexpressobr.com.br\/index.php?rest_route=\/wp\/v2\/posts"}],"about":[{"href":"https:\/\/oexpressobr.com.br\/index.php?rest_route=\/wp\/v2\/types\/post"}],"author":[{"embeddable":true,"href":"https:\/\/oexpressobr.com.br\/index.php?rest_route=\/wp\/v2\/users\/1"}],"replies":[{"embeddable":true,"href":"https:\/\/oexpressobr.com.br\/index.php?rest_route=%2Fwp%2Fv2%2Fcomments&post=5747"}],"version-history":[{"count":1,"href":"https:\/\/oexpressobr.com.br\/index.php?rest_route=\/wp\/v2\/posts\/5747\/revisions"}],"predecessor-version":[{"id":5750,"href":"https:\/\/oexpressobr.com.br\/index.php?rest_route=\/wp\/v2\/posts\/5747\/revisions\/5750"}],"wp:featuredmedia":[{"embeddable":true,"href":"https:\/\/oexpressobr.com.br\/index.php?rest_route=\/wp\/v2\/media\/5749"}],"wp:attachment":[{"href":"https:\/\/oexpressobr.com.br\/index.php?rest_route=%2Fwp%2Fv2%2Fmedia&parent=5747"}],"wp:term":[{"taxonomy":"category","embeddable":true,"href":"https:\/\/oexpressobr.com.br\/index.php?rest_route=%2Fwp%2Fv2%2Fcategories&post=5747"},{"taxonomy":"post_tag","embeddable":true,"href":"https:\/\/oexpressobr.com.br\/index.php?rest_route=%2Fwp%2Fv2%2Ftags&post=5747"}],"curies":[{"name":"wp","href":"https:\/\/api.w.org\/{rel}","templated":true}]}}