{"id":5751,"date":"2026-03-14T07:49:52","date_gmt":"2026-03-14T10:49:52","guid":{"rendered":"https:\/\/oexpressobr.com.br\/?p=5751"},"modified":"2026-03-14T07:50:00","modified_gmt":"2026-03-14T10:50:00","slug":"lula-barra-assessor-de-trump-e-condiciona-entrada-a-liberacao-de-visto-para-padilha","status":"publish","type":"post","link":"https:\/\/oexpressobr.com.br\/?p=5751","title":{"rendered":"Lula barra assessor de Trump e condiciona entrada \u00e0 libera\u00e7\u00e3o de visto para Padilha"},"content":{"rendered":"\n<p class=\"wp-block-paragraph\">O governo brasileiro elevou a temperatura diplom\u00e1tica com os Estados Unidos nesta sexta-feira (13\/3\/2026). O presidente <strong>Luiz In\u00e1cio Lula da Silva<\/strong> confirmou a revoga\u00e7\u00e3o do visto de <strong>Darren Beattie<\/strong>, conselheiro s\u00eanior do Departamento de Estado americano e aliado pr\u00f3ximo de <strong>Donald Trump<\/strong>. A decis\u00e3o, segundo o petista, \u00e9 uma resposta direta ao bloqueio migrat\u00f3rio imposto por Washington ao ministro da Sa\u00fade, <strong>Alexandre Padilha<\/strong>.<\/p>\n\n\n\n<h3 class=\"wp-block-heading\">\u200bO embate dos vistos e a reciprocidade<\/h3>\n\n\n\n<p class=\"wp-block-paragraph\">\u200bA crise teve origem em 2025, quando as autoridades americanas cancelaram os vistos da esposa e da filha de 10 anos de Padilha, alegando liga\u00e7\u00f5es do ministro com programas de coopera\u00e7\u00e3o m\u00e9dica com Cuba. Durante evento no Rio de Janeiro, Lula foi enf\u00e1tico ao declarar que a proibi\u00e7\u00e3o de Beattie \u00e9 uma medida de <strong>reciprocidade<\/strong>.<\/p>\n\n\n\n<blockquote class=\"wp-block-quote is-layout-flow wp-block-quote-is-layout-flow\">\n<p class=\"wp-block-paragraph\">\u200b&#8221;Eu o proibi de vir ao Brasil enquanto n\u00e3o liberar os vistos do meu ministro da Sa\u00fade, que est\u00e1 bloqueado. Bloquearam o visto do Padilha, da mulher dele e da filha de 10 anos&#8221;, afirmou o presidente.<\/p>\n<\/blockquote>\n\n\n\n<h3 class=\"wp-block-heading\">\u200bA tentativa de visita a Bolsonaro na pris\u00e3o<\/h3>\n\n\n\n<p class=\"wp-block-paragraph\">\u200bDarren Beattie pretendia viajar ao Brasil oficialmente para participar de um f\u00f3rum sobre minerais cr\u00edticos em S\u00e3o Paulo. No entanto, o plano de fundo era uma visita a <strong>Jair Bolsonaro<\/strong>, que cumpre pena de 27 anos no 19\u00ba Batalh\u00e3o da Pol\u00edcia Militar (a &#8220;Papudinha&#8221;), em Bras\u00edlia.<\/p>\n\n\n\n<p class=\"wp-block-paragraph\">\u200bO Itamaraty e o <strong>Supremo Tribunal Federal (STF)<\/strong> agiram em conjunto para barrar o encontro:<\/p>\n\n\n\n<ol class=\"wp-block-list\">\n<li>\u200b<strong>Omiss\u00e3o de Informa\u00e7\u00f5es:<\/strong> O Minist\u00e9rio das Rela\u00e7\u00f5es Exteriores alegou que Beattie mentiu no pedido de visto, omitindo que o real prop\u00f3sito da viagem era o encontro com o ex-presidente.<\/li>\n\n\n\n<li>\u200b<strong>Inger\u00eancia Estrangeira:<\/strong> O chanceler <strong>Mauro Vieira<\/strong> alertou que a visita de um oficial estrangeiro a um condenado por tentativa de golpe, em pleno ano eleitoral, configuraria &#8220;inger\u00eancia indevida&#8221; nos assuntos internos.<\/li>\n\n\n\n<li>\u200b<strong>Veto do STF:<\/strong> O ministro <strong>Alexandre de Moraes<\/strong> inicialmente autorizou a visita, mas recuou ap\u00f3s o parecer do Itamaraty, revogando a autoriza\u00e7\u00e3o na quinta-feira (12\/3).<\/li>\n<\/ol>\n\n\n\n<h3 class=\"wp-block-heading\">\u200bContexto Pol\u00edtico: Quem \u00e9 Darren Beattie?<\/h3>\n\n\n\n<p class=\"wp-block-paragraph\">\u200bBeattie n\u00e3o \u00e9 um diplomata de carreira, mas um estrategista pol\u00edtico de confian\u00e7a do secret\u00e1rio de Estado <strong>Marco Rubio<\/strong>. Conhecido por suas posi\u00e7\u00f5es de extrema-direita, ele j\u00e1 foi redator de discursos na Casa Branca e \u00e9 um dos principais interlocutores do bolsonarismo dentro da administra\u00e7\u00e3o Trump.<\/p>\n\n\n\n<p class=\"wp-block-paragraph\">A medida sinaliza um endurecimento da pol\u00edtica externa brasileira frente \u00e0s press\u00f5es de Washington, utilizando a &#8220;diplomacia do visto&#8221; como ferramenta de negocia\u00e7\u00e3o pol\u00edtica. At\u00e9 o momento, o Departamento de Estado dos EUA n\u00e3o emitiu uma resposta oficial sobre a restri\u00e7\u00e3o imposta ao seu enviado.<\/p>\n","protected":false},"excerpt":{"rendered":"<p>O governo brasileiro elevou a temperatura diplom\u00e1tica com os Estados Unidos nesta sexta-feira (13\/3\/2026). O presidente Luiz In\u00e1cio Lula da Silva confirmou a revoga\u00e7\u00e3o do [&#8230;]<\/p>\n","protected":false},"author":1,"featured_media":5753,"comment_status":"open","ping_status":"open","sticky":false,"template":"","format":"standard","meta":{"_crdt_document":"","_jetpack_memberships_contains_paid_content":false,"footnotes":"","jetpack_publicize_message":"","jetpack_publicize_feature_enabled":true,"jetpack_social_post_already_shared":true,"jetpack_social_options":{"image_generator_settings":{"template":"highway","default_image_id":0,"font":"","enabled":false},"version":2}},"categories":[3],"tags":[],"class_list":["post-5751","post","type-post","status-publish","format-standard","has-post-thumbnail","hentry","category-brasil"],"jetpack_publicize_connections":[],"jetpack_featured_media_url":"https:\/\/i0.wp.com\/oexpressobr.com.br\/wp-content\/uploads\/2026\/03\/IMG-20260313-WA0288.jpg?fit=1080%2C1080&ssl=1","jetpack_likes_enabled":true,"jetpack_sharing_enabled":true,"_links":{"self":[{"href":"https:\/\/oexpressobr.com.br\/index.php?rest_route=\/wp\/v2\/posts\/5751","targetHints":{"allow":["GET"]}}],"collection":[{"href":"https:\/\/oexpressobr.com.br\/index.php?rest_route=\/wp\/v2\/posts"}],"about":[{"href":"https:\/\/oexpressobr.com.br\/index.php?rest_route=\/wp\/v2\/types\/post"}],"author":[{"embeddable":true,"href":"https:\/\/oexpressobr.com.br\/index.php?rest_route=\/wp\/v2\/users\/1"}],"replies":[{"embeddable":true,"href":"https:\/\/oexpressobr.com.br\/index.php?rest_route=%2Fwp%2Fv2%2Fcomments&post=5751"}],"version-history":[{"count":1,"href":"https:\/\/oexpressobr.com.br\/index.php?rest_route=\/wp\/v2\/posts\/5751\/revisions"}],"predecessor-version":[{"id":5754,"href":"https:\/\/oexpressobr.com.br\/index.php?rest_route=\/wp\/v2\/posts\/5751\/revisions\/5754"}],"wp:featuredmedia":[{"embeddable":true,"href":"https:\/\/oexpressobr.com.br\/index.php?rest_route=\/wp\/v2\/media\/5753"}],"wp:attachment":[{"href":"https:\/\/oexpressobr.com.br\/index.php?rest_route=%2Fwp%2Fv2%2Fmedia&parent=5751"}],"wp:term":[{"taxonomy":"category","embeddable":true,"href":"https:\/\/oexpressobr.com.br\/index.php?rest_route=%2Fwp%2Fv2%2Fcategories&post=5751"},{"taxonomy":"post_tag","embeddable":true,"href":"https:\/\/oexpressobr.com.br\/index.php?rest_route=%2Fwp%2Fv2%2Ftags&post=5751"}],"curies":[{"name":"wp","href":"https:\/\/api.w.org\/{rel}","templated":true}]}}