{"id":5758,"date":"2026-03-14T07:56:47","date_gmt":"2026-03-14T10:56:47","guid":{"rendered":"https:\/\/oexpressobr.com.br\/?p=5758"},"modified":"2026-03-14T07:56:57","modified_gmt":"2026-03-14T10:56:57","slug":"protesto-no-sbt-e-acao-do-mpf-marcam-crise-entre-ratinho-e-erika-hilton","status":"publish","type":"post","link":"https:\/\/oexpressobr.com.br\/?p=5758","title":{"rendered":"Protesto no SBT e a\u00e7\u00e3o do MPF marcam crise entre Ratinho e Erika Hilton"},"content":{"rendered":"\n<p class=\"wp-block-paragraph\">A sede do <strong>SBT<\/strong>, em Osasco (SP), foi palco de uma manifesta\u00e7\u00e3o intensa na tarde desta sexta-feira (13). Ativistas e integrantes de movimentos sociais, como o <strong>MTST<\/strong>, reuniram-se para protestar contra o apresentador <strong>Ratinho<\/strong>, ap\u00f3s declara\u00e7\u00f5es consideradas transf\u00f3bicas direcionadas \u00e0 deputada federal <strong>Erika Hilton<\/strong> (PSOL-SP). O epis\u00f3dio, que come\u00e7ou com coment\u00e1rios ao vivo, escalou para uma batalha judicial e institucional que agora envolve o <strong>Minist\u00e9rio P\u00fablico Federal (MPF)<\/strong>.<\/p>\n\n\n\n<h3 class=\"wp-block-heading\">\u200bO estopim da crise<\/h3>\n\n\n\n<p class=\"wp-block-paragraph\">\u200bA pol\u00eamica teve in\u00edcio durante o &#8220;Programa do Ratinho&#8221; na \u00faltima quarta-feira (11). Ao comentar a elei\u00e7\u00e3o de Erika Hilton para a presid\u00eancia da <strong>Comiss\u00e3o de Defesa dos Direitos da Mulher<\/strong> da C\u00e2mara dos Deputados, o apresentador afirmou que ela &#8220;n\u00e3o \u00e9 mulher, \u00e9 trans&#8221; e que o cargo deveria ser ocupado por &#8220;mulheres mesmo&#8221;. Ratinho ainda declarou que, em sua vis\u00e3o, para ser mulher \u00e9 necess\u00e1rio &#8220;ter \u00fatero e menstruar&#8221;.<\/p>\n\n\n\n<h3 class=\"wp-block-heading\">\u200bDesdobramentos jur\u00eddicos e institucionais<\/h3>\n\n\n\n<p class=\"wp-block-paragraph\">\u200bA rea\u00e7\u00e3o foi imediata e severa. Confira os principais pontos da escalada do conflito:<\/p>\n\n\n\n<ul class=\"wp-block-list\">\n<li>\u200b<strong>A\u00e7\u00e3o do MPF:<\/strong> O Minist\u00e9rio P\u00fablico Federal ajuizou uma a\u00e7\u00e3o civil p\u00fablica contra Ratinho e o SBT, pedindo uma indeniza\u00e7\u00e3o de <strong>R$ 10 milh\u00f5es<\/strong> por danos morais coletivos. O \u00f3rg\u00e3o argumenta que as falas desumanizam a identidade de g\u00eanero e utilizam uma concess\u00e3o p\u00fablica para disseminar discurso de \u00f3dio.<\/li>\n\n\n\n<li>\u200b<strong>Pedido de Suspens\u00e3o:<\/strong> Erika Hilton protocolou um pedido junto ao Minist\u00e9rio das Comunica\u00e7\u00f5es para que o programa seja suspenso por 30 dias. Al\u00e9m disso, ela move uma a\u00e7\u00e3o criminal por transfobia, crime equiparado ao racismo.<\/li>\n\n\n\n<li>\u200b<strong>Posicionamento do SBT:<\/strong> A emissora divulgou nota afirmando que as opini\u00f5es de Ratinho n\u00e3o refletem os valores da empresa e que o caso est\u00e1 sendo tratado internamente. Relatos indicam que a presid\u00eancia do SBT chegou a telefonar para a deputada para pedir desculpas formais.<\/li>\n<\/ul>\n\n\n\n<h3 class=\"wp-block-heading\">\u200bO &#8220;outro lado&#8221;<\/h3>\n\n\n\n<p class=\"wp-block-paragraph\">\u200bEm suas redes sociais, Ratinho negou ter cometido crime. O apresentador afirmou que suas falas foram uma &#8220;cr\u00edtica pol\u00edtica&#8221; e que n\u00e3o teve a inten\u00e7\u00e3o de ofender a popula\u00e7\u00e3o trans. &#8220;Cr\u00edtica pol\u00edtica n\u00e3o \u00e9 preconceito. \u00c9 jornalismo&#8221;, declarou o comunicador, que tamb\u00e9m amea\u00e7ou processar quem o acusar de transfobia.<\/p>\n\n\n\n<blockquote class=\"wp-block-quote is-layout-flow wp-block-quote-is-layout-flow\">\n<p class=\"wp-block-paragraph\">\u200b&#8221;A defesa da mulher n\u00e3o se limita \u00e0 biologia, estende-se \u00e0 identidade de g\u00eanero. Televis\u00e3o \u00e9 uma concess\u00e3o p\u00fablica e n\u00e3o pode ser usada para o cometimento de crimes&#8221;, afirmou a defesa da deputada durante as manifesta\u00e7\u00f5es.<\/p>\n<\/blockquote>\n\n\n\n<p class=\"wp-block-paragraph\">\u200bA situa\u00e7\u00e3o segue em aberto, com a audi\u00eancia do programa registrando picos em meio \u00e0 pol\u00eamica, enquanto a press\u00e3o de anunciantes e grupos de direitos humanos sobre o SBT aumenta.<\/p>\n","protected":false},"excerpt":{"rendered":"<p>A sede do SBT, em Osasco (SP), foi palco de uma manifesta\u00e7\u00e3o intensa na tarde desta sexta-feira (13). Ativistas e integrantes de movimentos sociais, como [&#8230;]<\/p>\n","protected":false},"author":1,"featured_media":5760,"comment_status":"open","ping_status":"open","sticky":false,"template":"","format":"standard","meta":{"_crdt_document":"","_jetpack_memberships_contains_paid_content":false,"footnotes":"","jetpack_publicize_message":"","jetpack_publicize_feature_enabled":true,"jetpack_social_post_already_shared":true,"jetpack_social_options":{"image_generator_settings":{"template":"highway","default_image_id":0,"font":"","enabled":false},"version":2}},"categories":[14],"tags":[],"class_list":["post-5758","post","type-post","status-publish","format-standard","has-post-thumbnail","hentry","category-famosos"],"jetpack_publicize_connections":[],"jetpack_featured_media_url":"https:\/\/i0.wp.com\/oexpressobr.com.br\/wp-content\/uploads\/2026\/03\/design-sem-nome-2026-03-12t224618-561-s1jyd61os4s3.png?fit=1000%2C563&ssl=1","jetpack_likes_enabled":true,"jetpack_sharing_enabled":true,"_links":{"self":[{"href":"https:\/\/oexpressobr.com.br\/index.php?rest_route=\/wp\/v2\/posts\/5758","targetHints":{"allow":["GET"]}}],"collection":[{"href":"https:\/\/oexpressobr.com.br\/index.php?rest_route=\/wp\/v2\/posts"}],"about":[{"href":"https:\/\/oexpressobr.com.br\/index.php?rest_route=\/wp\/v2\/types\/post"}],"author":[{"embeddable":true,"href":"https:\/\/oexpressobr.com.br\/index.php?rest_route=\/wp\/v2\/users\/1"}],"replies":[{"embeddable":true,"href":"https:\/\/oexpressobr.com.br\/index.php?rest_route=%2Fwp%2Fv2%2Fcomments&post=5758"}],"version-history":[{"count":1,"href":"https:\/\/oexpressobr.com.br\/index.php?rest_route=\/wp\/v2\/posts\/5758\/revisions"}],"predecessor-version":[{"id":5761,"href":"https:\/\/oexpressobr.com.br\/index.php?rest_route=\/wp\/v2\/posts\/5758\/revisions\/5761"}],"wp:featuredmedia":[{"embeddable":true,"href":"https:\/\/oexpressobr.com.br\/index.php?rest_route=\/wp\/v2\/media\/5760"}],"wp:attachment":[{"href":"https:\/\/oexpressobr.com.br\/index.php?rest_route=%2Fwp%2Fv2%2Fmedia&parent=5758"}],"wp:term":[{"taxonomy":"category","embeddable":true,"href":"https:\/\/oexpressobr.com.br\/index.php?rest_route=%2Fwp%2Fv2%2Fcategories&post=5758"},{"taxonomy":"post_tag","embeddable":true,"href":"https:\/\/oexpressobr.com.br\/index.php?rest_route=%2Fwp%2Fv2%2Ftags&post=5758"}],"curies":[{"name":"wp","href":"https:\/\/api.w.org\/{rel}","templated":true}]}}