{"id":576,"date":"2025-12-11T08:23:46","date_gmt":"2025-12-11T11:23:46","guid":{"rendered":"https:\/\/oexpressobr.com.br\/?p=576"},"modified":"2025-12-11T08:23:47","modified_gmt":"2025-12-11T11:23:47","slug":"candidatura-de-flavio-bolsonaro-pl-isolada-fortalece-ratinho-junior-psd-no-centro-direita","status":"publish","type":"post","link":"https:\/\/oexpressobr.com.br\/?p=576","title":{"rendered":"Candidatura de Fl\u00e1vio Bolsonaro (PL) Isolada Fortalece Ratinho J\u00fanior (PSD) no Centro-Direita"},"content":{"rendered":"\n<p class=\"wp-block-paragraph\">A recente decis\u00e3o do senador <strong>Fl\u00e1vio Bolsonaro (PL-RJ)<\/strong> de lan\u00e7ar sua pr\u00e9-candidatura \u00e0 Presid\u00eancia em 2026, com o aval do pai, o ex-presidente Jair Bolsonaro, tem gerado um <strong>isolamento pol\u00edtico<\/strong> imediato dentro do campo da centro-direita, enquanto pavimenta o caminho para a ascens\u00e3o do governador do Paran\u00e1, <strong>Ratinho J\u00fanior (PSD)<\/strong>.<\/p>\n\n\n\n<p class=\"wp-block-paragraph\">\u200bDesde o an\u00fancio, l\u00edderes partid\u00e1rios de peso e figuras do Centr\u00e3o t\u00eam demonstrado <strong>resist\u00eancia<\/strong> ou optado pelo <strong>sil\u00eancio<\/strong> sobre o projeto do filho do ex-presidente. A falta de apoio expresso refor\u00e7a a percep\u00e7\u00e3o de que a candidatura de Fl\u00e1vio, embora busque manter o sobrenome Bolsonaro no pleito, <strong>n\u00e3o possui a mesma capacidade de articula\u00e7\u00e3o<\/strong> ou apelo eleitoral para unificar a oposi\u00e7\u00e3o ao governo Lula (PT).<\/p>\n\n\n\n<h3 class=\"wp-block-heading\">\u200bIsolamento do PL e o Efeito Ratinho J\u00fanior<\/h3>\n\n\n\n<p class=\"wp-block-paragraph\">\u200bA jogada de Fl\u00e1vio, segundo analistas e a rea\u00e7\u00e3o de l\u00edderes, <strong>acelerou a articula\u00e7\u00e3o em torno de Ratinho J\u00fanior<\/strong>. O presidente nacional do PSD, <strong>Gilberto Kassab<\/strong>, j\u00e1 retomou conversas com o governador do Paran\u00e1, buscando consolidar o projeto de lan\u00e7\u00e1-lo ao Pal\u00e1cio do Planalto. A avalia\u00e7\u00e3o nos bastidores \u00e9 que Ratinho J\u00fanior, com bom desempenho em pesquisas (chegando a ter 41% em um eventual segundo turno contra Lula), representa uma <strong>op\u00e7\u00e3o mais vi\u00e1vel e menos polarizadora<\/strong> para o centro-direita.<\/p>\n\n\n\n<p class=\"wp-block-paragraph\">\u200bGovernadores importantes, como o pr\u00f3prio Ratinho J\u00fanior, e <strong>Eduardo Leite (PSD-RS)<\/strong>, t\u00eam mantido seus planos, citando a busca por uma alternativa \u00e0 polariza\u00e7\u00e3o. Ratinho afirmou que o PSD quer ser <strong>&#8220;protagonista&#8221;<\/strong> e citou Fl\u00e1vio, Zema e Caiado como nomes com os quais a legenda pode buscar uma <strong>&#8220;alian\u00e7a&#8221;<\/strong>.<\/p>\n\n\n\n<h3 class=\"wp-block-heading\">\u200bTarc\u00edsio e o Centr\u00e3o Cautelosos<\/h3>\n\n\n\n<p class=\"wp-block-paragraph\">\u200bApesar de Fl\u00e1vio Bolsonaro ter elogiado o governador de S\u00e3o Paulo, <strong>Tarc\u00edsio de Freitas (Republicanos)<\/strong>, chamando-o de &#8220;principal nome do nosso time&#8221;, o governador paulista demonstrou cautela. Tarc\u00edsio limitou-se a dizer que Fl\u00e1vio <strong>&#8220;pode contar com ele&#8221;<\/strong> e que &#8220;o tempo dir\u00e1&#8221; se a escolha foi a melhor op\u00e7\u00e3o. O sil\u00eancio inicial do governador de S\u00e3o Paulo e a posterior fala de que a multiplicidade de nomes seria positiva para a oposi\u00e7\u00e3o agregam \u00e0 leitura de que a candidatura de Fl\u00e1vio <strong>n\u00e3o \u00e9 o consenso<\/strong> esperado.<\/p>\n\n\n\n<p class=\"wp-block-paragraph\">\u200bLideran\u00e7as do Centr\u00e3o, como o presidente do PP, <strong>Ciro Nogueira<\/strong>, sugeriram que a candidatura de Fl\u00e1vio <strong>n\u00e3o \u00e9 vi\u00e1vel<\/strong>, defendendo Tarc\u00edsio e Ratinho J\u00fanior como alternativas mais fortes. Fl\u00e1vio, por sua vez, tentou minimizar o isolamento, afirmando que sua candidatura \u00e9 <strong>&#8220;irrevers\u00edvel&#8221;<\/strong> e que tem reuni\u00f5es agendadas com os presidentes do PL, Uni\u00e3o Brasil e PP, al\u00e9m de Waldomar da Costa Neto (PL) e Rog\u00e9rio Marinho (PL).<\/p>\n\n\n\n<h3 class=\"wp-block-heading\">\u200bPre\u00e7o da Desist\u00eancia<\/h3>\n\n\n\n<p class=\"wp-block-paragraph\">\u200bEm meio \u00e0 turbul\u00eancia, Fl\u00e1vio chegou a admitir, em um primeiro momento, que existia a <strong>possibilidade de n\u00e3o ir &#8220;at\u00e9 o fim&#8221;<\/strong> com a candidatura, afirmando que haveria um <strong>&#8220;pre\u00e7o&#8221;<\/strong> para isso, o que causou ainda mais ru\u00eddo sobre a convic\u00e7\u00e3o do projeto. Posteriormente, ele refor\u00e7ou a irreversibilidade da decis\u00e3o ap\u00f3s visita ao pai na Pol\u00edcia Federal.<\/p>\n\n\n\n<p class=\"wp-block-paragraph\">\u200bA candidatura de Fl\u00e1vio, interpretada por alguns como um <strong>movimento t\u00e1tico<\/strong> para manter o controle da extrema-direita sob a fam\u00edlia Bolsonaro, pode, na pr\u00e1tica, estar <strong>acelerando a unifica\u00e7\u00e3o do centro-direita<\/strong> em torno de uma chapa mais palat\u00e1vel e com maior tra\u00e7\u00e3o eleitoral, como a de Ratinho J\u00fanior.<\/p>\n","protected":false},"excerpt":{"rendered":"<p>A recente decis\u00e3o do senador Fl\u00e1vio Bolsonaro (PL-RJ) de lan\u00e7ar sua pr\u00e9-candidatura \u00e0 Presid\u00eancia em 2026, com o aval do pai, o ex-presidente Jair Bolsonaro, [&#8230;]<\/p>\n","protected":false},"author":1,"featured_media":577,"comment_status":"open","ping_status":"open","sticky":false,"template":"","format":"standard","meta":{"_crdt_document":"","_jetpack_memberships_contains_paid_content":false,"footnotes":"","jetpack_publicize_message":"","jetpack_publicize_feature_enabled":true,"jetpack_social_post_already_shared":false,"jetpack_social_options":{"image_generator_settings":{"template":"highway","default_image_id":0,"font":"","enabled":false},"version":2}},"categories":[7],"tags":[],"class_list":["post-576","post","type-post","status-publish","format-standard","has-post-thumbnail","hentry","category-politica"],"jetpack_publicize_connections":[],"jetpack_featured_media_url":"https:\/\/i0.wp.com\/oexpressobr.com.br\/wp-content\/uploads\/2025\/12\/IMG-20251211-WA0081.jpg?fit=900%2C506&ssl=1","jetpack_likes_enabled":true,"jetpack_sharing_enabled":true,"_links":{"self":[{"href":"https:\/\/oexpressobr.com.br\/index.php?rest_route=\/wp\/v2\/posts\/576","targetHints":{"allow":["GET"]}}],"collection":[{"href":"https:\/\/oexpressobr.com.br\/index.php?rest_route=\/wp\/v2\/posts"}],"about":[{"href":"https:\/\/oexpressobr.com.br\/index.php?rest_route=\/wp\/v2\/types\/post"}],"author":[{"embeddable":true,"href":"https:\/\/oexpressobr.com.br\/index.php?rest_route=\/wp\/v2\/users\/1"}],"replies":[{"embeddable":true,"href":"https:\/\/oexpressobr.com.br\/index.php?rest_route=%2Fwp%2Fv2%2Fcomments&post=576"}],"version-history":[{"count":0,"href":"https:\/\/oexpressobr.com.br\/index.php?rest_route=\/wp\/v2\/posts\/576\/revisions"}],"wp:featuredmedia":[{"embeddable":true,"href":"https:\/\/oexpressobr.com.br\/index.php?rest_route=\/wp\/v2\/media\/577"}],"wp:attachment":[{"href":"https:\/\/oexpressobr.com.br\/index.php?rest_route=%2Fwp%2Fv2%2Fmedia&parent=576"}],"wp:term":[{"taxonomy":"category","embeddable":true,"href":"https:\/\/oexpressobr.com.br\/index.php?rest_route=%2Fwp%2Fv2%2Fcategories&post=576"},{"taxonomy":"post_tag","embeddable":true,"href":"https:\/\/oexpressobr.com.br\/index.php?rest_route=%2Fwp%2Fv2%2Ftags&post=576"}],"curies":[{"name":"wp","href":"https:\/\/api.w.org\/{rel}","templated":true}]}}