{"id":5764,"date":"2026-03-14T08:03:58","date_gmt":"2026-03-14T11:03:58","guid":{"rendered":"https:\/\/oexpressobr.com.br\/?p=5764"},"modified":"2026-03-14T08:04:11","modified_gmt":"2026-03-14T11:04:11","slug":"petrobras-e-governo-federal-reajustam-diesel-para-conter-impactos-da-crise-no-oriente-medio","status":"publish","type":"post","link":"https:\/\/oexpressobr.com.br\/?p=5764","title":{"rendered":"Petrobras e Governo Federal reajustam diesel para conter impactos da crise no Oriente M\u00e9dio"},"content":{"rendered":"\n<p class=\"wp-block-paragraph\">\u200bA Petrobras iniciou, neste s\u00e1bado (14), a aplica\u00e7\u00e3o do novo pre\u00e7o de venda do \u00f3leo diesel para as distribuidoras. O combust\u00edvel sofreu um acr\u00e9scimo de R$ 0,38 por litro, elevando o valor m\u00e9dio para R$ 3,65. O reajuste ocorre em um cen\u00e1rio de forte press\u00e3o internacional devido \u00e0 escalada do conflito envolvendo o Ir\u00e3, os Estados Unidos e Israel, que impulsionou a cota\u00e7\u00e3o do barril de petr\u00f3leo Brent para a casa dos US$ 100.<\/p>\n\n\n\n<p class=\"wp-block-paragraph\">\u200bPara evitar que a alta chegasse integralmente \u00e0s bombas, o governo Lula anunciou um pacote de medidas emergenciais na \u00faltima quinta-feira (12). Entre as a\u00e7\u00f5es est\u00e3o a isen\u00e7\u00e3o das al\u00edquotas de PIS\/Cofins sobre o diesel e a cria\u00e7\u00e3o de uma subven\u00e7\u00e3o de R$ 0,32 por litro para produtores e importadores. Segundo a presidente da Petrobras, Magda Chambriard, sem essas interven\u00e7\u00f5es federais, o aumento necess\u00e1rio para equilibrar as contas da estatal seria de R$ 0,70.<\/p>\n\n\n\n<p class=\"wp-block-paragraph\">\u200b<strong>Impacto residual ao consumidor<\/strong><\/p>\n\n\n\n<p class=\"wp-block-paragraph\">\u200bApesar do reajuste de R$ 0,38 nas refinarias, a expectativa da estatal \u00e9 que o reflexo para o consumidor final seja de aproximadamente R$ 0,06 por litro. Isso se deve \u00e0 combina\u00e7\u00e3o do subs\u00eddio governamental com a mistura obrigat\u00f3ria de 15% de biodiesel. &#8220;O aumento para a sociedade ser\u00e1 residual&#8221;, afirmou Chambriard durante coletiva, destacando que a pol\u00edtica de pre\u00e7os da companhia busca evitar o repasse da volatilidade internacional imediata ao mercado interno.<\/p>\n\n\n\n<p class=\"wp-block-paragraph\">\u200b<strong>Cen\u00e1rio nos postos<\/strong><\/p>\n\n\n\n<p class=\"wp-block-paragraph\">\u200bMesmo com as medidas de conten\u00e7\u00e3o, levantamentos da Ag\u00eancia Nacional do Petr\u00f3leo (ANP) j\u00e1 registravam uma alta pr\u00e9via nos postos ao longo da \u00faltima semana, com o diesel atingindo m\u00e9dia nacional de R$ 6,80 antes mesmo da entrada em vigor do novo valor da Petrobras. O governo agora foca na fiscaliza\u00e7\u00e3o para garantir que a desonera\u00e7\u00e3o dos impostos federais seja efetivamente repassada ao pre\u00e7o final nas bombas.<\/p>\n\n\n\n<p class=\"wp-block-paragraph\">\u200bEnquanto o diesel sofre essa recomposi\u00e7\u00e3o \u2014 a primeira desde fevereiro de 2025 \u2014, os pre\u00e7os da gasolina e do etanol n\u00e3o sofreram reajustes oficiais pela Petrobras nesta atualiza\u00e7\u00e3o, embora sigam monitorados devido \u00e0 instabilidade global.<\/p>\n","protected":false},"excerpt":{"rendered":"<p>\u200bA Petrobras iniciou, neste s\u00e1bado (14), a aplica\u00e7\u00e3o do novo pre\u00e7o de venda do \u00f3leo diesel para as distribuidoras. O combust\u00edvel sofreu um acr\u00e9scimo de [&#8230;]<\/p>\n","protected":false},"author":1,"featured_media":5766,"comment_status":"open","ping_status":"open","sticky":false,"template":"","format":"standard","meta":{"_crdt_document":"","_jetpack_memberships_contains_paid_content":false,"footnotes":"","jetpack_publicize_message":"","jetpack_publicize_feature_enabled":true,"jetpack_social_post_already_shared":true,"jetpack_social_options":{"image_generator_settings":{"template":"highway","default_image_id":0,"font":"","enabled":false},"version":2}},"categories":[3],"tags":[],"class_list":["post-5764","post","type-post","status-publish","format-standard","has-post-thumbnail","hentry","category-brasil"],"jetpack_publicize_connections":[],"jetpack_featured_media_url":"https:\/\/i0.wp.com\/oexpressobr.com.br\/wp-content\/uploads\/2026\/03\/1008162483-esqelihp2bdubjgd6tajapn77a.jpg?fit=1000%2C666&ssl=1","jetpack_likes_enabled":true,"jetpack_sharing_enabled":true,"_links":{"self":[{"href":"https:\/\/oexpressobr.com.br\/index.php?rest_route=\/wp\/v2\/posts\/5764","targetHints":{"allow":["GET"]}}],"collection":[{"href":"https:\/\/oexpressobr.com.br\/index.php?rest_route=\/wp\/v2\/posts"}],"about":[{"href":"https:\/\/oexpressobr.com.br\/index.php?rest_route=\/wp\/v2\/types\/post"}],"author":[{"embeddable":true,"href":"https:\/\/oexpressobr.com.br\/index.php?rest_route=\/wp\/v2\/users\/1"}],"replies":[{"embeddable":true,"href":"https:\/\/oexpressobr.com.br\/index.php?rest_route=%2Fwp%2Fv2%2Fcomments&post=5764"}],"version-history":[{"count":1,"href":"https:\/\/oexpressobr.com.br\/index.php?rest_route=\/wp\/v2\/posts\/5764\/revisions"}],"predecessor-version":[{"id":5767,"href":"https:\/\/oexpressobr.com.br\/index.php?rest_route=\/wp\/v2\/posts\/5764\/revisions\/5767"}],"wp:featuredmedia":[{"embeddable":true,"href":"https:\/\/oexpressobr.com.br\/index.php?rest_route=\/wp\/v2\/media\/5766"}],"wp:attachment":[{"href":"https:\/\/oexpressobr.com.br\/index.php?rest_route=%2Fwp%2Fv2%2Fmedia&parent=5764"}],"wp:term":[{"taxonomy":"category","embeddable":true,"href":"https:\/\/oexpressobr.com.br\/index.php?rest_route=%2Fwp%2Fv2%2Fcategories&post=5764"},{"taxonomy":"post_tag","embeddable":true,"href":"https:\/\/oexpressobr.com.br\/index.php?rest_route=%2Fwp%2Fv2%2Ftags&post=5764"}],"curies":[{"name":"wp","href":"https:\/\/api.w.org\/{rel}","templated":true}]}}