{"id":5768,"date":"2026-03-14T08:09:35","date_gmt":"2026-03-14T11:09:35","guid":{"rendered":"https:\/\/oexpressobr.com.br\/?p=5768"},"modified":"2026-03-14T08:09:53","modified_gmt":"2026-03-14T11:09:53","slug":"eua-e-milicias-pro-ira-intensificam-confrontos-em-bagda-apos-ataque-a-embaixada","status":"publish","type":"post","link":"https:\/\/oexpressobr.com.br\/?p=5768","title":{"rendered":"EUA e mil\u00edcias pr\u00f3-Ir\u00e3 intensificam confrontos em Bagd\u00e1 ap\u00f3s ataque \u00e0 embaixada"},"content":{"rendered":"\n<p class=\"wp-block-paragraph\"><strong>BAGD\u00c1<\/strong> \u2013 O complexo da Embaixada dos Estados Unidos em Bagd\u00e1, localizado na ultraprotegida Zona Verde, foi alvo de um ataque coordenado com drones e m\u00edsseis na madrugada deste s\u00e1bado, 14 de mar\u00e7o de 2026. O incidente marca uma perigosa escalada na crise regional que se agravou desde o final de fevereiro, quando as for\u00e7as americanas e israelenses iniciaram uma ofensiva direta contra o Ir\u00e3.<\/p>\n\n\n\n<p class=\"wp-block-paragraph\">\u200bDe acordo com fontes de seguran\u00e7a iraquianas e relatos de ag\u00eancias internacionais, o ataque atingiu pontos sens\u00edveis do complexo diplom\u00e1tico, incluindo um heliporto. Embora sistemas de defesa a\u00e9rea tenham sido acionados, testemunhas relataram colunas de fuma\u00e7a saindo da estrutura. At\u00e9 o momento, n\u00e3o h\u00e1 confirma\u00e7\u00e3o oficial de v\u00edtimas fatais dentro da embaixada, mas os danos materiais s\u00e3o descritos como significativos.<\/p>\n\n\n\n<h3 class=\"wp-block-heading\">\u200b<strong>Contexto de repres\u00e1lia<\/strong><\/h3>\n\n\n\n<p class=\"wp-block-paragraph\">\u200bA investida ocorre poucas horas ap\u00f3s ataques a\u00e9reos \u2014 atribu\u00eddos aos Estados Unidos \u2014 terem matado dois membros de alto escal\u00e3o da mil\u00edcia <strong>Kataeb Hezbollah<\/strong>, um grupo paramilitar xiita com forte apoio iraniano, no bairro de Arasat, em Bagd\u00e1. A mil\u00edcia, que integra a chamada &#8220;Resist\u00eancia Isl\u00e2mica no Iraque&#8221;, tem intensificado o uso de drones suicidas contra instala\u00e7\u00f5es americanas em retalia\u00e7\u00e3o \u00e0 campanha militar de Washington na regi\u00e3o.<\/p>\n\n\n\n<h3 class=\"wp-block-heading\">\u200b<strong>Escalada regional sob o governo Trump<\/strong><\/h3>\n\n\n\n<p class=\"wp-block-paragraph\">\u200bO cen\u00e1rio no Oriente M\u00e9dio atingiu um ponto de ebuli\u00e7\u00e3o ap\u00f3s o in\u00edcio da <strong>Opera\u00e7\u00e3o F\u00faria \u00c9pica<\/strong> (codinome utilizado pelo Pent\u00e1gono) em 28 de fevereiro, que teve como alvo o alto comando de Teer\u00e3. Desde ent\u00e3o, o governo de Donald Trump tem refor\u00e7ado a presen\u00e7a militar no Iraque e em pa\u00edses vizinhos, enquanto o Ir\u00e3 e seus aliados respondem com enxames de drones contra bases e embaixadas.<\/p>\n\n\n\n<p class=\"wp-block-paragraph\">\u200bEspecialistas alertam que o Iraque est\u00e1 sendo transformado no principal campo de batalha desta guerra por procura\u00e7\u00e3o. &#8220;O ataque \u00e0 embaixada em Bagd\u00e1 \u00e9 uma mensagem clara de que nenhuma instala\u00e7\u00e3o, por mais protegida que seja, est\u00e1 fora do alcance das mil\u00edcias em meio \u00e0 atual ofensiva contra o eixo iraniano&#8221;, avaliam analistas de risco internacional.<\/p>\n\n\n\n<h3 class=\"wp-block-heading\">\u200b<strong>Principais desdobramentos nas \u00faltimas 24 horas:<\/strong><\/h3>\n\n\n\n<ul class=\"wp-block-list\">\n<li>\u200b<strong>Destrui\u00e7\u00e3o de defesas:<\/strong> Relatos indicam que um drone suicida atingiu e inutilizou um sistema de defesa a\u00e9rea instalado no topo de um dos edif\u00edcios da embaixada.<\/li>\n\n\n\n<li>\u200b<strong>Fechamento da Zona Verde:<\/strong> For\u00e7as iraquianas bloquearam todos os acessos ao distrito diplom\u00e1tico ap\u00f3s as explos\u00f5es.<\/li>\n\n\n\n<li>\u200b<strong>Retirada de pessoal:<\/strong> O Departamento de Estado dos EUA j\u00e1 havia emitido alertas de seguran\u00e7a de n\u00edvel 4, ordenando a sa\u00edda de funcion\u00e1rios n\u00e3o essenciais do Iraque e de outros pa\u00edses do Golfo no in\u00edcio deste m\u00eas.<\/li>\n<\/ul>\n\n\n\n<p class=\"wp-block-paragraph\">\u200bA Casa Branca e o Pent\u00e1gono ainda n\u00e3o emitiram um comunicado oficial detalhando a resposta militar ao ataque desta madrugada, mas o secret\u00e1rio de Defesa, Pete Hegseth, afirmou recentemente que as opera\u00e7\u00f5es contra grupos pr\u00f3-Ir\u00e3 devem ser intensificadas nas pr\u00f3ximas semanas.<\/p>\n","protected":false},"excerpt":{"rendered":"<p>BAGD\u00c1 \u2013 O complexo da Embaixada dos Estados Unidos em Bagd\u00e1, localizado na ultraprotegida Zona Verde, foi alvo de um ataque coordenado com drones e [&#8230;]<\/p>\n","protected":false},"author":1,"featured_media":5770,"comment_status":"open","ping_status":"open","sticky":false,"template":"","format":"standard","meta":{"_crdt_document":"","_jetpack_memberships_contains_paid_content":false,"footnotes":"","jetpack_publicize_message":"","jetpack_publicize_feature_enabled":true,"jetpack_social_post_already_shared":true,"jetpack_social_options":{"image_generator_settings":{"template":"highway","default_image_id":0,"font":"","enabled":false},"version":2}},"categories":[15],"tags":[],"class_list":["post-5768","post","type-post","status-publish","format-standard","has-post-thumbnail","hentry","category-internacional"],"jetpack_publicize_connections":[],"jetpack_featured_media_url":"https:\/\/i0.wp.com\/oexpressobr.com.br\/wp-content\/uploads\/2026\/03\/IMG-20260314-WA0059.jpg?fit=1080%2C608&ssl=1","jetpack_likes_enabled":true,"jetpack_sharing_enabled":true,"_links":{"self":[{"href":"https:\/\/oexpressobr.com.br\/index.php?rest_route=\/wp\/v2\/posts\/5768","targetHints":{"allow":["GET"]}}],"collection":[{"href":"https:\/\/oexpressobr.com.br\/index.php?rest_route=\/wp\/v2\/posts"}],"about":[{"href":"https:\/\/oexpressobr.com.br\/index.php?rest_route=\/wp\/v2\/types\/post"}],"author":[{"embeddable":true,"href":"https:\/\/oexpressobr.com.br\/index.php?rest_route=\/wp\/v2\/users\/1"}],"replies":[{"embeddable":true,"href":"https:\/\/oexpressobr.com.br\/index.php?rest_route=%2Fwp%2Fv2%2Fcomments&post=5768"}],"version-history":[{"count":1,"href":"https:\/\/oexpressobr.com.br\/index.php?rest_route=\/wp\/v2\/posts\/5768\/revisions"}],"predecessor-version":[{"id":5771,"href":"https:\/\/oexpressobr.com.br\/index.php?rest_route=\/wp\/v2\/posts\/5768\/revisions\/5771"}],"wp:featuredmedia":[{"embeddable":true,"href":"https:\/\/oexpressobr.com.br\/index.php?rest_route=\/wp\/v2\/media\/5770"}],"wp:attachment":[{"href":"https:\/\/oexpressobr.com.br\/index.php?rest_route=%2Fwp%2Fv2%2Fmedia&parent=5768"}],"wp:term":[{"taxonomy":"category","embeddable":true,"href":"https:\/\/oexpressobr.com.br\/index.php?rest_route=%2Fwp%2Fv2%2Fcategories&post=5768"},{"taxonomy":"post_tag","embeddable":true,"href":"https:\/\/oexpressobr.com.br\/index.php?rest_route=%2Fwp%2Fv2%2Ftags&post=5768"}],"curies":[{"name":"wp","href":"https:\/\/api.w.org\/{rel}","templated":true}]}}