{"id":5778,"date":"2026-03-14T08:26:25","date_gmt":"2026-03-14T11:26:25","guid":{"rendered":"https:\/\/oexpressobr.com.br\/?p=5778"},"modified":"2026-03-14T08:26:38","modified_gmt":"2026-03-14T11:26:38","slug":"moraes-determina-prisao-definitiva-de-militares-e-policial-condenados-por-trama-golpista","status":"publish","type":"post","link":"https:\/\/oexpressobr.com.br\/?p=5778","title":{"rendered":"Moraes determina pris\u00e3o definitiva de militares e policial condenados por trama golpista"},"content":{"rendered":"\n<p class=\"wp-block-paragraph\">O ministro do Supremo Tribunal Federal (STF), Alexandre de Moraes, determinou na \u00faltima sexta-feira (13 de mar\u00e7o de 2026) a execu\u00e7\u00e3o imediata das penas de sete condenados integrantes do chamado &#8220;n\u00facleo 3&#8221; da trama golpista. O grupo, composto por seis militares das For\u00e7as Especiais do Ex\u00e9rcito \u2014 conhecidos como &#8220;kids pretos&#8221; \u2014 e um agente da Pol\u00edcia Federal, foi sentenciado por planejar a\u00e7\u00f5es violentas que inclu\u00edam o monitoramento e o assassinato de autoridades para manter o ex-presidente Jair Bolsonaro no poder.<\/p>\n\n\n\n<p class=\"wp-block-paragraph\">\u200bA decis\u00e3o ocorre ap\u00f3s a publica\u00e7\u00e3o do ac\u00f3rd\u00e3o da Primeira Turma do STF, que rejeitou os \u00faltimos recursos das defesas em fevereiro, tornando as condena\u00e7\u00f5es definitivas (tr\u00e2nsito em julgado).<\/p>\n\n\n\n<h3 class=\"wp-block-heading\">\u200bDetalhes das condena\u00e7\u00f5es e pris\u00f5es<\/h3>\n\n\n\n<p class=\"wp-block-paragraph\">\u200bAs penas impostas variam de 16 a 24 anos de pris\u00e3o em regime inicial fechado. Entre os detidos est\u00e3o oficiais de alta patente que ocupavam cargos estrat\u00e9gicos. Tr\u00eas r\u00e9us que ainda aguardavam em liberdade foram presos e encaminhados a unidades militares:<\/p>\n\n\n\n<ul class=\"wp-block-list\">\n<li>\u200b<strong>Coronel Bernardo Rom\u00e3o Correa Netto:<\/strong> Levado ao Batalh\u00e3o de Pol\u00edcia do Ex\u00e9rcito, em Bras\u00edlia (Pena: 17 anos).<\/li>\n\n\n\n<li>\u200b<strong>Coronel Fabr\u00edcio Moreira de Bastos:<\/strong> Recolhido ao 22\u00ba Batalh\u00e3o do Ex\u00e9rcito, em Palmas (Pena: 16 anos).<\/li>\n\n\n\n<li>\u200b<strong>Tenente-coronel S\u00e9rgio Ricardo Cavaliere de Medeiros:<\/strong> Conduzido ao 1\u00ba Batalh\u00e3o do Ex\u00e9rcito, no Rio de Janeiro (Pena: 17 anos).<\/li>\n<\/ul>\n\n\n\n<p class=\"wp-block-paragraph\">\u200bOs demais condenados, que j\u00e1 se encontravam em pris\u00e3o preventiva, iniciaram o cumprimento oficial da senten\u00e7a:<\/p>\n\n\n\n<ul class=\"wp-block-list\">\n<li>\u200b<strong>Tenente-coronel H\u00e9lio Ferreira Lima:<\/strong> 24 anos de pris\u00e3o.<\/li>\n\n\n\n<li>\u200b<strong>Tenente-coronel Rafael Martins de Oliveira:<\/strong> 21 anos de pris\u00e3o.<\/li>\n\n\n\n<li>\u200b<strong>Tenente-coronel Rodrigo Bezerra de Azevedo:<\/strong> 21 anos de pris\u00e3o.<\/li>\n\n\n\n<li>\u200b<strong>Wladimir Matos Soares (Agente da PF):<\/strong> 21 anos de pris\u00e3o.<\/li>\n<\/ul>\n\n\n\n<h3 class=\"wp-block-heading\">\u200bA &#8220;Opera\u00e7\u00e3o Copa 2022&#8221; e o plano de assassinato<\/h3>\n\n\n\n<p class=\"wp-block-paragraph\">\u200bAs investiga\u00e7\u00f5es da Pol\u00edcia Federal revelaram que o grupo organizou uma opera\u00e7\u00e3o clandestina denominada &#8220;Copa 2022&#8221;. Utilizando codinomes de pa\u00edses (como &#8220;Brasil&#8221;, &#8220;Gana&#8221; e &#8220;Jap\u00e3o&#8221;) e telefones registrados em nome de terceiros, os acusados monitoraram os passos do ministro Alexandre de Moraes com o intuito de &#8220;neutraliz\u00e1-lo&#8221;.<\/p>\n\n\n\n<p class=\"wp-block-paragraph\">\u200bMensagens encontradas nos dispositivos dos r\u00e9us indicavam um plano para &#8220;matar meio mundo&#8221; e o assassinato do ent\u00e3o presidente eleito Luiz In\u00e1cio Lula da Silva e de seu vice, Geraldo Alckmin. O n\u00facleo tamb\u00e9m atuou na press\u00e3o sobre o Alto Comando do Ex\u00e9rcito para que houvesse uma ades\u00e3o formal ao golpe de Estado, o que n\u00e3o se concretizou.<\/p>\n\n\n\n<h3 class=\"wp-block-heading\">\u200bAcordos e penas alternativas<\/h3>\n\n\n\n<p class=\"wp-block-paragraph\">\u200bEnquanto o n\u00facleo operacional enfrenta penas severas, outros dois militares do mesmo batalh\u00e3o, <strong>M\u00e1rcio Nunes de Resende Jr.<\/strong> e <strong>Ronald Ferreira de Ara\u00fajo Jr.<\/strong>, receberam penas menores (inferiores a 4 anos) por crimes de menor potencial ofensivo dentro da mesma trama. Para estes, o ministro Moraes homologou acordos de n\u00e3o persecu\u00e7\u00e3o penal que incluem presta\u00e7\u00e3o de servi\u00e7os comunit\u00e1rios, pagamento de multas de R$ 20 mil e a proibi\u00e7\u00e3o do uso de redes sociais. Eles tamb\u00e9m dever\u00e3o frequentar cursos sobre democracia e direitos humanos.<\/p>\n\n\n\n<p class=\"wp-block-paragraph\">\u200bA medida encerra uma das frentes mais sens\u00edveis das investiga\u00e7\u00f5es sobre os atos antidemocr\u00e1ticos, focada especificamente na elite militar que utilizou conhecimentos de for\u00e7as especiais para atentar contra as institui\u00e7\u00f5es brasileiras.<\/p>\n","protected":false},"excerpt":{"rendered":"<p>O ministro do Supremo Tribunal Federal (STF), Alexandre de Moraes, determinou na \u00faltima sexta-feira (13 de mar\u00e7o de 2026) a execu\u00e7\u00e3o imediata das penas de [&#8230;]<\/p>\n","protected":false},"author":1,"featured_media":5780,"comment_status":"open","ping_status":"open","sticky":false,"template":"","format":"standard","meta":{"_crdt_document":"","_jetpack_memberships_contains_paid_content":false,"footnotes":"","jetpack_publicize_message":"","jetpack_publicize_feature_enabled":true,"jetpack_social_post_already_shared":true,"jetpack_social_options":{"image_generator_settings":{"template":"highway","default_image_id":0,"font":"","enabled":false},"version":2}},"categories":[8],"tags":[],"class_list":["post-5778","post","type-post","status-publish","format-standard","has-post-thumbnail","hentry","category-judiciario"],"jetpack_publicize_connections":[],"jetpack_featured_media_url":"https:\/\/i0.wp.com\/oexpressobr.com.br\/wp-content\/uploads\/2026\/03\/54854490395_c87ce092a7_o.webp?fit=1170%2C700&ssl=1","jetpack_likes_enabled":true,"jetpack_sharing_enabled":true,"_links":{"self":[{"href":"https:\/\/oexpressobr.com.br\/index.php?rest_route=\/wp\/v2\/posts\/5778","targetHints":{"allow":["GET"]}}],"collection":[{"href":"https:\/\/oexpressobr.com.br\/index.php?rest_route=\/wp\/v2\/posts"}],"about":[{"href":"https:\/\/oexpressobr.com.br\/index.php?rest_route=\/wp\/v2\/types\/post"}],"author":[{"embeddable":true,"href":"https:\/\/oexpressobr.com.br\/index.php?rest_route=\/wp\/v2\/users\/1"}],"replies":[{"embeddable":true,"href":"https:\/\/oexpressobr.com.br\/index.php?rest_route=%2Fwp%2Fv2%2Fcomments&post=5778"}],"version-history":[{"count":1,"href":"https:\/\/oexpressobr.com.br\/index.php?rest_route=\/wp\/v2\/posts\/5778\/revisions"}],"predecessor-version":[{"id":5781,"href":"https:\/\/oexpressobr.com.br\/index.php?rest_route=\/wp\/v2\/posts\/5778\/revisions\/5781"}],"wp:featuredmedia":[{"embeddable":true,"href":"https:\/\/oexpressobr.com.br\/index.php?rest_route=\/wp\/v2\/media\/5780"}],"wp:attachment":[{"href":"https:\/\/oexpressobr.com.br\/index.php?rest_route=%2Fwp%2Fv2%2Fmedia&parent=5778"}],"wp:term":[{"taxonomy":"category","embeddable":true,"href":"https:\/\/oexpressobr.com.br\/index.php?rest_route=%2Fwp%2Fv2%2Fcategories&post=5778"},{"taxonomy":"post_tag","embeddable":true,"href":"https:\/\/oexpressobr.com.br\/index.php?rest_route=%2Fwp%2Fv2%2Ftags&post=5778"}],"curies":[{"name":"wp","href":"https:\/\/api.w.org\/{rel}","templated":true}]}}