{"id":5789,"date":"2026-03-15T07:39:53","date_gmt":"2026-03-15T10:39:53","guid":{"rendered":"https:\/\/oexpressobr.com.br\/?p=5789"},"modified":"2026-03-15T07:39:59","modified_gmt":"2026-03-15T10:39:59","slug":"lula-e-trump-enfrentam-crise-diplomatica-apos-revogacao-de-visto-e-pressao-sobre-faccoes","status":"publish","type":"post","link":"https:\/\/oexpressobr.com.br\/?p=5789","title":{"rendered":"Lula e Trump enfrentam crise diplom\u00e1tica ap\u00f3s revoga\u00e7\u00e3o de visto e press\u00e3o sobre fac\u00e7\u00f5es"},"content":{"rendered":"\n<p class=\"wp-block-paragraph\">\u200bA rela\u00e7\u00e3o entre os presidentes Luiz In\u00e1cio Lula da Silva e Donald Trump, que vinha sendo monitorada com cautela por analistas internacionais, entrou em um territ\u00f3rio de turbul\u00eancia nesta semana. O que antes era descrito por alguns como uma &#8220;qu\u00edmica pragm\u00e1tica&#8221; baseada em interesses comerciais e estrat\u00e9gicos, agora d\u00e1 lugar a uma s\u00e9rie de impasses diplom\u00e1ticos e decis\u00f5es de seguran\u00e7a que podem redefinir o eixo Bras\u00edlia-Washington.<\/p>\n\n\n\n<h3 class=\"wp-block-heading\">\u200bO estopim: A expuls\u00e3o diplom\u00e1tica e o &#8220;fator Beattie&#8221;<\/h3>\n\n\n\n<p class=\"wp-block-paragraph\">\u200bO epis\u00f3dio mais cr\u00edtico ocorreu na \u00faltima sexta-feira (14\/03), quando o governo brasileiro revogou o visto de Darren Beattie, conselheiro estrat\u00e9gico do Departamento de Estado dos EUA para assuntos de Brasil. Beattie, figura influente na ala mais conservadora do governo Trump, tinha uma visita programada para a pr\u00f3xima semana para discutir temas de defesa e seguran\u00e7a cibern\u00e9tica.<\/p>\n\n\n\n<p class=\"wp-block-paragraph\">\u200bA chancelaria brasileira n\u00e3o detalhou os motivos espec\u00edficos da revoga\u00e7\u00e3o, mas interlocutores do Itamaraty sugerem que a medida foi uma resposta a &#8220;inger\u00eancias em assuntos internos&#8221;. No Departamento de Estado, a rea\u00e7\u00e3o foi de surpresa e descontentamento, sendo interpretada como uma afronta direta \u00e0 administra\u00e7\u00e3o Trump.<\/p>\n\n\n\n<h3 class=\"wp-block-heading\">\u200bFac\u00e7\u00f5es na mira do terrorismo<\/h3>\n\n\n\n<p class=\"wp-block-paragraph\">\u200bOutro ponto de fric\u00e7\u00e3o \u00e9 o avan\u00e7o dos Estados Unidos na classifica\u00e7\u00e3o do Primeiro Comando da Capital (PCC) e do Comando Vermelho (CV) como organiza\u00e7\u00f5es terroristas estrangeiras.<\/p>\n\n\n\n<p class=\"wp-block-paragraph\">\u200bDe acordo com atualiza\u00e7\u00f5es recentes e apura\u00e7\u00f5es do portal UOL, essa designa\u00e7\u00e3o permitiria aos EUA congelar ativos financeiros dessas fac\u00e7\u00f5es em solo americano e aplicar san\u00e7\u00f5es severas a indiv\u00edduos ou institui\u00e7\u00f5es que colaborem com elas. Embora o combate ao crime organizado seja uma pauta comum, o governo brasileiro v\u00ea com ressalvas a aplica\u00e7\u00e3o de leis antiterrorismo americanas dentro do territ\u00f3rio nacional, temendo uma perda de soberania sobre a gest\u00e3o da seguran\u00e7a p\u00fablica e o sistema penitenci\u00e1rio.<\/p>\n\n\n\n<h3 class=\"wp-block-heading\">\u200bDisputas comerciais e a lista de investiga\u00e7\u00e3o<\/h3>\n\n\n\n<p class=\"wp-block-paragraph\">\u200bA tens\u00e3o n\u00e3o se limita \u00e0 seguran\u00e7a. Na quinta-feira (12\/03), o escrit\u00f3rio do Representante Comercial dos EUA (USTR) incluiu o Brasil em uma ampla investiga\u00e7\u00e3o sobre pr\u00e1ticas comerciais. O governo Trump alega que barreiras tarif\u00e1rias e subs\u00eddios em setores espec\u00edficos prejudicam o equil\u00edbrio do mercado.<\/p>\n\n\n\n<p class=\"wp-block-paragraph\">\u200bO Brasil est\u00e1 entre os 60 pa\u00edses e blocos econ\u00f4micos monitorados, o que sinaliza que a pol\u00edtica de &#8220;Am\u00e9rica Primeiro&#8221; (America First) de Trump n\u00e3o abrir\u00e1 exce\u00e7\u00f5es para Bras\u00edlia, independentemente da afinidade pessoal entre os mandat\u00e1rios.<\/p>\n\n\n\n<h3 class=\"wp-block-heading\">\u200bO que dizem os especialistas?<\/h3>\n\n\n\n<p class=\"wp-block-paragraph\">\u200bPara diplomatas ouvidos pela BBC News Brasil, a &#8220;qu\u00edmica&#8221; inicial entre Lula e Trump \u2014 sustentada pela necessidade de manter o fluxo de exporta\u00e7\u00f5es e investimentos \u2014 est\u00e1 sendo testada pela realidade geopol\u00edtica. Enquanto Lula busca fortalecer o papel do Brasil no Sul Global e nos BRICS, Trump mant\u00e9m uma postura assertiva e unilateral que frequentemente colide com a autonomia desejada pelo Planalto.<\/p>\n\n\n\n<p class=\"wp-block-paragraph\">\u200bAs consequ\u00eancias desse esfriamento podem ser sentidas no curto prazo em:<\/p>\n\n\n\n<ol class=\"wp-block-list\">\n<li>\u200b<strong>Coopera\u00e7\u00e3o de Intelig\u00eancia:<\/strong> O caso das fac\u00e7\u00f5es pode travar o compartilhamento de dados entre o FBI e a Pol\u00edcia Federal.<\/li>\n\n\n\n<li>\u200b<strong>Investimentos:<\/strong> A incerteza diplom\u00e1tica tende a deixar investidores americanos em compasso de espera.<\/li>\n\n\n\n<li>\u200b<strong>Isolamento Regional:<\/strong> Sem a sintonia com Washington, o Brasil pode enfrentar dificuldades para mediar crises regionais na Am\u00e9rica Latina.<\/li>\n<\/ol>\n\n\n\n<p class=\"wp-block-paragraph\">\u200bO cen\u00e1rio atual sugere que, se houve uma &#8220;lua de mel&#8221; pragm\u00e1tica, ela deu lugar a um per\u00edodo de negocia\u00e7\u00f5es duras, onde os interesses de Estado est\u00e3o pesando muito mais do que os acenos pol\u00edticos entre os dois l\u00edderes.<\/p>\n\n\n\n<p class=\"wp-block-paragraph\"><\/p>\n","protected":false},"excerpt":{"rendered":"<p>\u200bA rela\u00e7\u00e3o entre os presidentes Luiz In\u00e1cio Lula da Silva e Donald Trump, que vinha sendo monitorada com cautela por analistas internacionais, entrou em um [&#8230;]<\/p>\n","protected":false},"author":1,"featured_media":5790,"comment_status":"open","ping_status":"open","sticky":false,"template":"","format":"standard","meta":{"_crdt_document":"","_jetpack_memberships_contains_paid_content":false,"footnotes":"","jetpack_publicize_message":"","jetpack_publicize_feature_enabled":true,"jetpack_social_post_already_shared":true,"jetpack_social_options":{"image_generator_settings":{"template":"highway","default_image_id":0,"font":"","enabled":false},"version":2}},"categories":[15],"tags":[],"class_list":["post-5789","post","type-post","status-publish","format-standard","has-post-thumbnail","hentry","category-internacional"],"jetpack_publicize_connections":[],"jetpack_featured_media_url":"https:\/\/i0.wp.com\/oexpressobr.com.br\/wp-content\/uploads\/2026\/03\/3d4e1320-1f8e-11f1-adc2-6da55c842cec.jpg.webp?fit=594%2C334&ssl=1","jetpack_likes_enabled":true,"jetpack_sharing_enabled":true,"_links":{"self":[{"href":"https:\/\/oexpressobr.com.br\/index.php?rest_route=\/wp\/v2\/posts\/5789","targetHints":{"allow":["GET"]}}],"collection":[{"href":"https:\/\/oexpressobr.com.br\/index.php?rest_route=\/wp\/v2\/posts"}],"about":[{"href":"https:\/\/oexpressobr.com.br\/index.php?rest_route=\/wp\/v2\/types\/post"}],"author":[{"embeddable":true,"href":"https:\/\/oexpressobr.com.br\/index.php?rest_route=\/wp\/v2\/users\/1"}],"replies":[{"embeddable":true,"href":"https:\/\/oexpressobr.com.br\/index.php?rest_route=%2Fwp%2Fv2%2Fcomments&post=5789"}],"version-history":[{"count":1,"href":"https:\/\/oexpressobr.com.br\/index.php?rest_route=\/wp\/v2\/posts\/5789\/revisions"}],"predecessor-version":[{"id":5791,"href":"https:\/\/oexpressobr.com.br\/index.php?rest_route=\/wp\/v2\/posts\/5789\/revisions\/5791"}],"wp:featuredmedia":[{"embeddable":true,"href":"https:\/\/oexpressobr.com.br\/index.php?rest_route=\/wp\/v2\/media\/5790"}],"wp:attachment":[{"href":"https:\/\/oexpressobr.com.br\/index.php?rest_route=%2Fwp%2Fv2%2Fmedia&parent=5789"}],"wp:term":[{"taxonomy":"category","embeddable":true,"href":"https:\/\/oexpressobr.com.br\/index.php?rest_route=%2Fwp%2Fv2%2Fcategories&post=5789"},{"taxonomy":"post_tag","embeddable":true,"href":"https:\/\/oexpressobr.com.br\/index.php?rest_route=%2Fwp%2Fv2%2Ftags&post=5789"}],"curies":[{"name":"wp","href":"https:\/\/api.w.org\/{rel}","templated":true}]}}