{"id":5792,"date":"2026-03-15T07:47:29","date_gmt":"2026-03-15T10:47:29","guid":{"rendered":"https:\/\/oexpressobr.com.br\/?p=5792"},"modified":"2026-03-15T07:47:37","modified_gmt":"2026-03-15T10:47:37","slug":"justica-dos-eua-decide-futuro-da-responsabilidade-da-meta-e-google-por-vicio-digital","status":"publish","type":"post","link":"https:\/\/oexpressobr.com.br\/?p=5792","title":{"rendered":"Justi\u00e7a dos EUA decide futuro da responsabilidade da Meta e Google por v\u00edcio digital"},"content":{"rendered":"\n<p class=\"wp-block-paragraph\">\u200bO tribunal de Los Angeles tornou-se o epicentro de uma batalha jur\u00eddica que pode alterar permanentemente o funcionamento do Vale do Sil\u00edcio. No centro do debate est\u00e1 a jovem <strong>Kaley (KGM)<\/strong>, cujo depoimento detalha uma rotina de depend\u00eancia extrema: 16 horas di\u00e1rias conectada, despertares noturnos para conferir notifica\u00e7\u00f5es e o isolamento total do conv\u00edvio familiar. O caso dela \u00e9 a ponta de lan\u00e7a de uma coaliz\u00e3o que re\u00fane mais de <strong>2 mil processos<\/strong> contra gigantes como <strong>Meta<\/strong> (Instagram e Facebook) e <strong>Alphabet<\/strong> (Google\/YouTube).<\/p>\n\n\n\n<h3 class=\"wp-block-heading\">\u200bO n\u00facleo do debate: Algoritmo ou entretenimento?<\/h3>\n\n\n\n<p class=\"wp-block-paragraph\">\u200bA defesa das Big Techs tradicionalmente se apoia na <strong>Se\u00e7\u00e3o 230<\/strong> da Lei de Dec\u00eancia nas Comunica\u00e7\u00f5es, que protege plataformas de serem processadas pelo conte\u00fado postado por terceiros. No entanto, a estrat\u00e9gia dos promotores neste julgamento hist\u00f3rico \u00e9 inovadora: eles n\u00e3o focam no conte\u00fado em si, mas no <strong>design do produto<\/strong>.<\/p>\n\n\n\n<ul class=\"wp-block-list\">\n<li>\u200b<strong>A acusa\u00e7\u00e3o:<\/strong> Argumenta que os algoritmos foram projetados deliberadamente para serem viciantes, utilizando mecanismos de dopamina semelhantes aos de m\u00e1quinas ca\u00e7a-n\u00edqueis para manter jovens presos \u00e0 tela.<\/li>\n\n\n\n<li>\u200b<strong>A defesa:<\/strong> As empresas alegam que oferecem ferramentas de controle parental e que a responsabilidade pelo bem-estar dos menores cabe aos respons\u00e1veis, al\u00e9m de defenderem que o impacto das redes sociais na sa\u00fade mental \u00e9 um tema complexo e multifatorial.<\/li>\n<\/ul>\n\n\n\n<h3 class=\"wp-block-heading\">\u200bO impacto al\u00e9m das fronteiras<\/h3>\n\n\n\n<p class=\"wp-block-paragraph\">\u200bO desfecho deste caso \u00e9 monitorado globalmente. Se o j\u00fari de Los Angeles decidir que o design da plataforma \u00e9 um &#8220;produto defeituoso&#8221;, abre-se um precedente para que as empresas sejam obrigadas a pagar indeniza\u00e7\u00f5es bilion\u00e1rias e, mais importante, a <strong>reformular suas interfaces<\/strong> para reduzir a natureza compulsiva do uso.<\/p>\n\n\n\n<p class=\"wp-block-paragraph\">\u200bRecentemente, \u00f3rg\u00e3os reguladores na Europa e no Brasil tamb\u00e9m intensificaram a press\u00e3o por maior transpar\u00eancia nos algoritmos de recomenda\u00e7\u00e3o, mas esta \u00e9 a primeira vez que uma corte decide se h\u00e1 nexo causal direto entre as linhas de c\u00f3digo das plataformas e danos cl\u00ednicos como depress\u00e3o, ansiedade e idea\u00e7\u00e3o suicida em escala em massa.<\/p>\n\n\n\n<blockquote class=\"wp-block-quote is-layout-flow wp-block-quote-is-layout-flow\">\n<p class=\"wp-block-paragraph\">\u200b&#8221;Estamos tratando as redes sociais como se fossem um utilit\u00e1rio p\u00fablico, mas elas funcionam com a l\u00f3gica de uma ind\u00fastria de cassinos&#8221;, afirmou um dos especialistas jur\u00eddicos que acompanham o caso.<\/p>\n<\/blockquote>\n\n\n\n<h3 class=\"wp-block-heading\">\u200bO que esperar das pr\u00f3ximas audi\u00eancias?<\/h3>\n\n\n\n<p class=\"wp-block-paragraph\">\u200bNas pr\u00f3ximas semanas, especialistas em psicologia comportamental e ex-engenheiros de software devem depor. O objetivo \u00e9 provar se as empresas sabiam, atrav\u00e9s de pesquisas internas, que seus produtos causavam danos a adolescentes e se optaram por ignorar esses dados em favor do lucro e do engajamento.<\/p>\n\n\n\n<p class=\"wp-block-paragraph\">\u200bO veredito de Kaley ser\u00e1 o term\u00f4metro para os milhares de outros processos que aguardam na fila, incluindo a\u00e7\u00f5es movidas por distritos escolares americanos que alegam sobrecarga no sistema de sa\u00fade escolar devido \u00e0 crise de sa\u00fade mental dos alunos.<\/p>\n\n\n\n<p class=\"wp-block-paragraph\"><\/p>\n","protected":false},"excerpt":{"rendered":"<p>\u200bO tribunal de Los Angeles tornou-se o epicentro de uma batalha jur\u00eddica que pode alterar permanentemente o funcionamento do Vale do Sil\u00edcio. No centro do [&#8230;]<\/p>\n","protected":false},"author":1,"featured_media":5794,"comment_status":"open","ping_status":"open","sticky":false,"template":"","format":"standard","meta":{"_crdt_document":"","_jetpack_memberships_contains_paid_content":false,"footnotes":"","jetpack_publicize_message":"","jetpack_publicize_feature_enabled":true,"jetpack_social_post_already_shared":true,"jetpack_social_options":{"image_generator_settings":{"template":"highway","default_image_id":0,"font":"","enabled":false},"version":2}},"categories":[31],"tags":[],"class_list":["post-5792","post","type-post","status-publish","format-standard","has-post-thumbnail","hentry","category-entretenimento"],"jetpack_publicize_connections":[],"jetpack_featured_media_url":"https:\/\/i0.wp.com\/oexpressobr.com.br\/wp-content\/uploads\/2026\/03\/51f0ac50-1f09-11f1-801d-ed3cff6bf876.jpg.webp?fit=800%2C450&ssl=1","jetpack_likes_enabled":true,"jetpack_sharing_enabled":true,"_links":{"self":[{"href":"https:\/\/oexpressobr.com.br\/index.php?rest_route=\/wp\/v2\/posts\/5792","targetHints":{"allow":["GET"]}}],"collection":[{"href":"https:\/\/oexpressobr.com.br\/index.php?rest_route=\/wp\/v2\/posts"}],"about":[{"href":"https:\/\/oexpressobr.com.br\/index.php?rest_route=\/wp\/v2\/types\/post"}],"author":[{"embeddable":true,"href":"https:\/\/oexpressobr.com.br\/index.php?rest_route=\/wp\/v2\/users\/1"}],"replies":[{"embeddable":true,"href":"https:\/\/oexpressobr.com.br\/index.php?rest_route=%2Fwp%2Fv2%2Fcomments&post=5792"}],"version-history":[{"count":1,"href":"https:\/\/oexpressobr.com.br\/index.php?rest_route=\/wp\/v2\/posts\/5792\/revisions"}],"predecessor-version":[{"id":5795,"href":"https:\/\/oexpressobr.com.br\/index.php?rest_route=\/wp\/v2\/posts\/5792\/revisions\/5795"}],"wp:featuredmedia":[{"embeddable":true,"href":"https:\/\/oexpressobr.com.br\/index.php?rest_route=\/wp\/v2\/media\/5794"}],"wp:attachment":[{"href":"https:\/\/oexpressobr.com.br\/index.php?rest_route=%2Fwp%2Fv2%2Fmedia&parent=5792"}],"wp:term":[{"taxonomy":"category","embeddable":true,"href":"https:\/\/oexpressobr.com.br\/index.php?rest_route=%2Fwp%2Fv2%2Fcategories&post=5792"},{"taxonomy":"post_tag","embeddable":true,"href":"https:\/\/oexpressobr.com.br\/index.php?rest_route=%2Fwp%2Fv2%2Ftags&post=5792"}],"curies":[{"name":"wp","href":"https:\/\/api.w.org\/{rel}","templated":true}]}}