{"id":5802,"date":"2026-03-15T08:01:45","date_gmt":"2026-03-15T11:01:45","guid":{"rendered":"https:\/\/oexpressobr.com.br\/?p=5802"},"modified":"2026-03-15T08:01:52","modified_gmt":"2026-03-15T11:01:52","slug":"walter-salles-e-kleber-mendonca-filho-levam-memoria-da-ditadura-ao-centro-do-debate-global-com-vitorias-historicas-no-oscar-e-em-cannes","status":"publish","type":"post","link":"https:\/\/oexpressobr.com.br\/?p=5802","title":{"rendered":"Walter Salles e Kleber Mendon\u00e7a Filho levam mem\u00f3ria da ditadura ao centro do debate global com vit\u00f3rias hist\u00f3ricas no Oscar e em Cannes"},"content":{"rendered":"\n<p class=\"wp-block-paragraph\">O cinema brasileiro vive um momento de consagra\u00e7\u00e3o internacional sem precedentes, utilizando a s\u00e9tima arte como uma poderosa ferramenta de elabora\u00e7\u00e3o hist\u00f3rica. Em um intervalo de poucos meses, os cineastas Walter Salles e Kleber Mendon\u00e7a Filho n\u00e3o apenas conquistaram os principais palcos do mundo \u2014 do Oscar ao Festival de Cannes \u2014, mas reabriram feridas e di\u00e1logos sobre o per\u00edodo da ditadura militar (1964-1985), transformando traumas silenciados em reconhecimento art\u00edstico global.<\/p>\n\n\n\n<p class=\"wp-block-paragraph\">\u200b<strong>O triunfo hist\u00f3rico de &#8220;Ainda Estou Aqui&#8221;<\/strong><\/p>\n\n\n\n<p class=\"wp-block-paragraph\">Na cerim\u00f4nia do Oscar 2025, realizada no \u00faltimo dia 2 de mar\u00e7o, Walter Salles fez hist\u00f3ria ao receber a estatueta de Melhor Filme Internacional por <em>Ainda Estou Aqui<\/em>. Em seu discurso, Salles dedicou o pr\u00eamio a Eunice Paiva, a mulher que resistiu ao desaparecimento for\u00e7ado de seu marido, o ex-deputado Rubens Paiva. &#8220;Esse pr\u00eamio vai para uma mulher que decidiu n\u00e3o se dobrar&#8221;, afirmou o diretor. O longa, que j\u00e1 havia rendido a Fernanda Torres o Globo de Ouro de Melhor Atriz e o pr\u00eamio de Melhor Roteiro em Veneza, tornou-se um fen\u00f4meno de bilheteria no Brasil, levando milh\u00f5es de espectadores a confrontar a face dom\u00e9stica e cruel do autoritarismo.<\/p>\n\n\n\n<p class=\"wp-block-paragraph\">\u200b<strong>Wagner Moura e a consagra\u00e7\u00e3o em Cannes<\/strong><\/p>\n\n\n\n<p class=\"wp-block-paragraph\">Dando continuidade \u00e0 &#8220;era de ouro&#8221; recente, o novo filme de Kleber Mendon\u00e7a Filho, <em>O Agente Secreto<\/em>, brilhou intensamente no Festival de Cannes 2025. O protagonista Wagner Moura venceu o pr\u00eamio de Melhor Ator, uma conquista in\u00e9dita para o pa\u00eds na categoria masculina do festival franc\u00eas. Situado em 1977, no Recife, o suspense narra a hist\u00f3ria de um especialista em tecnologia que tenta escapar de seu passado enquanto a vigil\u00e2ncia do regime se fecha ao seu redor. O filme, que estreia no Brasil no final de 2025 com altas expectativas para o Oscar 2026, utiliza o g\u00eanero do suspense para tratar da paranoia institucionalizada da \u00e9poca.<\/p>\n\n\n\n<p class=\"wp-block-paragraph\">\u200b<strong>A vis\u00e3o do psicanalista: O sil\u00eancio como sintoma<\/strong><\/p>\n\n\n\n<p class=\"wp-block-paragraph\">Para o psicanalista Rafael Alves Lima, professor da USP e autor do livro <em>Psican\u00e1lise na Ditadura<\/em>, esse movimento cinematogr\u00e1fico \u00e9 fundamental para a sa\u00fade ps\u00edquica da na\u00e7\u00e3o. Em entrevista recente, Lima destaca que o per\u00edodo militar foi marcado por um &#8220;silenciamento produtivo&#8221; \u2014 onde a psican\u00e1lise, paradoxalmente, cresceu enquanto o pa\u00eds se calava.<\/p>\n\n\n\n<p class=\"wp-block-paragraph\">\u200bSegundo o pesquisador, filmes como os de Salles e Mendon\u00e7a Filho operam como uma &#8220;pol\u00edtica de mem\u00f3ria&#8221; necess\u00e1ria. &#8220;O sil\u00eancio era a marca do sofrimento psicol\u00f3gico naquele per\u00edodo&#8221;, explica Lima. Para ele, ao dar visibilidade \u00e0s hist\u00f3rias de desaparecidos e \u00e0 paranoia do Estado, o cinema ajuda a trazer \u00e0 tona a &#8220;dimens\u00e3o psicol\u00f3gica do trauma&#8221;, impedindo que a sociedade brasileira permane\u00e7a em um estado de &#8220;neurose&#8221; que permite a repeti\u00e7\u00e3o de impulsos autorit\u00e1rios.<\/p>\n\n\n\n<p class=\"wp-block-paragraph\">\u200b<strong>Impacto cultural e futuro<\/strong><\/p>\n\n\n\n<p class=\"wp-block-paragraph\">A recep\u00e7\u00e3o calorosa dessas obras indica que o p\u00fablico brasileiro e a cr\u00edtica internacional est\u00e3o \u00e1vidos por narrativas que humanizem a estat\u00edstica dos anos de chumbo. Com <em>O Agente Secreto<\/em> j\u00e1 despontando como favorito para a temporada de premia\u00e7\u00f5es de 2026 e <em>Ainda Estou Aqui<\/em> consolidado como um marco hist\u00f3rico, o cinema nacional reafirma que recordar n\u00e3o \u00e9 apenas um ato pol\u00edtico, mas uma necessidade terap\u00eautica para um pa\u00eds que ainda busca reconciliar-se com o pr\u00f3prio passado.<\/p>\n","protected":false},"excerpt":{"rendered":"<p>O cinema brasileiro vive um momento de consagra\u00e7\u00e3o internacional sem precedentes, utilizando a s\u00e9tima arte como uma poderosa ferramenta de elabora\u00e7\u00e3o hist\u00f3rica. Em um intervalo [&#8230;]<\/p>\n","protected":false},"author":1,"featured_media":5804,"comment_status":"open","ping_status":"open","sticky":false,"template":"","format":"standard","meta":{"_crdt_document":"","_jetpack_memberships_contains_paid_content":false,"footnotes":"","jetpack_publicize_message":"","jetpack_publicize_feature_enabled":true,"jetpack_social_post_already_shared":true,"jetpack_social_options":{"image_generator_settings":{"template":"highway","default_image_id":0,"font":"","enabled":false},"version":2}},"categories":[31],"tags":[],"class_list":["post-5802","post","type-post","status-publish","format-standard","has-post-thumbnail","hentry","category-entretenimento"],"jetpack_publicize_connections":[],"jetpack_featured_media_url":"https:\/\/i0.wp.com\/oexpressobr.com.br\/wp-content\/uploads\/2026\/03\/81655840-1faa-11f1-9b38-b30876972faa.jpg.webp?fit=594%2C334&ssl=1","jetpack_likes_enabled":true,"jetpack_sharing_enabled":true,"_links":{"self":[{"href":"https:\/\/oexpressobr.com.br\/index.php?rest_route=\/wp\/v2\/posts\/5802","targetHints":{"allow":["GET"]}}],"collection":[{"href":"https:\/\/oexpressobr.com.br\/index.php?rest_route=\/wp\/v2\/posts"}],"about":[{"href":"https:\/\/oexpressobr.com.br\/index.php?rest_route=\/wp\/v2\/types\/post"}],"author":[{"embeddable":true,"href":"https:\/\/oexpressobr.com.br\/index.php?rest_route=\/wp\/v2\/users\/1"}],"replies":[{"embeddable":true,"href":"https:\/\/oexpressobr.com.br\/index.php?rest_route=%2Fwp%2Fv2%2Fcomments&post=5802"}],"version-history":[{"count":1,"href":"https:\/\/oexpressobr.com.br\/index.php?rest_route=\/wp\/v2\/posts\/5802\/revisions"}],"predecessor-version":[{"id":5805,"href":"https:\/\/oexpressobr.com.br\/index.php?rest_route=\/wp\/v2\/posts\/5802\/revisions\/5805"}],"wp:featuredmedia":[{"embeddable":true,"href":"https:\/\/oexpressobr.com.br\/index.php?rest_route=\/wp\/v2\/media\/5804"}],"wp:attachment":[{"href":"https:\/\/oexpressobr.com.br\/index.php?rest_route=%2Fwp%2Fv2%2Fmedia&parent=5802"}],"wp:term":[{"taxonomy":"category","embeddable":true,"href":"https:\/\/oexpressobr.com.br\/index.php?rest_route=%2Fwp%2Fv2%2Fcategories&post=5802"},{"taxonomy":"post_tag","embeddable":true,"href":"https:\/\/oexpressobr.com.br\/index.php?rest_route=%2Fwp%2Fv2%2Ftags&post=5802"}],"curies":[{"name":"wp","href":"https:\/\/api.w.org\/{rel}","templated":true}]}}