{"id":5807,"date":"2026-03-15T08:08:32","date_gmt":"2026-03-15T11:08:32","guid":{"rendered":"https:\/\/oexpressobr.com.br\/?p=5807"},"modified":"2026-03-15T08:08:41","modified_gmt":"2026-03-15T11:08:41","slug":"daniel-vorcaro-e-as-transacoes-milionarias-sob-investigacao-do-stf","status":"publish","type":"post","link":"https:\/\/oexpressobr.com.br\/?p=5807","title":{"rendered":"Daniel Vorcaro e as transa\u00e7\u00f5es milion\u00e1rias sob investiga\u00e7\u00e3o do STF"},"content":{"rendered":"\n<p class=\"wp-block-paragraph\">\u200bO empres\u00e1rio e ex-controlador do Banco Master, <strong>Daniel Vorcaro<\/strong>, tornou-se o centro de uma nova controv\u00e9rsia financeira que mobiliza a Pol\u00edcia Federal (PF) e o Supremo Tribunal Federal (STF). Dados revelados em suas declara\u00e7\u00f5es de Imposto de Renda, enviados \u00e0 CPI do Crime Organizado, mostram opera\u00e7\u00f5es com fundos de investimento que registraram valoriza\u00e7\u00f5es at\u00edpicas, chegando a <strong>11.472% em apenas 24 horas<\/strong>.<\/p>\n\n\n\n<h3 class=\"wp-block-heading\">\u200bAs opera\u00e7\u00f5es no radar da Justi\u00e7a<\/h3>\n\n\n\n<p class=\"wp-block-paragraph\">\u200bDe acordo com os registros fiscais, entre os dias 27 e 28 de dezembro de 2023, Vorcaro adquiriu cotas do <strong>Hans 2 Fundo de Investimento em Participa\u00e7\u00f5es Multiestrat\u00e9gia<\/strong> por R$ 2,5 milh\u00f5es. No dia seguinte, as mesmas cotas foram revendidas ao <strong>Itabuna Fundo de Investimento<\/strong> por <strong>R$ 294,5 milh\u00f5es<\/strong>.<\/p>\n\n\n\n<p class=\"wp-block-paragraph\">\u200bEsta n\u00e3o foi a \u00fanica transa\u00e7\u00e3o sob suspeita. Em junho do mesmo ano, uma opera\u00e7\u00e3o similar com o fundo Hans 2 rendeu uma valoriza\u00e7\u00e3o de 1.500% em apenas uma semana, quando ativos comprados por R$ 10 milh\u00f5es foram vendidos por R$ 160 milh\u00f5es ao fundo Astralo. Somadas, as duas movimenta\u00e7\u00f5es garantiram um lucro de <strong>R$ 441,9 milh\u00f5es<\/strong>.<\/p>\n\n\n\n<h3 class=\"wp-block-heading\">\u200bContexto das investiga\u00e7\u00f5es e desdobramentos<\/h3>\n\n\n\n<p class=\"wp-block-paragraph\">\u200bAs transa\u00e7\u00f5es integram o inqu\u00e9rito da <strong>Opera\u00e7\u00e3o Compliance Zero<\/strong>, que investiga um suposto esquema de fraudes financeiras e lavagem de dinheiro. A suspeita dos investigadores \u00e9 que a estrutura de fundos \u2014 muitos deles geridos pela <strong>Reag Investimentos<\/strong>, que sofreu liquida\u00e7\u00e3o pelo Banco Central em janeiro de 2026 \u2014 fosse utilizada para inflar artificialmente o valor de ativos e ocultar o fluxo de recursos.<\/p>\n\n\n\n<p class=\"wp-block-paragraph\">Nesta sexta-feira (13 de mar\u00e7o de 2026), a Segunda Turma do STF formou maioria para manter a <strong>pris\u00e3o preventiva<\/strong> de Daniel Vorcaro, que est\u00e1 detido na Penitenci\u00e1ria Federal de Bras\u00edlia. O ministro Andr\u00e9 Mendon\u00e7a, relator do caso, destacou o risco de destrui\u00e7\u00e3o de provas e a complexidade da rede de monitoramento de autoridades supostamente montada pelo banqueiro.<\/p>\n\n\n\n<h3 class=\"wp-block-heading\">\u200bO outro lado<\/h3>\n\n\n\n<p class=\"wp-block-paragraph\">\u200bProcurada para esclarecer os motivos t\u00e9cnicos da valoriza\u00e7\u00e3o exponencial das cotas e a rela\u00e7\u00e3o entre os fundos envolvidos, a defesa de Daniel Vorcaro informou, por meio de nota oficial, que <strong>n\u00e3o vai comentar o assunto<\/strong> nem se manifestar sobre os detalhes das opera\u00e7\u00f5es financeiras citadas.<\/p>\n","protected":false},"excerpt":{"rendered":"<p>\u200bO empres\u00e1rio e ex-controlador do Banco Master, Daniel Vorcaro, tornou-se o centro de uma nova controv\u00e9rsia financeira que mobiliza a Pol\u00edcia Federal (PF) e o [&#8230;]<\/p>\n","protected":false},"author":1,"featured_media":5809,"comment_status":"open","ping_status":"open","sticky":false,"template":"","format":"standard","meta":{"_crdt_document":"","_jetpack_memberships_contains_paid_content":false,"footnotes":"","jetpack_publicize_message":"","jetpack_publicize_feature_enabled":true,"jetpack_social_post_already_shared":true,"jetpack_social_options":{"image_generator_settings":{"template":"highway","default_image_id":0,"font":"","enabled":false},"version":2}},"categories":[3],"tags":[],"class_list":["post-5807","post","type-post","status-publish","format-standard","has-post-thumbnail","hentry","category-brasil"],"jetpack_publicize_connections":[],"jetpack_featured_media_url":"https:\/\/i0.wp.com\/oexpressobr.com.br\/wp-content\/uploads\/2026\/03\/177331941969b2b4fbaf779_1773319419_3x2_xl.jpg?fit=1200%2C800&ssl=1","jetpack_likes_enabled":true,"jetpack_sharing_enabled":true,"_links":{"self":[{"href":"https:\/\/oexpressobr.com.br\/index.php?rest_route=\/wp\/v2\/posts\/5807","targetHints":{"allow":["GET"]}}],"collection":[{"href":"https:\/\/oexpressobr.com.br\/index.php?rest_route=\/wp\/v2\/posts"}],"about":[{"href":"https:\/\/oexpressobr.com.br\/index.php?rest_route=\/wp\/v2\/types\/post"}],"author":[{"embeddable":true,"href":"https:\/\/oexpressobr.com.br\/index.php?rest_route=\/wp\/v2\/users\/1"}],"replies":[{"embeddable":true,"href":"https:\/\/oexpressobr.com.br\/index.php?rest_route=%2Fwp%2Fv2%2Fcomments&post=5807"}],"version-history":[{"count":1,"href":"https:\/\/oexpressobr.com.br\/index.php?rest_route=\/wp\/v2\/posts\/5807\/revisions"}],"predecessor-version":[{"id":5810,"href":"https:\/\/oexpressobr.com.br\/index.php?rest_route=\/wp\/v2\/posts\/5807\/revisions\/5810"}],"wp:featuredmedia":[{"embeddable":true,"href":"https:\/\/oexpressobr.com.br\/index.php?rest_route=\/wp\/v2\/media\/5809"}],"wp:attachment":[{"href":"https:\/\/oexpressobr.com.br\/index.php?rest_route=%2Fwp%2Fv2%2Fmedia&parent=5807"}],"wp:term":[{"taxonomy":"category","embeddable":true,"href":"https:\/\/oexpressobr.com.br\/index.php?rest_route=%2Fwp%2Fv2%2Fcategories&post=5807"},{"taxonomy":"post_tag","embeddable":true,"href":"https:\/\/oexpressobr.com.br\/index.php?rest_route=%2Fwp%2Fv2%2Ftags&post=5807"}],"curies":[{"name":"wp","href":"https:\/\/api.w.org\/{rel}","templated":true}]}}