{"id":5812,"date":"2026-03-15T08:17:47","date_gmt":"2026-03-15T11:17:47","guid":{"rendered":"https:\/\/oexpressobr.com.br\/?p=5812"},"modified":"2026-03-15T08:17:54","modified_gmt":"2026-03-15T11:17:54","slug":"manifestantes-atacam-escritorio-do-partido-comunista-em-cuba-apos-crise-de-energia-e-alimentos","status":"publish","type":"post","link":"https:\/\/oexpressobr.com.br\/?p=5812","title":{"rendered":"Manifestantes atacam escrit\u00f3rio do Partido Comunista em Cuba ap\u00f3s crise de energia e alimentos"},"content":{"rendered":"\n<p class=\"wp-block-paragraph\">Manifestantes antigoverno atacaram um escrit\u00f3rio do Partido Comunista na cidade de Mor\u00f3n, regi\u00e3o central de Cuba, na madrugada deste s\u00e1bado (14). O incidente, confirmado pelo jornal estatal <em>Invasor<\/em>, marca uma rara e violenta explos\u00e3o de descontentamento popular em um pa\u00eds onde protestos p\u00fablicos s\u00e3o rigorosamente controlados.<\/p>\n\n\n\n<p class=\"wp-block-paragraph\">\u200bA revolta foi desencadeada pelo agravamento dr\u00e1stico das condi\u00e7\u00f5es de vida na ilha. Moradores relatam que Mor\u00f3n tem recebido apenas cerca de 90 minutos de eletricidade por dia, enquanto a capital, Havana, enfrenta apag\u00f5es de at\u00e9 15 horas. A falta de combust\u00edvel, acentuada por um bloqueio naval e econ\u00f4mico intensificado pelo governo de Donald Trump nos Estados Unidos \u2014 que recentemente interrompeu o fluxo de petr\u00f3leo venezuelano para a ilha \u2014 paralisou o transporte p\u00fablico e interrompeu aulas presenciais em universidades.<\/p>\n\n\n\n<h3 class=\"wp-block-heading\">\u200bDetalhes do confronto e repress\u00e3o<\/h3>\n\n\n\n<p class=\"wp-block-paragraph\">\u200bO protesto em Mor\u00f3n come\u00e7ou de forma pac\u00edfica na noite de sexta-feira, mas escalou para a viol\u00eancia na madrugada. V\u00eddeos verificados mostram manifestantes lan\u00e7ando pedras contra as janelas do edif\u00edcio governamental e ateando fogo a m\u00f3veis, documentos e computadores em via p\u00fablica. Gritos de &#8220;liberdade&#8221; e o som de &#8220;cacerolazos&#8221; (panela\u00e7os) foram registrados.<\/p>\n\n\n\n<p class=\"wp-block-paragraph\">\u200bDe acordo com fontes locais e organiza\u00e7\u00f5es de direitos humanos:<\/p>\n\n\n\n<ul class=\"wp-block-list\">\n<li>\u200b<strong>Deten\u00e7\u00f5es:<\/strong> Pelo menos cinco pessoas foram detidas pelas autoridades sob acusa\u00e7\u00e3o de vandalismo.<\/li>\n\n\n\n<li>\u200b<strong>Viol\u00eancia:<\/strong> H\u00e1 relatos n\u00e3o confirmados de disparos de arma de fogo na regi\u00e3o. A ativista Rosa Mar\u00eda Pay\u00e1 denunciou repress\u00e3o policial contra civis.<\/li>\n\n\n\n<li>\u200b<strong>Corte de Comunica\u00e7\u00e3o:<\/strong> Residentes relataram interrup\u00e7\u00f5es nos servi\u00e7os de internet coincidindo com o momento em que as imagens do ataque come\u00e7aram a circular nas redes sociais.<\/li>\n<\/ul>\n\n\n\n<h3 class=\"wp-block-heading\">\u200bRea\u00e7\u00e3o do governo<\/h3>\n\n\n\n<p class=\"wp-block-paragraph\">\u200bO presidente cubano, Miguel D\u00edaz-Canel, utilizou suas redes sociais para reconhecer o &#8220;mal-estar&#8221; da popula\u00e7\u00e3o devido aos apag\u00f5es prolongados, mas condenou os atos. &#8220;O que nunca ser\u00e1 compreens\u00edvel, justificado ou admitido \u00e9 a viol\u00eancia. N\u00e3o haver\u00e1 impunidade para o vandalismo&#8221;, afirmou o mandat\u00e1rio.<\/p>\n\n\n\n<p class=\"wp-block-paragraph\">\u200bD\u00edaz-Canel tamb\u00e9m confirmou que o governo iniciou conversas diplom\u00e1ticas com representantes dos Estados Unidos para tentar aliviar a crise energ\u00e9tica, que ele atribui diretamente \u00e0s san\u00e7\u00f5es de Washington. Em resposta ao ataque, militantes pr\u00f3-governo realizaram um &#8220;ato de reafirma\u00e7\u00e3o revolucion\u00e1ria&#8221; no local vandalizado poucas horas depois do incidente.<\/p>\n\n\n\n<h3 class=\"wp-block-heading\">\u200bContexto de crise profunda<\/h3>\n\n\n\n<p class=\"wp-block-paragraph\">\u200bA crise de 2026 \u00e9 considerada uma das piores da hist\u00f3ria recente de Cuba. Al\u00e9m do setor energ\u00e9tico, a escassez de alimentos b\u00e1sicos e medicamentos atingiu n\u00edveis cr\u00edticos. A interrup\u00e7\u00e3o de voos internacionais de companhias como Air Canada e Rossiya, devido \u00e0 falta de combust\u00edvel para reabastecimento nos aeroportos cubanos, agravou ainda mais o isolamento econ\u00f4mico da ilha e paralisou o setor de turismo, principal fonte de renda da regi\u00e3o de Mor\u00f3n.<\/p>\n","protected":false},"excerpt":{"rendered":"<p>Manifestantes antigoverno atacaram um escrit\u00f3rio do Partido Comunista na cidade de Mor\u00f3n, regi\u00e3o central de Cuba, na madrugada deste s\u00e1bado (14). O incidente, confirmado pelo [&#8230;]<\/p>\n","protected":false},"author":1,"featured_media":5814,"comment_status":"open","ping_status":"open","sticky":false,"template":"","format":"standard","meta":{"_crdt_document":"","_jetpack_memberships_contains_paid_content":false,"footnotes":"","jetpack_publicize_message":"","jetpack_publicize_feature_enabled":true,"jetpack_social_post_already_shared":true,"jetpack_social_options":{"image_generator_settings":{"template":"highway","default_image_id":0,"font":"","enabled":false},"version":2}},"categories":[15],"tags":[],"class_list":["post-5812","post","type-post","status-publish","format-standard","has-post-thumbnail","hentry","category-internacional"],"jetpack_publicize_connections":[],"jetpack_featured_media_url":"https:\/\/i0.wp.com\/oexpressobr.com.br\/wp-content\/uploads\/2026\/03\/image-1ibbhmu3agbox.png?fit=1000%2C562&ssl=1","jetpack_likes_enabled":true,"jetpack_sharing_enabled":true,"_links":{"self":[{"href":"https:\/\/oexpressobr.com.br\/index.php?rest_route=\/wp\/v2\/posts\/5812","targetHints":{"allow":["GET"]}}],"collection":[{"href":"https:\/\/oexpressobr.com.br\/index.php?rest_route=\/wp\/v2\/posts"}],"about":[{"href":"https:\/\/oexpressobr.com.br\/index.php?rest_route=\/wp\/v2\/types\/post"}],"author":[{"embeddable":true,"href":"https:\/\/oexpressobr.com.br\/index.php?rest_route=\/wp\/v2\/users\/1"}],"replies":[{"embeddable":true,"href":"https:\/\/oexpressobr.com.br\/index.php?rest_route=%2Fwp%2Fv2%2Fcomments&post=5812"}],"version-history":[{"count":1,"href":"https:\/\/oexpressobr.com.br\/index.php?rest_route=\/wp\/v2\/posts\/5812\/revisions"}],"predecessor-version":[{"id":5815,"href":"https:\/\/oexpressobr.com.br\/index.php?rest_route=\/wp\/v2\/posts\/5812\/revisions\/5815"}],"wp:featuredmedia":[{"embeddable":true,"href":"https:\/\/oexpressobr.com.br\/index.php?rest_route=\/wp\/v2\/media\/5814"}],"wp:attachment":[{"href":"https:\/\/oexpressobr.com.br\/index.php?rest_route=%2Fwp%2Fv2%2Fmedia&parent=5812"}],"wp:term":[{"taxonomy":"category","embeddable":true,"href":"https:\/\/oexpressobr.com.br\/index.php?rest_route=%2Fwp%2Fv2%2Fcategories&post=5812"},{"taxonomy":"post_tag","embeddable":true,"href":"https:\/\/oexpressobr.com.br\/index.php?rest_route=%2Fwp%2Fv2%2Ftags&post=5812"}],"curies":[{"name":"wp","href":"https:\/\/api.w.org\/{rel}","templated":true}]}}