{"id":5828,"date":"2026-03-15T08:31:05","date_gmt":"2026-03-15T11:31:05","guid":{"rendered":"https:\/\/oexpressobr.com.br\/?p=5828"},"modified":"2026-03-15T08:31:12","modified_gmt":"2026-03-15T11:31:12","slug":"agentes-resgatam-cadelinha-abandonada-em-carro-e-tutor-pode-responder-por-crime-em-copacabana","status":"publish","type":"post","link":"https:\/\/oexpressobr.com.br\/?p=5828","title":{"rendered":"Agentes resgatam cadelinha abandonada em carro e tutor pode responder por crime em Copacabana"},"content":{"rendered":"\n<p class=\"wp-block-paragraph\">Uma opera\u00e7\u00e3o conjunta entre a Secretaria Municipal de Prote\u00e7\u00e3o e Defesa dos Animais (SMPDA) e a Secretaria de Ordem P\u00fablica (Seop) resultou no resgate de uma cadelinha que estava trancada h\u00e1 tr\u00eas dias dentro de um ve\u00edculo em Copacabana, na Zona Sul do Rio de Janeiro. O caso, que gerou revolta entre moradores e pedestres da Avenida Atl\u00e2ntica, ocorreu no \u00faltimo s\u00e1bado (14), coincidentemente no Dia Nacional dos Animais.<\/p>\n\n\n\n<p class=\"wp-block-paragraph\">\u200bO resgate foi mobilizado ap\u00f3s den\u00fancias de pessoas que passavam pelo local e notaram o animal visivelmente debilitado e arranhando os vidros para tentar sair. O vereador Luiz Ramos Filho, da Comiss\u00e3o de Defesa dos Animais, foi acionado e acompanhou a a\u00e7\u00e3o. Segundo os relatos colhidos no local, o carro estava estacionado em uma vaga reservada para idosos, sem a devida identifica\u00e7\u00e3o, o que tamb\u00e9m resultou no reboque do ve\u00edculo para o dep\u00f3sito p\u00fablico.<\/p>\n\n\n\n<h3 class=\"wp-block-heading\">\u200bEstado de sa\u00fade e futuro do animal<\/h3>\n\n\n\n<p class=\"wp-block-paragraph\">\u200bA cadelinha foi imediatamente hidratada pelos agentes e encaminhada ao Hospital Veterin\u00e1rio Municipal Jorge Vaitsman, na Mangueira. De acordo com a secret\u00e1ria Jeniffer Coelho, as primeiras avalia\u00e7\u00f5es indicam que o estado de sa\u00fade do animal \u00e9 est\u00e1vel, apesar do trauma e do calor intenso que enfrentou no interior do autom\u00f3vel, com temperaturas externas pr\u00f3ximas dos 30 \u00b0C.<\/p>\n\n\n\n<p class=\"wp-block-paragraph\">\u200bAt\u00e9 o momento, o tutor n\u00e3o foi localizado nem se apresentou \u00e0s autoridades. Caso o propriet\u00e1rio n\u00e3o seja identificado ou perca a guarda devido aos maus-tratos, j\u00e1 existe uma fila de interessados na ado\u00e7\u00e3o, incluindo os pr\u00f3prios agentes que participaram do resgate, que se prontificaram a dar um novo lar ao animal.<\/p>\n\n\n\n<h3 class=\"wp-block-heading\">\u200bConsequ\u00eancias legais<\/h3>\n\n\n\n<p class=\"wp-block-paragraph\">\u200bO caso foi registrado na 12\u00aa DP (Copacabana) e as autoridades buscam identificar o respons\u00e1vel atrav\u00e9s da placa do ve\u00edculo. De acordo com a Lei Sans\u00e3o (Lei 14.064\/20), o crime de maus-tratos a c\u00e3es e gatos prev\u00ea pena de dois a cinco anos de reclus\u00e3o, al\u00e9m de multa e proibi\u00e7\u00e3o da guarda.<\/p>\n\n\n\n<p class=\"wp-block-paragraph\">\u200bRecentemente, um novo decreto assinado pelo Governo Federal elevou drasticamente as multas administrativas para este tipo de infra\u00e7\u00e3o, que agora podem variar de R$ 1.500 a R$ 50 mil por animal. A Pol\u00edcia Civil do Rio de Janeiro segue investigando o paradeiro do dono do ve\u00edculo<\/p>\n\n\n\n<p class=\"wp-block-paragraph\"><\/p>\n","protected":false},"excerpt":{"rendered":"<p>Uma opera\u00e7\u00e3o conjunta entre a Secretaria Municipal de Prote\u00e7\u00e3o e Defesa dos Animais (SMPDA) e a Secretaria de Ordem P\u00fablica (Seop) resultou no resgate de [&#8230;]<\/p>\n","protected":false},"author":1,"featured_media":5829,"comment_status":"open","ping_status":"open","sticky":false,"template":"","format":"standard","meta":{"_crdt_document":"","_jetpack_memberships_contains_paid_content":false,"footnotes":"","jetpack_publicize_message":"","jetpack_publicize_feature_enabled":true,"jetpack_social_post_already_shared":true,"jetpack_social_options":{"image_generator_settings":{"template":"highway","default_image_id":0,"font":"","enabled":false},"version":2}},"categories":[30],"tags":[],"class_list":["post-5828","post","type-post","status-publish","format-standard","has-post-thumbnail","hentry","category-bem-estar-animal"],"jetpack_publicize_connections":[],"jetpack_featured_media_url":"https:\/\/i0.wp.com\/oexpressobr.com.br\/wp-content\/uploads\/2026\/03\/IMG-20260315-WA0182.jpg?fit=1200%2C675&ssl=1","jetpack_likes_enabled":true,"jetpack_sharing_enabled":true,"_links":{"self":[{"href":"https:\/\/oexpressobr.com.br\/index.php?rest_route=\/wp\/v2\/posts\/5828","targetHints":{"allow":["GET"]}}],"collection":[{"href":"https:\/\/oexpressobr.com.br\/index.php?rest_route=\/wp\/v2\/posts"}],"about":[{"href":"https:\/\/oexpressobr.com.br\/index.php?rest_route=\/wp\/v2\/types\/post"}],"author":[{"embeddable":true,"href":"https:\/\/oexpressobr.com.br\/index.php?rest_route=\/wp\/v2\/users\/1"}],"replies":[{"embeddable":true,"href":"https:\/\/oexpressobr.com.br\/index.php?rest_route=%2Fwp%2Fv2%2Fcomments&post=5828"}],"version-history":[{"count":1,"href":"https:\/\/oexpressobr.com.br\/index.php?rest_route=\/wp\/v2\/posts\/5828\/revisions"}],"predecessor-version":[{"id":5831,"href":"https:\/\/oexpressobr.com.br\/index.php?rest_route=\/wp\/v2\/posts\/5828\/revisions\/5831"}],"wp:featuredmedia":[{"embeddable":true,"href":"https:\/\/oexpressobr.com.br\/index.php?rest_route=\/wp\/v2\/media\/5829"}],"wp:attachment":[{"href":"https:\/\/oexpressobr.com.br\/index.php?rest_route=%2Fwp%2Fv2%2Fmedia&parent=5828"}],"wp:term":[{"taxonomy":"category","embeddable":true,"href":"https:\/\/oexpressobr.com.br\/index.php?rest_route=%2Fwp%2Fv2%2Fcategories&post=5828"},{"taxonomy":"post_tag","embeddable":true,"href":"https:\/\/oexpressobr.com.br\/index.php?rest_route=%2Fwp%2Fv2%2Ftags&post=5828"}],"curies":[{"name":"wp","href":"https:\/\/api.w.org\/{rel}","templated":true}]}}