{"id":5834,"date":"2026-03-15T08:36:06","date_gmt":"2026-03-15T11:36:06","guid":{"rendered":"https:\/\/oexpressobr.com.br\/?p=5834"},"modified":"2026-03-15T08:36:13","modified_gmt":"2026-03-15T11:36:13","slug":"caso-marielle-moraes-autoriza-transferencia-de-domingos-brazao-e-rivaldo-barbosa-para-penitenciaria-no-rio-de-janeiro","status":"publish","type":"post","link":"https:\/\/oexpressobr.com.br\/?p=5834","title":{"rendered":"Caso Marielle: Moraes autoriza transfer\u00eancia de Domingos Braz\u00e3o e Rivaldo Barbosa para penitenci\u00e1ria no Rio de Janeiro"},"content":{"rendered":"\n<p class=\"wp-block-paragraph\">O ministro Alexandre de Moraes, do Supremo Tribunal Federal (STF), autorizou neste s\u00e1bado (14 de mar\u00e7o de 2026) a transfer\u00eancia de Domingos Braz\u00e3o e Rivaldo Barbosa para o sistema prisional do Rio de Janeiro. A decis\u00e3o atende a um pedido das defesas e marca uma nova etapa na execu\u00e7\u00e3o das penas dos condenados pelo envolvimento no assassinato da vereadora Marielle Franco e do motorista Anderson Gomes.<\/p>\n\n\n\n<p class=\"wp-block-paragraph\">\u200bAt\u00e9 ent\u00e3o, os detentos estavam custodiados em unidades de seguran\u00e7a m\u00e1xima do Sistema Penitenci\u00e1rio Federal: Domingos Braz\u00e3o encontrava-se em Porto Velho (RO), enquanto o ex-chefe da Pol\u00edcia Civil do Rio, Rivaldo Barbosa, cumpria pena em Mossor\u00f3 (RN). Com a nova determina\u00e7\u00e3o, ambos dever\u00e3o ser encaminhados para o Pres\u00eddio Pedrolino Werling de Oliveira, conhecido como Bangu 8, no Complexo de Gericin\u00f3, unidade destinada a presos com perfil pol\u00edtico ou curso superior.<\/p>\n\n\n\n<h3 class=\"wp-block-heading\">\u200bMudan\u00e7a de cen\u00e1rio jur\u00eddico<\/h3>\n\n\n\n<p class=\"wp-block-paragraph\">\u200bSegundo o despacho de Moraes, as raz\u00f5es que justificavam a manuten\u00e7\u00e3o dos r\u00e9us em pres\u00eddios federais \u2014 como a necessidade de interromper atividades de organiza\u00e7\u00f5es criminosas e garantir a colheita de provas \u2014 &#8220;perderam sua for\u00e7a&#8221; ap\u00f3s o encerramento do julgamento. A Primeira Turma do STF concluiu o processo em fevereiro de 2026, estabelecendo as condena\u00e7\u00f5es definitivas.<\/p>\n\n\n\n<p class=\"wp-block-paragraph\">\u200bDomingos Braz\u00e3o foi condenado a 76 anos e 3 meses de pris\u00e3o. J\u00e1 Rivaldo Barbosa recebeu uma pena de 18 anos por obstru\u00e7\u00e3o de justi\u00e7a e corrup\u00e7\u00e3o passiva, tendo sido absolvido da acusa\u00e7\u00e3o direta pelos homic\u00eddios, mas considerado pe\u00e7a-chave no plano para garantir a impunidade dos executores.<\/p>\n\n\n\n<h3 class=\"wp-block-heading\">\u200bRegras r\u00edgidas e prazos<\/h3>\n\n\n\n<p class=\"wp-block-paragraph\">\u200bA transfer\u00eancia deve ocorrer de forma imediata. Apesar de retornarem ao estado de origem, Moraes manteve restri\u00e7\u00f5es severas: os condenados continuam proibidos de manter contato com outros envolvidos no caso e n\u00e3o podem conceder entrevistas sem autoriza\u00e7\u00e3o pr\u00e9via da Suprema Corte.<\/p>\n\n\n\n<p class=\"wp-block-paragraph\">\u200bAl\u00e9m das penas de reclus\u00e3o, o STF j\u00e1 havia determinado a perda dos cargos p\u00fablicos \u2014 conselheiro do Tribunal de Contas do Estado (TCE-RJ) para Braz\u00e3o e delegado de Pol\u00edcia Civil para Barbosa \u2014 al\u00e9m do pagamento de indeniza\u00e7\u00f5es que somam R$ 7 milh\u00f5es \u00e0s fam\u00edlias das v\u00edtimas e \u00e0 sobrevivente Fernanda Chaves.<\/p>\n\n\n\n<p class=\"wp-block-paragraph\"><\/p>\n","protected":false},"excerpt":{"rendered":"<p>O ministro Alexandre de Moraes, do Supremo Tribunal Federal (STF), autorizou neste s\u00e1bado (14 de mar\u00e7o de 2026) a transfer\u00eancia de Domingos Braz\u00e3o e Rivaldo [&#8230;]<\/p>\n","protected":false},"author":1,"featured_media":5835,"comment_status":"open","ping_status":"open","sticky":false,"template":"","format":"standard","meta":{"_crdt_document":"","_jetpack_memberships_contains_paid_content":false,"footnotes":"","jetpack_publicize_message":"","jetpack_publicize_feature_enabled":true,"jetpack_social_post_already_shared":true,"jetpack_social_options":{"image_generator_settings":{"template":"highway","default_image_id":0,"font":"","enabled":false},"version":2}},"categories":[8],"tags":[],"class_list":["post-5834","post","type-post","status-publish","format-standard","has-post-thumbnail","hentry","category-judiciario"],"jetpack_publicize_connections":[],"jetpack_featured_media_url":"https:\/\/i0.wp.com\/oexpressobr.com.br\/wp-content\/uploads\/2026\/03\/IMG-20260315-WA0183.jpg?fit=984%2C554&ssl=1","jetpack_likes_enabled":true,"jetpack_sharing_enabled":true,"_links":{"self":[{"href":"https:\/\/oexpressobr.com.br\/index.php?rest_route=\/wp\/v2\/posts\/5834","targetHints":{"allow":["GET"]}}],"collection":[{"href":"https:\/\/oexpressobr.com.br\/index.php?rest_route=\/wp\/v2\/posts"}],"about":[{"href":"https:\/\/oexpressobr.com.br\/index.php?rest_route=\/wp\/v2\/types\/post"}],"author":[{"embeddable":true,"href":"https:\/\/oexpressobr.com.br\/index.php?rest_route=\/wp\/v2\/users\/1"}],"replies":[{"embeddable":true,"href":"https:\/\/oexpressobr.com.br\/index.php?rest_route=%2Fwp%2Fv2%2Fcomments&post=5834"}],"version-history":[{"count":1,"href":"https:\/\/oexpressobr.com.br\/index.php?rest_route=\/wp\/v2\/posts\/5834\/revisions"}],"predecessor-version":[{"id":5837,"href":"https:\/\/oexpressobr.com.br\/index.php?rest_route=\/wp\/v2\/posts\/5834\/revisions\/5837"}],"wp:featuredmedia":[{"embeddable":true,"href":"https:\/\/oexpressobr.com.br\/index.php?rest_route=\/wp\/v2\/media\/5835"}],"wp:attachment":[{"href":"https:\/\/oexpressobr.com.br\/index.php?rest_route=%2Fwp%2Fv2%2Fmedia&parent=5834"}],"wp:term":[{"taxonomy":"category","embeddable":true,"href":"https:\/\/oexpressobr.com.br\/index.php?rest_route=%2Fwp%2Fv2%2Fcategories&post=5834"},{"taxonomy":"post_tag","embeddable":true,"href":"https:\/\/oexpressobr.com.br\/index.php?rest_route=%2Fwp%2Fv2%2Ftags&post=5834"}],"curies":[{"name":"wp","href":"https:\/\/api.w.org\/{rel}","templated":true}]}}