{"id":585,"date":"2025-12-11T08:39:46","date_gmt":"2025-12-11T11:39:46","guid":{"rendered":"https:\/\/oexpressobr.com.br\/?p=585"},"modified":"2025-12-11T08:39:47","modified_gmt":"2025-12-11T11:39:47","slug":"lewandowski-critica-inacao-de-governos-estaduais-no-combate-ao-crime-comum-durante-cpi","status":"publish","type":"post","link":"https:\/\/oexpressobr.com.br\/?p=585","title":{"rendered":"Lewandowski Critica &#8216;Ina\u00e7\u00e3o&#8217; de Governos Estaduais no Combate ao Crime Comum Durante CPI"},"content":{"rendered":"\n<p class=\"wp-block-paragraph\">O ministro da Justi\u00e7a e Seguran\u00e7a P\u00fablica, Ricardo Lewandowski, gerou forte repercuss\u00e3o ao declarar, nesta ter\u00e7a-feira (9), durante audi\u00eancia p\u00fablica na Comiss\u00e3o Parlamentar de Inqu\u00e9rito (CPI) do Crime Organizado, que os governos estaduais n\u00e3o estariam &#8220;fazendo &#8216;nada'&#8221; no combate \u00e0 criminalidade comum.<\/p>\n\n\n\n<p class=\"wp-block-paragraph\">\u200bLewandowski reiterou que, constitucionalmente, o enfrentamento a crimes do cotidiano, como roubo de celular, \u00e9 responsabilidade prim\u00e1ria dos estados. &#8220;Qual governo de estado resolveu a criminalidade comum? Nada, nada, nada&#8221;, questionou o ministro, destacando a ina\u00e7\u00e3o hist\u00f3rica no investimento em seguran\u00e7a.<\/p>\n\n\n\n<h3 class=\"wp-block-heading\">\u200b\ud83d\udcb0 Falta de Recursos e o Fen\u00f4meno do Crime Organizado<\/h3>\n\n\n\n<p class=\"wp-block-paragraph\">\u200bApesar de demarcar a compet\u00eancia estadual para o crime comum, o ministro enfatizou que a Uni\u00e3o &#8220;n\u00e3o se furta a enfrentar esse problema&#8221;, especialmente no que tange ao <strong>crime organizado<\/strong>, classificado por ele como um &#8220;fen\u00f4meno novo&#8221;, globalizado, digital e que transcendeu as fronteiras nacionais e estruturas de poder.<\/p>\n\n\n\n<p class=\"wp-block-paragraph\">\u200bLewandowski defendeu que o principal obst\u00e1culo para a\u00e7\u00f5es mais efetivas no combate ao crime \u00e9 a <strong>falta de dinheiro<\/strong> e a limita\u00e7\u00e3o or\u00e7ament\u00e1ria. Ele citou que o or\u00e7amento atual para a seguran\u00e7a \u00e9 &#8220;p\u00edfio&#8221; e defendeu a necessidade de uma verba &#8220;perene e substantiva&#8221; para o setor, al\u00e9m de apoiar a aprova\u00e7\u00e3o da Proposta de Emenda \u00e0 Constitui\u00e7\u00e3o (PEC) da Seguran\u00e7a P\u00fablica (PEC 18\/2025) para integrar as pol\u00edcias e for\u00e7as de seguran\u00e7a brasileiras, semelhante ao Sistema \u00danico de Sa\u00fade (SUS).<\/p>\n\n\n\n<h3 class=\"wp-block-heading\">\u200b\ud83d\udce2 Secret\u00e1rios de Seguran\u00e7a Rebatem<\/h3>\n\n\n\n<p class=\"wp-block-paragraph\">\u200bAs declara\u00e7\u00f5es de Lewandowski provocaram uma rea\u00e7\u00e3o imediata. O <strong>Conselho Nacional de Secret\u00e1rios de Seguran\u00e7a P\u00fablica (Consesp)<\/strong> divulgou uma nota oficial rebatendo as acusa\u00e7\u00f5es. A entidade classificou como &#8220;injusto e desarrazoado&#8221; afirmar que os estados est\u00e3o inertes.<\/p>\n\n\n\n<ul class=\"wp-block-list\">\n<li>\u200b<strong>Argumento dos Estados:<\/strong> O Consesp apresentou dados do F\u00f3rum Brasileiro de Seguran\u00e7a P\u00fablica (Anu\u00e1rio 2025) indicando que os <strong>estados e o Distrito Federal s\u00e3o respons\u00e1veis por cerca de 77% (R$ 118,5 bilh\u00f5es)<\/strong> de todo o investimento em seguran\u00e7a p\u00fablica no pa\u00eds.<\/li>\n\n\n\n<li>\u200b<strong>Cobran\u00e7a \u00e0 Uni\u00e3o:<\/strong> O Conselho argumenta que as pol\u00edcias estaduais, apesar das limita\u00e7\u00f5es, acabam assumindo atribui\u00e7\u00f5es de compet\u00eancia federal, como o combate ao tr\u00e1fico de drogas e armas nas fronteiras, sem a devida contrapartida da Uni\u00e3o.<\/li>\n\n\n\n<li>\u200b<strong>Proposta de Pasta Exclusiva:<\/strong> O Consesp reiterou a defesa por um Minist\u00e9rio exclusivo para a Seguran\u00e7a P\u00fablica, gerido por gestores da \u00e1rea, para fortalecer o di\u00e1logo e a coopera\u00e7\u00e3o federativa.<\/li>\n<\/ul>\n\n\n\n<p class=\"wp-block-paragraph\">\u200bO debate na CPI exp\u00f4s a tens\u00e3o na divis\u00e3o de responsabilidades e recursos entre Uni\u00e3o e estados para o enfrentamento da crise de seguran\u00e7a p\u00fablica no Brasil.<\/p>\n","protected":false},"excerpt":{"rendered":"<p>O ministro da Justi\u00e7a e Seguran\u00e7a P\u00fablica, Ricardo Lewandowski, gerou forte repercuss\u00e3o ao declarar, nesta ter\u00e7a-feira (9), durante audi\u00eancia p\u00fablica na Comiss\u00e3o Parlamentar de Inqu\u00e9rito [&#8230;]<\/p>\n","protected":false},"author":1,"featured_media":586,"comment_status":"open","ping_status":"open","sticky":false,"template":"","format":"standard","meta":{"_crdt_document":"","_jetpack_memberships_contains_paid_content":false,"footnotes":"","jetpack_publicize_message":"","jetpack_publicize_feature_enabled":true,"jetpack_social_post_already_shared":false,"jetpack_social_options":{"image_generator_settings":{"template":"highway","default_image_id":0,"font":"","enabled":false},"version":2}},"categories":[3],"tags":[],"class_list":["post-585","post","type-post","status-publish","format-standard","has-post-thumbnail","hentry","category-brasil"],"jetpack_publicize_connections":[],"jetpack_featured_media_url":"https:\/\/i0.wp.com\/oexpressobr.com.br\/wp-content\/uploads\/2025\/12\/IMG-20251211-WA0086.jpg?fit=900%2C506&ssl=1","jetpack_likes_enabled":true,"jetpack_sharing_enabled":true,"_links":{"self":[{"href":"https:\/\/oexpressobr.com.br\/index.php?rest_route=\/wp\/v2\/posts\/585","targetHints":{"allow":["GET"]}}],"collection":[{"href":"https:\/\/oexpressobr.com.br\/index.php?rest_route=\/wp\/v2\/posts"}],"about":[{"href":"https:\/\/oexpressobr.com.br\/index.php?rest_route=\/wp\/v2\/types\/post"}],"author":[{"embeddable":true,"href":"https:\/\/oexpressobr.com.br\/index.php?rest_route=\/wp\/v2\/users\/1"}],"replies":[{"embeddable":true,"href":"https:\/\/oexpressobr.com.br\/index.php?rest_route=%2Fwp%2Fv2%2Fcomments&post=585"}],"version-history":[{"count":0,"href":"https:\/\/oexpressobr.com.br\/index.php?rest_route=\/wp\/v2\/posts\/585\/revisions"}],"wp:featuredmedia":[{"embeddable":true,"href":"https:\/\/oexpressobr.com.br\/index.php?rest_route=\/wp\/v2\/media\/586"}],"wp:attachment":[{"href":"https:\/\/oexpressobr.com.br\/index.php?rest_route=%2Fwp%2Fv2%2Fmedia&parent=585"}],"wp:term":[{"taxonomy":"category","embeddable":true,"href":"https:\/\/oexpressobr.com.br\/index.php?rest_route=%2Fwp%2Fv2%2Fcategories&post=585"},{"taxonomy":"post_tag","embeddable":true,"href":"https:\/\/oexpressobr.com.br\/index.php?rest_route=%2Fwp%2Fv2%2Ftags&post=585"}],"curies":[{"name":"wp","href":"https:\/\/api.w.org\/{rel}","templated":true}]}}