{"id":588,"date":"2025-12-11T08:49:44","date_gmt":"2025-12-11T11:49:44","guid":{"rendered":"https:\/\/oexpressobr.com.br\/?p=588"},"modified":"2025-12-11T08:49:45","modified_gmt":"2025-12-11T11:49:45","slug":"senadores-paulo-paim-e-rogerio-carvalho-articulam-no-senado-reducao-da-jornada-de-trabalho-para-36-horas-semanais","status":"publish","type":"post","link":"https:\/\/oexpressobr.com.br\/?p=588","title":{"rendered":"Senadores Paulo Paim e Rog\u00e9rio Carvalho Articulam no Senado Redu\u00e7\u00e3o da Jornada de Trabalho Para 36 Horas Semanais"},"content":{"rendered":"\n<p class=\"wp-block-paragraph\">A Comiss\u00e3o de Constitui\u00e7\u00e3o e Justi\u00e7a (CCJ) do Senado Federal aprovou, nesta quarta-feira (10), a Proposta de Emenda \u00e0 Constitui\u00e7\u00e3o (PEC) 148\/2015, que prev\u00ea a <strong>redu\u00e7\u00e3o progressiva da jornada m\u00e1xima de trabalho de 44 para 36 horas semanais<\/strong> no Brasil, sem redu\u00e7\u00e3o salarial. A mat\u00e9ria, de autoria do senador <strong>Paulo Paim (PT-RS)<\/strong> e relatada pelo senador <strong>Rog\u00e9rio Carvalho (PT-SE)<\/strong>, segue agora para o Plen\u00e1rio da Casa.<\/p>\n\n\n\n<p class=\"wp-block-paragraph\">\u200bA aprova\u00e7\u00e3o na CCJ, ocorrida de forma simb\u00f3lica, marca um avan\u00e7o significativo em uma pauta que tramitava h\u00e1 uma d\u00e9cada e que ganhou for\u00e7a recentemente com mobiliza\u00e7\u00f5es populares, como o &#8220;Movimento Vida Al\u00e9m do Trabalho&#8221;.<\/p>\n\n\n\n<h3 class=\"wp-block-heading\">\u200b\u23f3 Transi\u00e7\u00e3o Gradual e o Fim da Escala 6&#215;1<\/h3>\n\n\n\n<p class=\"wp-block-paragraph\">\u200bA proposta estabelece um per\u00edodo de transi\u00e7\u00e3o gradual para que as empresas possam se adaptar \u00e0s mudan\u00e7as, estendendo-se por quatro anos ap\u00f3s a promulga\u00e7\u00e3o da PEC:<\/p>\n\n\n\n<ul class=\"wp-block-list\">\n<li>\u200b<strong>1\u00ba Ano:<\/strong> A jornada m\u00e1xima cai das atuais 44 horas para <strong>40 horas semanais<\/strong>.<\/li>\n\n\n\n<li>\u200b<strong>Anos Seguintes:<\/strong> A jornada reduz <strong>uma hora por ano<\/strong>, at\u00e9 atingir o limite final de <strong>36 horas semanais<\/strong>.<\/li>\n<\/ul>\n\n\n\n<p class=\"wp-block-paragraph\">\u200bAl\u00e9m da redu\u00e7\u00e3o da carga hor\u00e1ria, o texto aprovado garante o <strong>repouso semanal remunerado de, no m\u00ednimo, dois dias<\/strong>, preferencialmente aos s\u00e1bados e domingos. Essa medida, na pr\u00e1tica, p\u00f5e fim \u00e0 tradicional e exaustiva escala <strong>6&#215;1<\/strong>, comum em diversos setores como servi\u00e7os, sa\u00fade, restaurantes e supermercados.<\/p>\n\n\n\n<h3 class=\"wp-block-heading\">\u200b\ud83d\udcc8 Benef\u00edcios e Argumentos dos Proponentes<\/h3>\n\n\n\n<p class=\"wp-block-paragraph\">\u200bO relator, senador Rog\u00e9rio Carvalho, enfatizou que a PEC n\u00e3o apenas atende a uma demanda social, mas tamb\u00e9m traz benef\u00edcios \u00e0 sa\u00fade do trabalhador e \u00e0 economia.<\/p>\n\n\n\n<blockquote class=\"wp-block-quote is-layout-flow wp-block-quote-is-layout-flow\">\n<p class=\"wp-block-paragraph\">\u200b&#8221;S\u00e3o mais de 150 milh\u00f5es de brasileiros que se beneficiar\u00e3o com esta PEC, considerando os trabalhadores, considerando as fam\u00edlias e considerando quem contrata tamb\u00e9m, porque vai movimentar a economia, vai mudar a realidade social deste pa\u00eds&#8221;, afirmou o relator.<\/p>\n<\/blockquote>\n\n\n\n<p class=\"wp-block-paragraph\">\u200bO senador Paulo Paim, autor da proposta, destacou o impacto positivo da medida na qualidade de vida e na sa\u00fade mental dos trabalhadores, citando dados do INSS sobre o aumento de afastamentos por transtornos mentais ligados ao excesso de trabalho.<\/p>\n\n\n\n<blockquote class=\"wp-block-quote is-layout-flow wp-block-quote-is-layout-flow\">\n<p class=\"wp-block-paragraph\">\u200b&#8221;A redu\u00e7\u00e3o da jornada melhora a sa\u00fade mental e f\u00edsica. Os trabalhadores estar\u00e3o muito mais preparados para aumentar, inclusive, a produtividade. Jornadas mais curtas permitem maior equil\u00edbrio entre a vida profissional e pessoal: tempo para a fam\u00edlia, para estudo, forma\u00e7\u00e3o t\u00e9cnica, por exemplo, lazer e cuidados pessoais,&#8221; argumentou Paim.<\/p>\n<\/blockquote>\n\n\n\n<h3 class=\"wp-block-heading\">\u200b\ud83d\udde3\ufe0f Pr\u00f3ximos Passos e Contrapontos<\/h3>\n\n\n\n<p class=\"wp-block-paragraph\">\u200bAgora, a PEC 148\/2015 ser\u00e1 submetida a <strong>dois turnos de vota\u00e7\u00e3o no Plen\u00e1rio do Senado<\/strong>. Se aprovada, seguir\u00e1 para an\u00e1lise da C\u00e2mara dos Deputados, onde h\u00e1 um texto semelhante em tramita\u00e7\u00e3o.<\/p>\n\n\n\n<p class=\"wp-block-paragraph\">\u200bA rapidez na vota\u00e7\u00e3o da mat\u00e9ria na CCJ, que foi inclu\u00edda na pauta como &#8220;extra&#8221; de \u00faltima hora, gerou protestos da oposi\u00e7\u00e3o. O senador Eduardo Gir\u00e3o (Novo-CE) criticou a inclus\u00e3o da PEC, alegando que o assunto precisaria de mais tempo para an\u00e1lise e debate aprofundado.<\/p>\n\n\n\n<p class=\"wp-block-paragraph\">\u200bNa C\u00e2mara, o tema tamb\u00e9m encontra resist\u00eancia. O deputado Gast\u00e3o Vieira (MDB-MA), relator de um Projeto de Lei sobre o fim da escala 6&#215;1, expressou preocupa\u00e7\u00e3o com os impactos da PEC do Senado sobre as micro e pequenas empresas, levantando a possibilidade de aumento de custos e, consequentemente, de desemprego.<\/p>\n\n\n\n<p class=\"wp-block-paragraph\">\u200bApesar dos contrapontos, a proposta \u00e9 uma das principais bandeiras do Partido dos Trabalhadores (PT) e de aliados do governo, e a aprova\u00e7\u00e3o na CCJ refor\u00e7a a possibilidade de o Brasil seguir a tend\u00eancia de outros pa\u00edses, como Espanha e Portugal, que registraram resultados positivos com a redu\u00e7\u00e3o da jornada de trabalho.<\/p>\n","protected":false},"excerpt":{"rendered":"<p>A Comiss\u00e3o de Constitui\u00e7\u00e3o e Justi\u00e7a (CCJ) do Senado Federal aprovou, nesta quarta-feira (10), a Proposta de Emenda \u00e0 Constitui\u00e7\u00e3o (PEC) 148\/2015, que prev\u00ea a [&#8230;]<\/p>\n","protected":false},"author":1,"featured_media":589,"comment_status":"open","ping_status":"open","sticky":false,"template":"","format":"standard","meta":{"_crdt_document":"","_jetpack_memberships_contains_paid_content":false,"footnotes":"","jetpack_publicize_message":"","jetpack_publicize_feature_enabled":true,"jetpack_social_post_already_shared":false,"jetpack_social_options":{"image_generator_settings":{"template":"highway","default_image_id":0,"font":"","enabled":false},"version":2}},"categories":[3],"tags":[],"class_list":["post-588","post","type-post","status-publish","format-standard","has-post-thumbnail","hentry","category-brasil"],"jetpack_publicize_connections":[],"jetpack_featured_media_url":"https:\/\/i0.wp.com\/oexpressobr.com.br\/wp-content\/uploads\/2025\/12\/IMG-20251211-WA0105.jpg?fit=1080%2C1350&ssl=1","jetpack_likes_enabled":true,"jetpack_sharing_enabled":true,"_links":{"self":[{"href":"https:\/\/oexpressobr.com.br\/index.php?rest_route=\/wp\/v2\/posts\/588","targetHints":{"allow":["GET"]}}],"collection":[{"href":"https:\/\/oexpressobr.com.br\/index.php?rest_route=\/wp\/v2\/posts"}],"about":[{"href":"https:\/\/oexpressobr.com.br\/index.php?rest_route=\/wp\/v2\/types\/post"}],"author":[{"embeddable":true,"href":"https:\/\/oexpressobr.com.br\/index.php?rest_route=\/wp\/v2\/users\/1"}],"replies":[{"embeddable":true,"href":"https:\/\/oexpressobr.com.br\/index.php?rest_route=%2Fwp%2Fv2%2Fcomments&post=588"}],"version-history":[{"count":0,"href":"https:\/\/oexpressobr.com.br\/index.php?rest_route=\/wp\/v2\/posts\/588\/revisions"}],"wp:featuredmedia":[{"embeddable":true,"href":"https:\/\/oexpressobr.com.br\/index.php?rest_route=\/wp\/v2\/media\/589"}],"wp:attachment":[{"href":"https:\/\/oexpressobr.com.br\/index.php?rest_route=%2Fwp%2Fv2%2Fmedia&parent=588"}],"wp:term":[{"taxonomy":"category","embeddable":true,"href":"https:\/\/oexpressobr.com.br\/index.php?rest_route=%2Fwp%2Fv2%2Fcategories&post=588"},{"taxonomy":"post_tag","embeddable":true,"href":"https:\/\/oexpressobr.com.br\/index.php?rest_route=%2Fwp%2Fv2%2Ftags&post=588"}],"curies":[{"name":"wp","href":"https:\/\/api.w.org\/{rel}","templated":true}]}}