{"id":593,"date":"2025-12-11T09:58:14","date_gmt":"2025-12-11T12:58:14","guid":{"rendered":"https:\/\/oexpressobr.com.br\/?p=593"},"modified":"2025-12-11T09:58:14","modified_gmt":"2025-12-11T12:58:14","slug":"custo-bilionario-e-polemica-da-dosimetria-deputados-federais-bolsonaro-e-condenados-do-8-de-janeiro-em-foco","status":"publish","type":"post","link":"https:\/\/oexpressobr.com.br\/?p=593","title":{"rendered":"Custo bilion\u00e1rio e pol\u00eamica da dosimetria: Deputados federais, Bolsonaro e condenados do 8 de janeiro em foco"},"content":{"rendered":"\n<p class=\"wp-block-paragraph\">O debate sobre os gastos p\u00fablicos com o <strong>Congresso Nacional<\/strong> e as recentes decis\u00f5es da <strong>C\u00e2mara dos Deputados<\/strong> em temas criminais colocam o valor da representa\u00e7\u00e3o parlamentar e a percep\u00e7\u00e3o de impunidade no centro das aten\u00e7\u00f5es. Enquanto o contribuinte arca com um custo anual bilion\u00e1rio para manter os 513 deputados federais, a aprova\u00e7\u00e3o do chamado <strong>PL da Dosimetria<\/strong> (PL 2.162\/2023) reacendeu a controv\u00e9rsia sobre privil\u00e9gios e a aplica\u00e7\u00e3o da lei.<\/p>\n\n\n\n<h3 class=\"wp-block-heading\">\u200bO Custo da Cadeira Parlamentar<\/h3>\n\n\n\n<p class=\"wp-block-paragraph\">\u200bOs n\u00fameros impressionam. Estimativas recentes (considerando dados de 2025) indicam que o custo anual por deputado federal ultrapassa os R$ 3 milh\u00f5es. Multiplicado pelos 513 membros da C\u00e2mara, o gasto total anual da Casa Baixa aproxima-se de <strong>R$ 1,7 bilh\u00e3o<\/strong> \u2013 um valor pago integralmente pela popula\u00e7\u00e3o.<\/p>\n\n\n\n<blockquote class=\"wp-block-quote is-layout-flow wp-block-quote-is-layout-flow\">\n<p class=\"wp-block-paragraph\">\u200b<strong>Custo do Deputado (Estimativa 2025):<\/strong><\/p>\n\n\n\n<ul class=\"wp-block-list\">\n<li>\u200b<strong>Custo Anual (por deputado):<\/strong> Acima de R$ 3 milh\u00f5es<\/li>\n\n\n\n<li>\u200b<strong>Custo Total Anual (513 deputados):<\/strong> Cerca de R$ 1,7 bilh\u00e3o<\/li>\n<\/ul>\n<\/blockquote>\n\n\n\n<p class=\"wp-block-paragraph\">\u200bEste montante abrange n\u00e3o apenas o subs\u00eddio mensal (que chegou a R$ 46.366,19 em 2025), mas tamb\u00e9m a verba de gabinete para assessores, cota para o exerc\u00edcio da atividade parlamentar (CEAP), aux\u00edlio-moradia, e outros benef\u00edcios e reembolsos. A cada novo debate sobre reajustes ou aumento de cadeiras (como o projeto que prop\u00f5e mais 18 vagas), o impacto financeiro milion\u00e1rio \u00e9 imediato e sentido pelos pagadores de impostos.<\/p>\n\n\n\n<h3 class=\"wp-block-heading\">\u200bO Projeto de Lei que Reduz Penas e Gera Cr\u00edticas<\/h3>\n\n\n\n<p class=\"wp-block-paragraph\">\u200bA insatisfa\u00e7\u00e3o popular ganha novos contornos diante de vota\u00e7\u00f5es sens\u00edveis. Na madrugada de quarta-feira, a C\u00e2mara aprovou o <strong>PL 2.162\/2023<\/strong>, que altera a forma de aplica\u00e7\u00e3o de penas para crimes contra o Estado Democr\u00e1tico de Direito, como tentativa de Golpe de Estado e Aboli\u00e7\u00e3o Violenta do Estado Democr\u00e1tico de Direito.<\/p>\n\n\n\n<p class=\"wp-block-paragraph\">\u200bA proposta, originalmente apelidada de &#8220;PL da Anistia&#8221;, foi modificada, mas continua a gerar pol\u00eamica por beneficiar diretamente condenados nos atos do <strong>8 de Janeiro<\/strong>, incluindo o ex-presidente <strong>Jair Bolsonaro<\/strong>, que figura como r\u00e9u em processos relacionados \u00e0 trama golpista.<\/p>\n\n\n\n<ul class=\"wp-block-list\">\n<li>\u200b<strong>A Mudan\u00e7a Central:<\/strong> O PL da Dosimetria estabelece que, quando os crimes de Aboli\u00e7\u00e3o e Golpe de Estado ocorrerem no mesmo contexto, as penas n\u00e3o poder\u00e3o ser somadas (o que \u00e9 chamado de concurso de crimes). A aplica\u00e7\u00e3o ser\u00e1 restrita \u00e0 pena mais grave, reduzindo significativamente o tempo de reclus\u00e3o.<\/li>\n\n\n\n<li>\u200b<strong>Impacto na Progress\u00e3o:<\/strong> O texto aprovado tamb\u00e9m flexibiliza a regra para progress\u00e3o de regime, permitindo que a mudan\u00e7a (do fechado para o semiaberto, por exemplo) ocorra com 16% da pena cumprida, em vez dos 25% exigidos atualmente para crimes com viol\u00eancia ou grave amea\u00e7a.<\/li>\n\n\n\n<li>\u200b<strong>Vota\u00e7\u00e3o e Repercuss\u00e3o:<\/strong> A proposta, apesar de ter sido defendida como uma &#8220;redu\u00e7\u00e3o de penas&#8221; e n\u00e3o uma &#8220;anistia&#8221; pelos seus articuladores, gerou forte rea\u00e7\u00e3o da oposi\u00e7\u00e3o e de setores da sociedade, que veem na medida um aceno pol\u00edtico para diminuir a responsabiliza\u00e7\u00e3o de r\u00e9us de alta relev\u00e2ncia, como Bolsonaro.<\/li>\n<\/ul>\n\n\n\n<p class=\"wp-block-paragraph\">\u200bO projeto segue agora para o <strong>Senado Federal<\/strong>, onde ser\u00e1 analisado antes de ir para a san\u00e7\u00e3o presidencial. A expectativa \u00e9 de que o debate se acirre, com o tema unindo o alto custo da pol\u00edtica brasileira \u00e0 percep\u00e7\u00e3o de que as regras penais podem ser flexibilizadas em fun\u00e7\u00e3o de interesses pol\u00edticos no Congresso.<\/p>\n","protected":false},"excerpt":{"rendered":"<p>O debate sobre os gastos p\u00fablicos com o Congresso Nacional e as recentes decis\u00f5es da C\u00e2mara dos Deputados em temas criminais colocam o valor da [&#8230;]<\/p>\n","protected":false},"author":1,"featured_media":594,"comment_status":"open","ping_status":"open","sticky":false,"template":"","format":"standard","meta":{"_crdt_document":"","_jetpack_memberships_contains_paid_content":false,"footnotes":"","jetpack_publicize_message":"","jetpack_publicize_feature_enabled":true,"jetpack_social_post_already_shared":false,"jetpack_social_options":{"image_generator_settings":{"template":"highway","default_image_id":0,"font":"","enabled":false},"version":2}},"categories":[7],"tags":[],"class_list":["post-593","post","type-post","status-publish","format-standard","has-post-thumbnail","hentry","category-politica"],"jetpack_publicize_connections":[],"jetpack_featured_media_url":"https:\/\/i0.wp.com\/oexpressobr.com.br\/wp-content\/uploads\/2025\/12\/IMG-20251211-WA0133.jpg?fit=980%2C1371&ssl=1","jetpack_likes_enabled":true,"jetpack_sharing_enabled":true,"_links":{"self":[{"href":"https:\/\/oexpressobr.com.br\/index.php?rest_route=\/wp\/v2\/posts\/593","targetHints":{"allow":["GET"]}}],"collection":[{"href":"https:\/\/oexpressobr.com.br\/index.php?rest_route=\/wp\/v2\/posts"}],"about":[{"href":"https:\/\/oexpressobr.com.br\/index.php?rest_route=\/wp\/v2\/types\/post"}],"author":[{"embeddable":true,"href":"https:\/\/oexpressobr.com.br\/index.php?rest_route=\/wp\/v2\/users\/1"}],"replies":[{"embeddable":true,"href":"https:\/\/oexpressobr.com.br\/index.php?rest_route=%2Fwp%2Fv2%2Fcomments&post=593"}],"version-history":[{"count":0,"href":"https:\/\/oexpressobr.com.br\/index.php?rest_route=\/wp\/v2\/posts\/593\/revisions"}],"wp:featuredmedia":[{"embeddable":true,"href":"https:\/\/oexpressobr.com.br\/index.php?rest_route=\/wp\/v2\/media\/594"}],"wp:attachment":[{"href":"https:\/\/oexpressobr.com.br\/index.php?rest_route=%2Fwp%2Fv2%2Fmedia&parent=593"}],"wp:term":[{"taxonomy":"category","embeddable":true,"href":"https:\/\/oexpressobr.com.br\/index.php?rest_route=%2Fwp%2Fv2%2Fcategories&post=593"},{"taxonomy":"post_tag","embeddable":true,"href":"https:\/\/oexpressobr.com.br\/index.php?rest_route=%2Fwp%2Fv2%2Ftags&post=593"}],"curies":[{"name":"wp","href":"https:\/\/api.w.org\/{rel}","templated":true}]}}