{"id":596,"date":"2025-12-11T10:04:28","date_gmt":"2025-12-11T13:04:28","guid":{"rendered":"https:\/\/oexpressobr.com.br\/?p=596"},"modified":"2025-12-11T12:48:46","modified_gmt":"2025-12-11T15:48:46","slug":"tres-aliados-disputam-apoio-de-ratinho-jr-na-sucessao-do-parana-e-moro-lidera-pesquisas","status":"publish","type":"post","link":"https:\/\/oexpressobr.com.br\/?p=596","title":{"rendered":"Tr\u00eas Aliados Disputam Apoio de Ratinho Jr. na Sucess\u00e3o do Paran\u00e1 e Moro Lidera Pesquisas"},"content":{"rendered":"\n<p class=\"wp-block-paragraph\">Com o encerramento do segundo mandato do governador <strong>Ratinho Junior<\/strong> (PSD) se aproximando em 2026, a disputa pela sua sucess\u00e3o no <strong>Pal\u00e1cio Igua\u00e7u<\/strong> se acirra, com pelo menos tr\u00eas nomes do seu grupo pol\u00edtico buscando o apoio crucial do atual chefe do Executivo paranaense. A escolha \u00e9 complexa, dada a alta popularidade do governador e o desafio de enfrentar o senador <strong>Sergio Moro<\/strong> (Uni\u00e3o Brasil), que j\u00e1 se coloca como um forte candidato de oposi\u00e7\u00e3o e aparece \u00e0 frente nas primeiras pesquisas.<\/p>\n\n\n\n<h3 class=\"wp-block-heading\">\u200bO Trio e a Carta na Manga do Governador<\/h3>\n\n\n\n<p class=\"wp-block-paragraph\">\u200bOs principais aliados que se movimentam nos bastidores para receber a b\u00ean\u00e7\u00e3o de Ratinho Junior, conforme amplamente noticiado, s\u00e3o:<\/p>\n\n\n\n<ul class=\"wp-block-list\">\n<li>\u200b<strong>Rafael Greca:<\/strong> Ex-prefeito de Curitiba, que recentemente se tornou secret\u00e1rio estadual, possivelmente na Casa Civil, em um movimento visto como estrat\u00e9gico para mant\u00ea-lo no p\u00e1reo e perto do centro de decis\u00f5es do governo.<\/li>\n\n\n\n<li>\u200b<strong>Alexandre Curi:<\/strong> Deputado estadual, presidente da Assembleia Legislativa do Paran\u00e1 (Alep), cujo capital pol\u00edtico se fortaleceu com sua posi\u00e7\u00e3o no Legislativo.<\/li>\n\n\n\n<li>\u200b<strong>Guto Silva:<\/strong> Atual Secret\u00e1rio das Cidades e ex-chefe da Casa Civil, apontado em algumas an\u00e1lises como o nome preferido do n\u00facleo mais pr\u00f3ximo do governador, apesar de ser considerado um candidato &#8220;sem votos&#8221; em compara\u00e7\u00e3o com os outros, tendo sido amplamente testado nas urnas.<\/li>\n<\/ul>\n\n\n\n<p class=\"wp-block-paragraph\">\u200bA decis\u00e3o de Ratinho Junior, que ostenta uma das maiores taxas de aprova\u00e7\u00e3o do pa\u00eds \u2013 com pesquisas recentes indicando algo em torno de <strong>81% a 85%<\/strong> \u2013, ser\u00e1 determinante para pavimentar o caminho do seu sucessor. O governador, por sua vez, tem dado sinais de que seu candidato ser\u00e1 do <strong>PSD<\/strong>, seu partido, afastando especula\u00e7\u00f5es de um poss\u00edvel apoio a Moro.<\/p>\n\n\n\n<h3 class=\"wp-block-heading\">\u200bO Fator Sergio Moro e o Cen\u00e1rio Eleitoral<\/h3>\n\n\n\n<p class=\"wp-block-paragraph\">\u200bA principal dificuldade do grupo governista ser\u00e1 transferir o capital pol\u00edtico de Ratinho Junior para um candidato de seu agrado, visto que o nome mais forte no cen\u00e1rio eleitoral atual \u00e9 o do senador <strong>Sergio Moro<\/strong>.<\/p>\n\n\n\n<ul class=\"wp-block-list\">\n<li>\u200b<strong>Pesquisas:<\/strong> Levantamentos como o da Genial\/Quaest e outros institutos t\u00eam consistentemente colocado Sergio Moro na lideran\u00e7a da disputa para 2026, com inten\u00e7\u00f5es de voto que chegam a superar <strong>24%<\/strong> em alguns cen\u00e1rios.<\/li>\n\n\n\n<li>\u200b<strong>Desafio da Aprova\u00e7\u00e3o:<\/strong> Apesar da vantagem inicial de Moro, analistas apontam que a alt\u00edssima aprova\u00e7\u00e3o de Ratinho Junior (acima dos 80%) representa um desafio para o senador. A percep\u00e7\u00e3o do eleitorado de que o governador &#8220;merece eleger um sucessor&#8221; \u00e9 alta, beirando os <strong>67%<\/strong>, segundo a Quaest, e o grupo governista aposta que essa popularidade far\u00e1 a diferen\u00e7a na campanha.<\/li>\n<\/ul>\n\n\n\n<p class=\"wp-block-paragraph\">\u200bA movimenta\u00e7\u00e3o de Ratinho Junior n\u00e3o se restringe \u00e0 esfera estadual. Com a inelegibilidade de Jair Bolsonaro, o governador do Paran\u00e1 tem sido cotado nos bastidores como uma alternativa vi\u00e1vel para herdar o esp\u00f3lio pol\u00edtico da direita em uma eventual disputa presidencial. Esse movimento nacional, no entanto, pode influenciar as articula\u00e7\u00f5es locais e o tempo dedicado \u00e0 sucess\u00e3o paranaense.<\/p>\n\n\n\n<p class=\"wp-block-paragraph\">\u200bO ano de 2025 ser\u00e1 crucial para que Ratinho Junior defina a estrat\u00e9gia e, finalmente, escolha o nome que ter\u00e1 a miss\u00e3o de unificar o grupo, capitalizar sua alta popularidade e enfrentar o forte nome de Sergio Moro nas urnas.<\/p>\n","protected":false},"excerpt":{"rendered":"<p>Com o encerramento do segundo mandato do governador Ratinho Junior (PSD) se aproximando em 2026, a disputa pela sua sucess\u00e3o no Pal\u00e1cio Igua\u00e7u se acirra, [&#8230;]<\/p>\n","protected":false},"author":1,"featured_media":597,"comment_status":"open","ping_status":"open","sticky":false,"template":"","format":"standard","meta":{"_crdt_document":"","_jetpack_memberships_contains_paid_content":false,"footnotes":"","jetpack_publicize_message":"","jetpack_publicize_feature_enabled":true,"jetpack_social_post_already_shared":false,"jetpack_social_options":{"image_generator_settings":{"template":"highway","default_image_id":0,"font":"","enabled":false},"version":2}},"categories":[5],"tags":[],"class_list":["post-596","post","type-post","status-publish","format-standard","has-post-thumbnail","hentry","category-parana"],"jetpack_publicize_connections":[],"jetpack_featured_media_url":"https:\/\/i0.wp.com\/oexpressobr.com.br\/wp-content\/uploads\/2025\/12\/98096086-politica-sao-paulo-sp-15-03-2022-governador-do-parana-carlos-roberto-massa-junio.jpg?fit=924%2C616&ssl=1","jetpack_likes_enabled":true,"jetpack_sharing_enabled":true,"_links":{"self":[{"href":"https:\/\/oexpressobr.com.br\/index.php?rest_route=\/wp\/v2\/posts\/596","targetHints":{"allow":["GET"]}}],"collection":[{"href":"https:\/\/oexpressobr.com.br\/index.php?rest_route=\/wp\/v2\/posts"}],"about":[{"href":"https:\/\/oexpressobr.com.br\/index.php?rest_route=\/wp\/v2\/types\/post"}],"author":[{"embeddable":true,"href":"https:\/\/oexpressobr.com.br\/index.php?rest_route=\/wp\/v2\/users\/1"}],"replies":[{"embeddable":true,"href":"https:\/\/oexpressobr.com.br\/index.php?rest_route=%2Fwp%2Fv2%2Fcomments&post=596"}],"version-history":[{"count":0,"href":"https:\/\/oexpressobr.com.br\/index.php?rest_route=\/wp\/v2\/posts\/596\/revisions"}],"wp:featuredmedia":[{"embeddable":true,"href":"https:\/\/oexpressobr.com.br\/index.php?rest_route=\/wp\/v2\/media\/597"}],"wp:attachment":[{"href":"https:\/\/oexpressobr.com.br\/index.php?rest_route=%2Fwp%2Fv2%2Fmedia&parent=596"}],"wp:term":[{"taxonomy":"category","embeddable":true,"href":"https:\/\/oexpressobr.com.br\/index.php?rest_route=%2Fwp%2Fv2%2Fcategories&post=596"},{"taxonomy":"post_tag","embeddable":true,"href":"https:\/\/oexpressobr.com.br\/index.php?rest_route=%2Fwp%2Fv2%2Ftags&post=596"}],"curies":[{"name":"wp","href":"https:\/\/api.w.org\/{rel}","templated":true}]}}