{"id":599,"date":"2025-12-11T19:19:54","date_gmt":"2025-12-11T22:19:54","guid":{"rendered":"https:\/\/oexpressobr.com.br\/?p=599"},"modified":"2025-12-11T19:19:57","modified_gmt":"2025-12-11T22:19:57","slug":"sao-jose-dos-pinhais-servidores-do-samu-protestam-contra-terceirizacao-e-alertam-populacao","status":"publish","type":"post","link":"https:\/\/oexpressobr.com.br\/?p=599","title":{"rendered":"S\u00e3o Jos\u00e9 dos Pinhais: Servidores do SAMU Protestam Contra Terceiriza\u00e7\u00e3o e Alertam Popula\u00e7\u00e3o"},"content":{"rendered":"\n<p class=\"wp-block-paragraph\"><strong>Servidores e Sindicato de S\u00e3o Jos\u00e9 dos Pinhais Mobilizam-se Contra Terceiriza\u00e7\u00e3o do SAMU<\/strong><\/p>\n\n\n\n<p class=\"wp-block-paragraph\">\u200bS\u00e3o Jos\u00e9 dos Pinhais vive um momento de <strong>tens\u00e3o e preocupa\u00e7\u00e3o<\/strong> com o processo que pode levar \u00e0 <strong>terceiriza\u00e7\u00e3o do Servi\u00e7o de Atendimento M\u00f3vel de Urg\u00eancia (SAMU)<\/strong>. O servi\u00e7o, vital para salvar vidas diariamente em acidentes, infartos, paradas cardiorrespirat\u00f3rias e outras emerg\u00eancias, est\u00e1 na mira da iniciativa privada, acendendo um <strong>alerta vermelho<\/strong> entre os servidores p\u00fablicos e a popula\u00e7\u00e3o do munic\u00edpio.<\/p>\n\n\n\n<p class=\"wp-block-paragraph\">\u200bAtualmente, o SAMU \u00e9 um servi\u00e7o <strong>p\u00fablico, gratuito e de qualidade<\/strong>, operado por profissionais concursados que possuem profundo conhecimento da geografia e da realidade de cada bairro da cidade. A iminente terceiriza\u00e7\u00e3o, apresentada pela administra\u00e7\u00e3o municipal, segundo fontes e reportagens recentes, como uma medida para &#8220;reduzir custos&#8221;, \u00e9 vista pela categoria como um grave risco.<\/p>\n\n\n\n<blockquote class=\"wp-block-quote is-layout-flow wp-block-quote-is-layout-flow\">\n<p class=\"wp-block-paragraph\">\u200b<strong>O Alerta dos Servidores:<\/strong><\/p>\n\n\n\n<p class=\"wp-block-paragraph\">Representantes da categoria temem que a mudan\u00e7a resulte em:<\/p>\n\n\n\n<ul class=\"wp-block-list\">\n<li>\u200b<strong>Redu\u00e7\u00e3o de Equipes:<\/strong> Menos ambul\u00e2ncias e profissionais dispon\u00edveis.<\/li>\n\n\n\n<li>\u200b<strong>Deteriora\u00e7\u00e3o Salarial e de Condi\u00e7\u00f5es:<\/strong> Poss\u00edvel redu\u00e7\u00e3o salarial e jornadas de trabalho mais longas e exaustivas.<\/li>\n\n\n\n<li>\u200b<strong>Sucateamento:<\/strong> Comprometimento da manuten\u00e7\u00e3o e qualidade das ambul\u00e2ncias.<\/li>\n<\/ul>\n<\/blockquote>\n\n\n\n<p class=\"wp-block-paragraph\">\u200bO <strong>SINSEP \u2013 Sindicato dos Servidores P\u00fablicos Municipais de S\u00e3o Jos\u00e9 dos Pinhais<\/strong> refor\u00e7a a postura de que o SAMU \u00e9 uma <strong>pol\u00edtica p\u00fablica essencial<\/strong> e n\u00e3o pode ser tratado como um neg\u00f3cio. &#8220;Defender o SAMU \u00e9 defender a vida e proteger o direito de todos a um atendimento digno e eficiente&#8221;, afirma o sindicato.<\/p>\n\n\n\n<h3 class=\"wp-block-heading\">\u200b\ud83d\udcf0 \u00daltimas Novidades e Mobiliza\u00e7\u00e3o da Categoria<\/h3>\n\n\n\n<p class=\"wp-block-paragraph\">\u200bA insatisfa\u00e7\u00e3o com o poss\u00edvel processo de entrega do servi\u00e7o \u00e0 iniciativa privada se transformou em a\u00e7\u00e3o.<\/p>\n\n\n\n<ul class=\"wp-block-list\">\n<li>\u200b<strong>Paralisa\u00e7\u00e3o Anunciada:<\/strong> Os trabalhadores do SAMU, em conjunto com o SINSEP, planejam uma <strong>paralisa\u00e7\u00e3o de 24 horas<\/strong> como forma de protesto e alerta. A data exata pode ser confirmada nos pr\u00f3ximos dias.<\/li>\n\n\n\n<li>\u200b<strong>Ato em Frente \u00e0 Prefeitura:<\/strong> O ato est\u00e1 sendo organizado para ocorrer em frente \u00e0 Prefeitura de S\u00e3o Jos\u00e9 dos Pinhais. Embora seja uma mobiliza\u00e7\u00e3o, o sindicato garante que ser\u00e1 <strong>pac\u00edfico<\/strong> e manter\u00e1 o foco em informar a popula\u00e7\u00e3o sobre os riscos de uma gest\u00e3o privada.<\/li>\n\n\n\n<li>\u200b<strong>Atendimento de Urg\u00eancia Mantido:<\/strong> Mesmo durante a paralisa\u00e7\u00e3o, os servidores se comprometem a manter o <strong>atendimento m\u00ednimo de urg\u00eancia e emerg\u00eancia<\/strong>, garantindo que nenhum chamado do 192 deixe de ser atendido. A preocupa\u00e7\u00e3o \u00e9 justamente evitar que, no futuro, a falta de equipes por conta da terceiriza\u00e7\u00e3o comprometa o socorro.<\/li>\n<\/ul>\n\n\n\n<p class=\"wp-block-paragraph\">\u200bA comunidade e os servidores aguardam um posicionamento oficial e mais claro da Prefeitura sobre o destino do servi\u00e7o, mas a mobiliza\u00e7\u00e3o j\u00e1 mostra que a categoria n\u00e3o aceitar\u00e1 passivamente uma medida que consideram um retrocesso para a sa\u00fade p\u00fablica de S\u00e3o Jos\u00e9 dos Pinhais.<\/p>\n","protected":false},"excerpt":{"rendered":"<p>Servidores e Sindicato de S\u00e3o Jos\u00e9 dos Pinhais Mobilizam-se Contra Terceiriza\u00e7\u00e3o do SAMU \u200bS\u00e3o Jos\u00e9 dos Pinhais vive um momento de tens\u00e3o e preocupa\u00e7\u00e3o com [&#8230;]<\/p>\n","protected":false},"author":1,"featured_media":600,"comment_status":"open","ping_status":"open","sticky":false,"template":"","format":"standard","meta":{"_crdt_document":"","_jetpack_memberships_contains_paid_content":false,"footnotes":"","jetpack_publicize_message":"","jetpack_publicize_feature_enabled":true,"jetpack_social_post_already_shared":false,"jetpack_social_options":{"image_generator_settings":{"template":"highway","default_image_id":0,"font":"","enabled":false},"version":2}},"categories":[5],"tags":[],"class_list":["post-599","post","type-post","status-publish","format-standard","has-post-thumbnail","hentry","category-parana"],"jetpack_publicize_connections":[],"jetpack_featured_media_url":"https:\/\/i0.wp.com\/oexpressobr.com.br\/wp-content\/uploads\/2025\/12\/FB_IMG_1765491310025.jpg?fit=960%2C671&ssl=1","jetpack_likes_enabled":true,"jetpack_sharing_enabled":true,"_links":{"self":[{"href":"https:\/\/oexpressobr.com.br\/index.php?rest_route=\/wp\/v2\/posts\/599","targetHints":{"allow":["GET"]}}],"collection":[{"href":"https:\/\/oexpressobr.com.br\/index.php?rest_route=\/wp\/v2\/posts"}],"about":[{"href":"https:\/\/oexpressobr.com.br\/index.php?rest_route=\/wp\/v2\/types\/post"}],"author":[{"embeddable":true,"href":"https:\/\/oexpressobr.com.br\/index.php?rest_route=\/wp\/v2\/users\/1"}],"replies":[{"embeddable":true,"href":"https:\/\/oexpressobr.com.br\/index.php?rest_route=%2Fwp%2Fv2%2Fcomments&post=599"}],"version-history":[{"count":0,"href":"https:\/\/oexpressobr.com.br\/index.php?rest_route=\/wp\/v2\/posts\/599\/revisions"}],"wp:featuredmedia":[{"embeddable":true,"href":"https:\/\/oexpressobr.com.br\/index.php?rest_route=\/wp\/v2\/media\/600"}],"wp:attachment":[{"href":"https:\/\/oexpressobr.com.br\/index.php?rest_route=%2Fwp%2Fv2%2Fmedia&parent=599"}],"wp:term":[{"taxonomy":"category","embeddable":true,"href":"https:\/\/oexpressobr.com.br\/index.php?rest_route=%2Fwp%2Fv2%2Fcategories&post=599"},{"taxonomy":"post_tag","embeddable":true,"href":"https:\/\/oexpressobr.com.br\/index.php?rest_route=%2Fwp%2Fv2%2Ftags&post=599"}],"curies":[{"name":"wp","href":"https:\/\/api.w.org\/{rel}","templated":true}]}}