{"id":602,"date":"2025-12-11T19:27:56","date_gmt":"2025-12-11T22:27:56","guid":{"rendered":"https:\/\/oexpressobr.com.br\/?p=602"},"modified":"2025-12-11T19:27:57","modified_gmt":"2025-12-11T22:27:57","slug":"transparencia-em-debate-uso-de-parque-de-exposicoes-por-adriano-jose-e-relacao-com-sociedade-rural","status":"publish","type":"post","link":"https:\/\/oexpressobr.com.br\/?p=602","title":{"rendered":"Transpar\u00eancia Em Debate: Uso De Parque De Exposi\u00e7\u00f5es Por Adriano Jos\u00e9 E Rela\u00e7\u00e3o Com Sociedade Rural"},"content":{"rendered":"\n<p class=\"wp-block-paragraph\">A utiliza\u00e7\u00e3o do Parque Internacional de Exposi\u00e7\u00f5es, gerido pela <strong>Sociedade Rural de Maring\u00e1 (SRM)<\/strong>, para a festa de anivers\u00e1rio do deputado estadual <strong>Adriano Jos\u00e9 (PP)<\/strong>, realizada na \u00faltima semana, gerou um intenso debate na esfera pol\u00edtica e social da regi\u00e3o. O que deveria ser um evento privado, mesmo que com a presen\u00e7a de agentes p\u00fablicos como o governador Ratinho Junior, rapidamente se tornou um questionamento sobre a <strong>transpar\u00eancia<\/strong> no uso de um espa\u00e7o com forte liga\u00e7\u00e3o p\u00fablica.<\/p>\n\n\n\n<p class=\"wp-block-paragraph\">\u200bO cerne da pol\u00eamica reside na aus\u00eancia de informa\u00e7\u00f5es claras sobre o acerto financeiro, ou n\u00e3o, entre o deputado e a SRM para a loca\u00e7\u00e3o do local.<\/p>\n\n\n\n<h3 class=\"wp-block-heading\">\u200bCortesia, Acordo ou Pagamento? A D\u00favida Que Persiste<\/h3>\n\n\n\n<p class=\"wp-block-paragraph\">\u200bO questionamento principal, levantado por ve\u00edculos de comunica\u00e7\u00e3o locais, \u00e9 direto: <strong>Adriano Jos\u00e9 pagou pela loca\u00e7\u00e3o do espa\u00e7o?<\/strong><\/p>\n\n\n\n<ul class=\"wp-block-list\">\n<li>\u200bSe houve pagamento, a sociedade exige a <strong>apresenta\u00e7\u00e3o completa da documenta\u00e7\u00e3o<\/strong>, indo al\u00e9m de um simples contrato, para comprovar o valor e a quita\u00e7\u00e3o integral.<\/li>\n\n\n\n<li>\u200bCaso a Sociedade Rural de Maring\u00e1 tenha cedido o local como uma <strong>&#8220;cortesia&#8221;<\/strong>, o motivo da benesse se torna o centro das aten\u00e7\u00f5es.<\/li>\n<\/ul>\n\n\n\n<p class=\"wp-block-paragraph\">\u200bEssa \u00faltima hip\u00f3tese levanta suspeitas imediatas, especialmente considerando a recente libera\u00e7\u00e3o de <strong>R$ 25 milh\u00f5es em recursos p\u00fablicos<\/strong> para o Hospital da Crian\u00e7a de Maring\u00e1, um tema que envolve a atua\u00e7\u00e3o do governador Ratinho Junior \u2013 presente na festa \u2013 e a influ\u00eancia pol\u00edtica local, na qual o deputado Adriano Jos\u00e9 tenta se projetar para a disputa de deputado federal em 2026. A SRM, inclusive, recebeu o t\u00edtulo de utilidade p\u00fablica em 2024, lei proposta por deputados como Adriano Jos\u00e9.<\/p>\n\n\n\n<h3 class=\"wp-block-heading\">\u200b Envolvimento Pol\u00edtico E As Elei\u00e7\u00f5es De 2026<\/h3>\n\n\n\n<p class=\"wp-block-paragraph\">\u200bA presen\u00e7a de Ratinho Junior, que estaria usando apari\u00e7\u00f5es p\u00fablicas para construir sua imagem em uma poss\u00edvel pr\u00e9-campanha \u00e0 presid\u00eancia, ao lado de Adriano Jos\u00e9, que busca uma proje\u00e7\u00e3o pol\u00edtica maior, confere ao evento um inequ\u00edvoco <strong>car\u00e1ter pol\u00edtico-eleitoral<\/strong>.<\/p>\n\n\n\n<p class=\"wp-block-paragraph\">\u200bQuando um evento com essas caracter\u00edsticas \u00e9 realizado em um espa\u00e7o como o Parque de Exposi\u00e7\u00f5es, cuja gest\u00e3o est\u00e1 intrinsecamente ligada \u00e0 Sociedade Rural \u2013 uma entidade que interage constantemente com o poder p\u00fablico em temas como a Expoing\u00e1 e recursos estaduais \u2013, a exig\u00eancia por transpar\u00eancia total no uso do bem se torna inegoci\u00e1vel.<\/p>\n\n\n\n<h3 class=\"wp-block-heading\">\u200b\ud83d\udce2 A Cobran\u00e7a Por Clareza<\/h3>\n\n\n\n<p class=\"wp-block-paragraph\">\u200bA Sociedade Rural de Maring\u00e1 e o deputado Adriano Jos\u00e9 est\u00e3o agora sob a press\u00e3o de dar respostas concretas. Em ambos os cen\u00e1rios \u2013 pagamento ou cortesia \u2013, a verdade \u00e9 um direito da popula\u00e7\u00e3o.<\/p>\n\n\n\n<p class=\"wp-block-paragraph\">\u200bA situa\u00e7\u00e3o ilustra um ponto crucial na vida p\u00fablica: a gest\u00e3o de espa\u00e7os e entidades que recebem apoio p\u00fablico deve seguir os mais r\u00edgidos crit\u00e9rios de transpar\u00eancia, a fim de evitar a percep\u00e7\u00e3o de que recursos, ou privil\u00e9gios, podem ser trocados por favores pol\u00edticos. A expectativa \u00e9 que os envolvidos apresentem, o quanto antes, todos os detalhes da negocia\u00e7\u00e3o para dissipar as d\u00favidas e reestabelecer a confian\u00e7a.<\/p>\n","protected":false},"excerpt":{"rendered":"<p>A utiliza\u00e7\u00e3o do Parque Internacional de Exposi\u00e7\u00f5es, gerido pela Sociedade Rural de Maring\u00e1 (SRM), para a festa de anivers\u00e1rio do deputado estadual Adriano Jos\u00e9 (PP), [&#8230;]<\/p>\n","protected":false},"author":1,"featured_media":603,"comment_status":"open","ping_status":"open","sticky":false,"template":"","format":"standard","meta":{"_crdt_document":"","_jetpack_memberships_contains_paid_content":false,"footnotes":"","jetpack_publicize_message":"","jetpack_publicize_feature_enabled":true,"jetpack_social_post_already_shared":false,"jetpack_social_options":{"image_generator_settings":{"template":"highway","default_image_id":0,"font":"","enabled":false},"version":2}},"categories":[4],"tags":[],"class_list":["post-602","post","type-post","status-publish","format-standard","has-post-thumbnail","hentry","category-maringa"],"jetpack_publicize_connections":[],"jetpack_featured_media_url":"https:\/\/i0.wp.com\/oexpressobr.com.br\/wp-content\/uploads\/2025\/12\/Adriano-Jose-1.png?fit=325%2C473&ssl=1","jetpack_likes_enabled":true,"jetpack_sharing_enabled":true,"_links":{"self":[{"href":"https:\/\/oexpressobr.com.br\/index.php?rest_route=\/wp\/v2\/posts\/602","targetHints":{"allow":["GET"]}}],"collection":[{"href":"https:\/\/oexpressobr.com.br\/index.php?rest_route=\/wp\/v2\/posts"}],"about":[{"href":"https:\/\/oexpressobr.com.br\/index.php?rest_route=\/wp\/v2\/types\/post"}],"author":[{"embeddable":true,"href":"https:\/\/oexpressobr.com.br\/index.php?rest_route=\/wp\/v2\/users\/1"}],"replies":[{"embeddable":true,"href":"https:\/\/oexpressobr.com.br\/index.php?rest_route=%2Fwp%2Fv2%2Fcomments&post=602"}],"version-history":[{"count":0,"href":"https:\/\/oexpressobr.com.br\/index.php?rest_route=\/wp\/v2\/posts\/602\/revisions"}],"wp:featuredmedia":[{"embeddable":true,"href":"https:\/\/oexpressobr.com.br\/index.php?rest_route=\/wp\/v2\/media\/603"}],"wp:attachment":[{"href":"https:\/\/oexpressobr.com.br\/index.php?rest_route=%2Fwp%2Fv2%2Fmedia&parent=602"}],"wp:term":[{"taxonomy":"category","embeddable":true,"href":"https:\/\/oexpressobr.com.br\/index.php?rest_route=%2Fwp%2Fv2%2Fcategories&post=602"},{"taxonomy":"post_tag","embeddable":true,"href":"https:\/\/oexpressobr.com.br\/index.php?rest_route=%2Fwp%2Fv2%2Ftags&post=602"}],"curies":[{"name":"wp","href":"https:\/\/api.w.org\/{rel}","templated":true}]}}