{"id":605,"date":"2025-12-11T19:33:38","date_gmt":"2025-12-11T22:33:38","guid":{"rendered":"https:\/\/oexpressobr.com.br\/?p=605"},"modified":"2025-12-11T19:33:39","modified_gmt":"2025-12-11T22:33:39","slug":"conselho-de-defesa-dos-animais-de-pg-aprova-mocao-de-repudio-a-vereadora-teka-dos-animais-nao-atua-pelo-bem-estar-animal","status":"publish","type":"post","link":"https:\/\/oexpressobr.com.br\/?p=605","title":{"rendered":"Conselho de Defesa dos Animais de PG aprova mo\u00e7\u00e3o de rep\u00fadio \u00e0 vereadora Teka dos Animais: &#8220;N\u00e3o atua pelo bem-estar animal&#8221;"},"content":{"rendered":"\n<p class=\"wp-block-paragraph\">O Conselho Municipal de Prote\u00e7\u00e3o e Defesa dos Animais de Ponta Grossa (PG) aprovou, em reuni\u00e3o realizada na \u00faltima ter\u00e7a-feira (9), uma mo\u00e7\u00e3o de rep\u00fadio formal contra a vereadora Teka dos Animais (Uni\u00e3o Brasil), eleita com a bandeira da causa animal. A decis\u00e3o, de amplo apoio entre as entidades de prote\u00e7\u00e3o, baseia-se na alega\u00e7\u00e3o de que a parlamentar tem agido de forma omissa e incompat\u00edvel com a defesa intransigente do bem-estar animal no munic\u00edpio.<\/p>\n\n\n\n<p class=\"wp-block-paragraph\">\u200bA mo\u00e7\u00e3o foi aprovada com o voto favor\u00e1vel de todas as Organiza\u00e7\u00f5es N\u00e3o Governamentais (ONGs) e institui\u00e7\u00f5es de ensino influentes que comp\u00f5em o colegiado. Apenas dois \u00f3rg\u00e3os ligados \u00e0 administra\u00e7\u00e3o municipal (a Secretaria de Sa\u00fade e a Guarda Municipal) votaram contra o rep\u00fadio.<\/p>\n\n\n\n<p class=\"wp-block-paragraph\">\u200bOs motivos listados pelo Conselho para a medida dr\u00e1stica s\u00e3o graves e envolvem a atua\u00e7\u00e3o de Teka, que integra a base de apoio da prefeita Elizabeth Schmidt. As principais cr\u00edticas concentram-se na sua falta de fiscaliza\u00e7\u00e3o e posicionamento em rela\u00e7\u00e3o a:<\/p>\n\n\n\n<ul class=\"wp-block-list\">\n<li>\u200b<strong>Castra\u00e7\u00e3o e CRAR:<\/strong> Omiss\u00e3o diante de den\u00fancias de ind\u00edcios de fraude no processo licitat\u00f3rio para a escolha da cl\u00ednica que administra o Centro de Refer\u00eancia para Animais em Risco (CRAR), e irregularidades na situa\u00e7\u00e3o da castra\u00e7\u00e3o municipal.<\/li>\n\n\n\n<li>\u200b<strong>Anestesia Irregular:<\/strong> Indiferen\u00e7a frente ao caso de uma cl\u00ednica contratada que pretendia realizar cirurgias em animais utilizando anest\u00e9sico irregular, uma situa\u00e7\u00e3o de grave risco.<\/li>\n\n\n\n<li>\u200b<strong>Relat\u00f3rio da CEI:<\/strong> Recusa da vereadora em assinar o relat\u00f3rio de uma Comiss\u00e3o Especial de Investiga\u00e7\u00e3o (CEI) da C\u00e2mara Municipal que apontou as irregularidades nos servi\u00e7os de atendimento animal.<\/li>\n<\/ul>\n\n\n\n<p class=\"wp-block-paragraph\">\u200bA mo\u00e7\u00e3o aponta que a conduta de Teka enfraquece a luta pela prote\u00e7\u00e3o animal na cidade e deslegitima o mandato que lhe foi outorgado pela popula\u00e7\u00e3o para defender esta causa espec\u00edfica.<\/p>\n\n\n\n<p class=\"wp-block-paragraph\">\u200bO vice-presidente do Conselho, Thiago Gilberto do Prado, enfatizou o sentimento de trai\u00e7\u00e3o por parte do eleitorado da causa: \u201cEssa mo\u00e7\u00e3o de rep\u00fadio \u00e9 pela atitude da vereadora Teka dos Animais. Ela se elegeu com a bandeira de prote\u00e7\u00e3o aos animais e precisa defend\u00ea-los, independente de seu partido.\u201d<\/p>\n\n\n\n<p class=\"wp-block-paragraph\">\u200bA representante do Grupo Fauna de Prote\u00e7\u00e3o aos Animais, Isabelo Futerko, tamb\u00e9m criticou a omiss\u00e3o: \u201c\u00c9 inadmiss\u00edvel que uma vereadora eleita pela causa animal n\u00e3o tenha feito nada sobre tantas irregularidades. Ela n\u00e3o assinou o relat\u00f3rio da CEI, n\u00e3o se manifestou e sabia de tudo. Isso \u00e9 muito grave.\u201d<\/p>\n\n\n\n<p class=\"wp-block-paragraph\">\u200bEnquanto o Conselho acusa a vereadora de agir de forma conivente com o retrocesso nos direitos dos animais, o Portal Mareli Martins, que divulgou a mo\u00e7\u00e3o, informa estar investigando uma &#8220;poss\u00edvel&#8221; liga\u00e7\u00e3o entre a cl\u00ednica vencedora da licita\u00e7\u00e3o em Ponta Grossa, a vereadora, e um suposto envolvimento com um deputado federal que tamb\u00e9m teria decepcionado o eleitorado da causa animal.<\/p>\n\n\n\n<p class=\"wp-block-paragraph\">\u200bA vereadora Teka dos Animais, consultada sobre a mo\u00e7\u00e3o de rep\u00fadio, n\u00e3o havia se manifestado publicamente at\u00e9 o fechamento desta reportagem.<\/p>\n","protected":false},"excerpt":{"rendered":"<p>O Conselho Municipal de Prote\u00e7\u00e3o e Defesa dos Animais de Ponta Grossa (PG) aprovou, em reuni\u00e3o realizada na \u00faltima ter\u00e7a-feira (9), uma mo\u00e7\u00e3o de rep\u00fadio [&#8230;]<\/p>\n","protected":false},"author":1,"featured_media":606,"comment_status":"open","ping_status":"open","sticky":false,"template":"","format":"standard","meta":{"_crdt_document":"","_jetpack_memberships_contains_paid_content":false,"footnotes":"","jetpack_publicize_message":"","jetpack_publicize_feature_enabled":true,"jetpack_social_post_already_shared":false,"jetpack_social_options":{"image_generator_settings":{"template":"highway","default_image_id":0,"font":"","enabled":false},"version":2}},"categories":[30],"tags":[],"class_list":["post-605","post","type-post","status-publish","format-standard","has-post-thumbnail","hentry","category-bem-estar-animal"],"jetpack_publicize_connections":[],"jetpack_featured_media_url":"https:\/\/i0.wp.com\/oexpressobr.com.br\/wp-content\/uploads\/2025\/12\/teka.jpg2_.jpg?fit=770%2C470&ssl=1","jetpack_likes_enabled":true,"jetpack_sharing_enabled":true,"_links":{"self":[{"href":"https:\/\/oexpressobr.com.br\/index.php?rest_route=\/wp\/v2\/posts\/605","targetHints":{"allow":["GET"]}}],"collection":[{"href":"https:\/\/oexpressobr.com.br\/index.php?rest_route=\/wp\/v2\/posts"}],"about":[{"href":"https:\/\/oexpressobr.com.br\/index.php?rest_route=\/wp\/v2\/types\/post"}],"author":[{"embeddable":true,"href":"https:\/\/oexpressobr.com.br\/index.php?rest_route=\/wp\/v2\/users\/1"}],"replies":[{"embeddable":true,"href":"https:\/\/oexpressobr.com.br\/index.php?rest_route=%2Fwp%2Fv2%2Fcomments&post=605"}],"version-history":[{"count":0,"href":"https:\/\/oexpressobr.com.br\/index.php?rest_route=\/wp\/v2\/posts\/605\/revisions"}],"wp:featuredmedia":[{"embeddable":true,"href":"https:\/\/oexpressobr.com.br\/index.php?rest_route=\/wp\/v2\/media\/606"}],"wp:attachment":[{"href":"https:\/\/oexpressobr.com.br\/index.php?rest_route=%2Fwp%2Fv2%2Fmedia&parent=605"}],"wp:term":[{"taxonomy":"category","embeddable":true,"href":"https:\/\/oexpressobr.com.br\/index.php?rest_route=%2Fwp%2Fv2%2Fcategories&post=605"},{"taxonomy":"post_tag","embeddable":true,"href":"https:\/\/oexpressobr.com.br\/index.php?rest_route=%2Fwp%2Fv2%2Ftags&post=605"}],"curies":[{"name":"wp","href":"https:\/\/api.w.org\/{rel}","templated":true}]}}