{"id":608,"date":"2025-12-11T19:48:44","date_gmt":"2025-12-11T22:48:44","guid":{"rendered":"https:\/\/oexpressobr.com.br\/?p=608"},"modified":"2025-12-11T19:48:45","modified_gmt":"2025-12-11T22:48:45","slug":"alesc-aprova-proibicao-de-cotas-raciais-em-universidades-estaduais-de-sc-projeto-segue-para-sancao-do-governador-jorginho-mello","status":"publish","type":"post","link":"https:\/\/oexpressobr.com.br\/?p=608","title":{"rendered":"Alesc Aprova Proibi\u00e7\u00e3o De Cotas Raciais Em Universidades Estaduais De SC; Projeto Segue Para San\u00e7\u00e3o Do Governador Jorginho Mello"},"content":{"rendered":"\n<p class=\"wp-block-paragraph\">A Assembleia Legislativa do Estado de Santa Catarina (Alesc) aprovou, em vota\u00e7\u00e3o simb\u00f3lica realizada na quarta-feira (10 de dezembro de 2025), um projeto de lei (PL) que visa proibir a ado\u00e7\u00e3o de cotas raciais e outras a\u00e7\u00f5es afirmativas baseadas em crit\u00e9rios raciais ou \u00e9tnicos em institui\u00e7\u00f5es de ensino superior da rede p\u00fablica estadual ou que recebam verbas p\u00fablicas do estado.<\/p>\n\n\n\n<p class=\"wp-block-paragraph\">\u200bO projeto, de autoria do deputado Alex Brasil (PL), segue agora para a san\u00e7\u00e3o do governador Jorginho Mello (PL), que j\u00e1 manifestou cr\u00edticas a pol\u00edticas de cotas, aumentando a expectativa de que a mat\u00e9ria seja promulgada.<\/p>\n\n\n\n<h3 class=\"wp-block-heading\">\u200bDetalhes Da Proposta Aprovada<\/h3>\n\n\n\n<p class=\"wp-block-paragraph\">\u200bO Projeto de Lei limita as reservas de vagas nas universidades estaduais, como a Universidade do Estado de Santa Catarina (UDESC), a tr\u00eas categorias espec\u00edficas:<\/p>\n\n\n\n<ul class=\"wp-block-list\">\n<li>\u200b<strong>Pessoas com Defici\u00eancia (PCDs).<\/strong><\/li>\n\n\n\n<li>\u200b<strong>Crit\u00e9rios exclusivamente socioecon\u00f4micos (baixa renda).<\/strong><\/li>\n\n\n\n<li>\u200b<strong>Estudantes oriundos do ensino m\u00e9dio da rede p\u00fablica estadual.<\/strong><\/li>\n<\/ul>\n\n\n\n<p class=\"wp-block-paragraph\">\u200bA proibi\u00e7\u00e3o se estende tanto para o ingresso de <strong>estudantes<\/strong> quanto para a contrata\u00e7\u00e3o de <strong>funcion\u00e1rios<\/strong>, incluindo professores e t\u00e9cnicos, em seus quadros.<\/p>\n\n\n\n<h3 class=\"wp-block-heading\">\u200b As Puni\u00e7\u00f5es E O Debate Central<\/h3>\n\n\n\n<p class=\"wp-block-paragraph\">\u200bO texto aprovado estabelece penalidades severas para as institui\u00e7\u00f5es que descumprirem a nova regra:<\/p>\n\n\n\n<ul class=\"wp-block-list\">\n<li>\u200b<strong>Multa de R$ 100 mil<\/strong> por edital considerado irregular.<\/li>\n\n\n\n<li>\u200b<strong>Corte de repasse de verbas p\u00fablicas<\/strong> estaduais.<\/li>\n\n\n\n<li>\u200b<strong>Abertura de procedimento administrativo disciplinar<\/strong> contra os agentes p\u00fablicos respons\u00e1veis pela viola\u00e7\u00e3o da norma.<\/li>\n<\/ul>\n\n\n\n<p class=\"wp-block-paragraph\">\u200bO autor da proposta e parlamentares favor\u00e1veis argumentam que o foco das a\u00e7\u00f5es afirmativas deve ser exclusivamente a <strong>condi\u00e7\u00e3o socioecon\u00f4mica<\/strong> e o <strong>m\u00e9rito<\/strong>, defendendo que a ra\u00e7a n\u00e3o deve ser um crit\u00e9rio para acesso ao ensino superior.<\/p>\n\n\n\n<blockquote class=\"wp-block-quote is-layout-flow wp-block-quote-is-layout-flow\">\n<p class=\"wp-block-paragraph\">\u200b<em>&#8220;A oportunidade \u00e9 para quem realmente precisa! Se voc\u00ea \u00e9 negro e tem alta renda, a vaga \u00e9 do branco de baixa renda que n\u00e3o tem condi\u00e7\u00f5es de pagar os estudos. O discurso raso de racismo \u00e9 recha\u00e7ado. Priorizamos o m\u00e9rito e a necessidade financeira, n\u00e3o a cor da pele,&#8221;<\/em> declarou um dos defensores do projeto.<\/p>\n<\/blockquote>\n\n\n\n<h3 class=\"wp-block-heading\">\u200b Oposi\u00e7\u00e3o E Repercuss\u00e3o<\/h3>\n\n\n\n<p class=\"wp-block-paragraph\">\u200bA vota\u00e7\u00e3o contou com a oposi\u00e7\u00e3o nominal de sete deputados (Fabiano da Luz, Marquito, Neodi Saretta, Padre Pedro Baldissera, Paulinha, Rodrigo Minotto e Vicente Caropreso) e gerou forte rea\u00e7\u00e3o de entidades ligadas \u00e0 educa\u00e7\u00e3o e movimentos negros.<\/p>\n\n\n\n<ul class=\"wp-block-list\">\n<li>\u200b<strong>Manifesta\u00e7\u00f5es:<\/strong> Entidades como o Sindicato dos Trabalhadores em Educa\u00e7\u00e3o de Santa Catarina (Sinte-SC) protestaram contra a medida durante a tramita\u00e7\u00e3o do PL.<\/li>\n\n\n\n<li>\u200b<strong>Notas de Rep\u00fadio:<\/strong> Universidades e institutos federais, como o IFSC e a UFSC, emitiram notas de rep\u00fadio, classificando a aprova\u00e7\u00e3o como um ato <strong>&#8220;inaceit\u00e1vel, irrespons\u00e1vel e profundamente regressivo, que despreza d\u00e9cadas de luta por justi\u00e7a racial.&#8221;<\/strong><\/li>\n\n\n\n<li>\u200b<strong>Contexto Federal:<\/strong> A proibi\u00e7\u00e3o afirmativa em SC n\u00e3o afeta institui\u00e7\u00f5es federais, como a UFSC, onde a Lei de Cotas (que inclui crit\u00e9rios raciais, socioecon\u00f4micos e de ensino p\u00fablico) continua plenamente em vigor.<\/li>\n<\/ul>\n\n\n\n<p class=\"wp-block-paragraph\">\u200bCaso o governador Jorginho Mello sancione o texto, o Estado de Santa Catarina ter\u00e1 um prazo de 90 dias para regulamentar as puni\u00e7\u00f5es previstas, marcando uma significativa mudan\u00e7a na pol\u00edtica de acesso ao ensino superior estadual.<\/p>\n","protected":false},"excerpt":{"rendered":"<p>A Assembleia Legislativa do Estado de Santa Catarina (Alesc) aprovou, em vota\u00e7\u00e3o simb\u00f3lica realizada na quarta-feira (10 de dezembro de 2025), um projeto de lei [&#8230;]<\/p>\n","protected":false},"author":1,"featured_media":609,"comment_status":"open","ping_status":"open","sticky":false,"template":"","format":"standard","meta":{"_crdt_document":"","_jetpack_memberships_contains_paid_content":false,"footnotes":"","jetpack_publicize_message":"","jetpack_publicize_feature_enabled":true,"jetpack_social_post_already_shared":false,"jetpack_social_options":{"image_generator_settings":{"template":"highway","default_image_id":0,"font":"","enabled":false},"version":2}},"categories":[3],"tags":[],"class_list":["post-608","post","type-post","status-publish","format-standard","has-post-thumbnail","hentry","category-brasil"],"jetpack_publicize_connections":[],"jetpack_featured_media_url":"https:\/\/i0.wp.com\/oexpressobr.com.br\/wp-content\/uploads\/2025\/12\/fotonoticia_img20200917wa0034-960x540-1.webp?fit=960%2C540&ssl=1","jetpack_likes_enabled":true,"jetpack_sharing_enabled":true,"_links":{"self":[{"href":"https:\/\/oexpressobr.com.br\/index.php?rest_route=\/wp\/v2\/posts\/608","targetHints":{"allow":["GET"]}}],"collection":[{"href":"https:\/\/oexpressobr.com.br\/index.php?rest_route=\/wp\/v2\/posts"}],"about":[{"href":"https:\/\/oexpressobr.com.br\/index.php?rest_route=\/wp\/v2\/types\/post"}],"author":[{"embeddable":true,"href":"https:\/\/oexpressobr.com.br\/index.php?rest_route=\/wp\/v2\/users\/1"}],"replies":[{"embeddable":true,"href":"https:\/\/oexpressobr.com.br\/index.php?rest_route=%2Fwp%2Fv2%2Fcomments&post=608"}],"version-history":[{"count":0,"href":"https:\/\/oexpressobr.com.br\/index.php?rest_route=\/wp\/v2\/posts\/608\/revisions"}],"wp:featuredmedia":[{"embeddable":true,"href":"https:\/\/oexpressobr.com.br\/index.php?rest_route=\/wp\/v2\/media\/609"}],"wp:attachment":[{"href":"https:\/\/oexpressobr.com.br\/index.php?rest_route=%2Fwp%2Fv2%2Fmedia&parent=608"}],"wp:term":[{"taxonomy":"category","embeddable":true,"href":"https:\/\/oexpressobr.com.br\/index.php?rest_route=%2Fwp%2Fv2%2Fcategories&post=608"},{"taxonomy":"post_tag","embeddable":true,"href":"https:\/\/oexpressobr.com.br\/index.php?rest_route=%2Fwp%2Fv2%2Ftags&post=608"}],"curies":[{"name":"wp","href":"https:\/\/api.w.org\/{rel}","templated":true}]}}