{"id":614,"date":"2025-12-11T20:09:09","date_gmt":"2025-12-11T23:09:09","guid":{"rendered":"https:\/\/oexpressobr.com.br\/?p=614"},"modified":"2025-12-11T20:09:11","modified_gmt":"2025-12-11T23:09:11","slug":"maringa-reconhece-desempenho-de-escolas-municipais-em-alfabetizacao-com-o-metodo-intraact","status":"publish","type":"post","link":"https:\/\/oexpressobr.com.br\/?p=614","title":{"rendered":"Maring\u00e1 reconhece desempenho de escolas municipais em alfabetiza\u00e7\u00e3o com o m\u00e9todo IntraAct"},"content":{"rendered":"\n<p class=\"wp-block-paragraph\">A Prefeitura de Maring\u00e1, por meio da Secretaria de Educa\u00e7\u00e3o (Seduc), realizar\u00e1 nesta <strong>sexta-feira, 12, \u00e0s 15h, no Pa\u00e7o Municipal<\/strong>, uma cerim\u00f4nia de homenagem \u00e0s escolas da rede municipal que se destacaram nos indicadores de alfabetiza\u00e7\u00e3o, implementando o novo m\u00e9todo pedag\u00f3gico conhecido como <strong>IntraAct<\/strong>.<\/p>\n\n\n\n<p class=\"wp-block-paragraph\">\u200bO evento visa reconhecer e celebrar o trabalho das equipes diretivas, supervisores e professores do 1\u00ba e 2\u00ba anos, cujos esfor\u00e7os resultaram em avan\u00e7os not\u00e1veis no processo de ensino-aprendizagem da leitura e escrita. Ser\u00e3o entregues placas de reconhecimento nas categorias <strong>Ouro, Prata e Bronze<\/strong>, valorizando o desempenho de cada unidade escolar.<\/p>\n\n\n\n<h3 class=\"wp-block-heading\">\u200b\ud83e\udde0<\/h3>\n\n\n\n<p class=\"wp-block-paragraph\">A Neuroci\u00eancia por tr\u00e1s da Alfabetiza\u00e7\u00e3o Acelerada<\/p>\n\n\n\n<p class=\"wp-block-paragraph\">\u200bO destaque da homenagem \u00e9 o m\u00e9todo <strong>IntraAct<\/strong>, uma abordagem de alfabetiza\u00e7\u00e3o desenvolvida na Alemanha e baseada nos princ\u00edpios da <strong>Neuroci\u00eancia Pedag\u00f3gica<\/strong>. Este sistema inovador respeita o funcionamento do c\u00e9rebro, utilizando a fon\u00e9tica e a estrutura de sons da l\u00edngua para acelerar a aquisi\u00e7\u00e3o de habilidades de leitura e escrita.<\/p>\n\n\n\n<p class=\"wp-block-paragraph\">\u200bO diferencial do IntraAct est\u00e1 em sua progress\u00e3o. Em vez de seguir a ordem tradicional do alfabeto, ele agrupa as letras em blocos, come\u00e7ando com sons mais simples. Essa organiza\u00e7\u00e3o estrat\u00e9gica tem demonstrado a capacidade de levar \u00e0 alfabetiza\u00e7\u00e3o completa em um per\u00edodo de poucos meses, oferecendo um avan\u00e7o significativo para os alunos e a rede municipal.<\/p>\n\n\n\n<h3 class=\"wp-block-heading\">\u200bResultados e Novidades na Educa\u00e7\u00e3o<\/h3>\n\n\n\n<p class=\"wp-block-paragraph\">\u200bA decis\u00e3o da Prefeitura de Maring\u00e1 de reconhecer publicamente o desempenho das escolas refor\u00e7a o <strong>compromisso com a qualidade da educa\u00e7\u00e3o b\u00e1sica<\/strong>. O m\u00e9todo IntraAct vem sendo implementado gradualmente na rede e, segundo informa\u00e7\u00f5es da pr\u00f3pria prefeitura em comunicados anteriores, a cidade tem investido continuamente na <strong>forma\u00e7\u00e3o de professores<\/strong> para garantir a aplica\u00e7\u00e3o eficaz dessa metodologia.<\/p>\n\n\n\n<p class=\"wp-block-paragraph\">\u200bDe acordo com o \u00cdndice de Desenvolvimento da Educa\u00e7\u00e3o B\u00e1sica (Ideb) mais recente, Maring\u00e1 j\u00e1 \u00e9 frequentemente citada entre as cidades com indicadores positivos na educa\u00e7\u00e3o. A ado\u00e7\u00e3o de um m\u00e9todo cientificamente embasado como o IntraAct visa <strong>consolidar e elevar<\/strong> ainda mais esses resultados, garantindo que as crian\u00e7as sejam alfabetizadas na idade correta, o que \u00e9 crucial para o sucesso em todas as etapas de sua vida escolar.<\/p>\n\n\n\n<p class=\"wp-block-paragraph\">\u200bA cerim\u00f4nia de sexta-feira n\u00e3o apenas celebra os resultados alcan\u00e7ados, mas tamb\u00e9m serve de <strong>incentivo<\/strong> para que as demais unidades escolares intensifiquem seus esfor\u00e7os, disseminando as boas pr\u00e1ticas que levaram as escolas premiadas \u00e0s categorias Ouro, Prata e Bronze.<\/p>\n","protected":false},"excerpt":{"rendered":"<p>A Prefeitura de Maring\u00e1, por meio da Secretaria de Educa\u00e7\u00e3o (Seduc), realizar\u00e1 nesta sexta-feira, 12, \u00e0s 15h, no Pa\u00e7o Municipal, uma cerim\u00f4nia de homenagem \u00e0s [&#8230;]<\/p>\n","protected":false},"author":1,"featured_media":615,"comment_status":"open","ping_status":"open","sticky":false,"template":"","format":"standard","meta":{"_crdt_document":"","_jetpack_memberships_contains_paid_content":false,"footnotes":"","jetpack_publicize_message":"","jetpack_publicize_feature_enabled":true,"jetpack_social_post_already_shared":false,"jetpack_social_options":{"image_generator_settings":{"template":"highway","default_image_id":0,"font":"","enabled":false},"version":2}},"categories":[4],"tags":[],"class_list":["post-614","post","type-post","status-publish","format-standard","has-post-thumbnail","hentry","category-maringa"],"jetpack_publicize_connections":[],"jetpack_featured_media_url":"https:\/\/i0.wp.com\/oexpressobr.com.br\/wp-content\/uploads\/2025\/12\/680f41d7-ffb1-41ac-914f-2bce94ef38ca-scaled.jpg?fit=2560%2C1707&ssl=1","jetpack_likes_enabled":true,"jetpack_sharing_enabled":true,"_links":{"self":[{"href":"https:\/\/oexpressobr.com.br\/index.php?rest_route=\/wp\/v2\/posts\/614","targetHints":{"allow":["GET"]}}],"collection":[{"href":"https:\/\/oexpressobr.com.br\/index.php?rest_route=\/wp\/v2\/posts"}],"about":[{"href":"https:\/\/oexpressobr.com.br\/index.php?rest_route=\/wp\/v2\/types\/post"}],"author":[{"embeddable":true,"href":"https:\/\/oexpressobr.com.br\/index.php?rest_route=\/wp\/v2\/users\/1"}],"replies":[{"embeddable":true,"href":"https:\/\/oexpressobr.com.br\/index.php?rest_route=%2Fwp%2Fv2%2Fcomments&post=614"}],"version-history":[{"count":0,"href":"https:\/\/oexpressobr.com.br\/index.php?rest_route=\/wp\/v2\/posts\/614\/revisions"}],"wp:featuredmedia":[{"embeddable":true,"href":"https:\/\/oexpressobr.com.br\/index.php?rest_route=\/wp\/v2\/media\/615"}],"wp:attachment":[{"href":"https:\/\/oexpressobr.com.br\/index.php?rest_route=%2Fwp%2Fv2%2Fmedia&parent=614"}],"wp:term":[{"taxonomy":"category","embeddable":true,"href":"https:\/\/oexpressobr.com.br\/index.php?rest_route=%2Fwp%2Fv2%2Fcategories&post=614"},{"taxonomy":"post_tag","embeddable":true,"href":"https:\/\/oexpressobr.com.br\/index.php?rest_route=%2Fwp%2Fv2%2Ftags&post=614"}],"curies":[{"name":"wp","href":"https:\/\/api.w.org\/{rel}","templated":true}]}}