{"id":621,"date":"2025-12-11T20:25:56","date_gmt":"2025-12-11T23:25:56","guid":{"rendered":"https:\/\/oexpressobr.com.br\/?p=621"},"modified":"2025-12-11T20:25:57","modified_gmt":"2025-12-11T23:25:57","slug":"moraes-anula-votacao-da-camara-e-decreta-perda-de-mandato-de-carla-zambelli-reacendendo-tensao-entre-poderes","status":"publish","type":"post","link":"https:\/\/oexpressobr.com.br\/?p=621","title":{"rendered":"Moraes anula vota\u00e7\u00e3o da C\u00e2mara e decreta perda de mandato de Carla Zambelli, reacendendo tens\u00e3o entre Poderes"},"content":{"rendered":"\n<h3 class=\"wp-block-heading\">Ministra do STF determina posse imediata de suplente ap\u00f3s rejei\u00e7\u00e3o de cassa\u00e7\u00e3o pela C\u00e2mara, citando &#8220;clara viola\u00e7\u00e3o&#8221; \u00e0 Constitui\u00e7\u00e3o<\/h3>\n\n\n\n<p class=\"wp-block-paragraph\">\u200bO ministro Alexandre de Moraes, do Supremo Tribunal Federal (STF), determinou nesta quinta-feira (11) a <strong>perda imediata do mandato<\/strong> da deputada federal Carla Zambelli (PL-SP), anulando a vota\u00e7\u00e3o realizada na C\u00e2mara dos Deputados na madrugada de quarta-feira (10). A decis\u00e3o de Moraes tamb\u00e9m ordena que o presidente da C\u00e2mara, Hugo Motta (Republicanos-PB), d\u00ea posse ao suplente, Coronel Tadeu (PL-SP), em at\u00e9 48 horas.<\/p>\n\n\n\n<p class=\"wp-block-paragraph\">\u200bA medida do ministro surge ap\u00f3s a C\u00e2mara rejeitar a cassa\u00e7\u00e3o da parlamentar, que j\u00e1 havia sido condenada pelo STF a 10 anos de pris\u00e3o, com tr\u00e2nsito em julgado desde junho. O placar na C\u00e2mara foi de 227 votos a favor da cassa\u00e7\u00e3o e 170 contra, aqu\u00e9m dos 257 votos necess\u00e1rios para a perda do mandato.<\/p>\n\n\n\n<p class=\"wp-block-paragraph\">\u200bMoraes fundamentou sua decis\u00e3o afirmando que a delibera\u00e7\u00e3o da C\u00e2mara <strong>\u201cocorreu em clara viola\u00e7\u00e3o da Constitui\u00e7\u00e3o Federal\u201d<\/strong>, classificando o ato como \u201cnulo\u201d e inconstitucional. Segundo o ministro, a Constitui\u00e7\u00e3o prev\u00ea que, em casos de condena\u00e7\u00e3o criminal definitiva de um parlamentar, cabe \u00e0 Casa Legislativa apenas <strong>declarar<\/strong> a perda do mandato, n\u00e3o havendo margem para vota\u00e7\u00e3o de m\u00e9rito.<\/p>\n\n\n\n<p class=\"wp-block-paragraph\">\u200b<strong>O Entendimento do STF<\/strong><\/p>\n\n\n\n<p class=\"wp-block-paragraph\">\u200bA condena\u00e7\u00e3o de Zambelli se deu por seu envolvimento na invas\u00e3o do sistema do Conselho Nacional de Justi\u00e7a (CNJ) com a ajuda do hacker Walter Delgatti Neto. A deputada est\u00e1 presa na It\u00e1lia desde julho, ap\u00f3s ser considerada foragida por deixar o pa\u00eds ap\u00f3s a condena\u00e7\u00e3o, com seu nome na lista vermelha da Interpol.<\/p>\n\n\n\n<p class=\"wp-block-paragraph\">\u200bA tese central de Moraes \u00e9 que a condena\u00e7\u00e3o definitiva (tr\u00e2nsito em julgado) \u00e9 um ato jur\u00eddico que imp\u00f5e a perda do mandato de forma autom\u00e1tica, nos termos do artigo 55, VI da Constitui\u00e7\u00e3o Federal, o qual prev\u00ea que perder\u00e1 o mandato o Deputado ou Senador &#8220;que sofrer condena\u00e7\u00e3o criminal em senten\u00e7a transitada em julgado&#8221;. O ministro ressaltou que a vota\u00e7\u00e3o da C\u00e2mara desrespeitou os princ\u00edpios da legalidade, moralidade e impessoalidade, al\u00e9m de configurar <strong>flagrante desvio de finalidade<\/strong>.<\/p>\n\n\n\n<h3 class=\"wp-block-heading\">\u200bRejei\u00e7\u00e3o da C\u00e2mara e Consequ\u00eancias<\/h3>\n\n\n\n<p class=\"wp-block-paragraph\">\u200bA vota\u00e7\u00e3o da C\u00e2mara, que reverteu a recomenda\u00e7\u00e3o da Comiss\u00e3o de Constitui\u00e7\u00e3o e Justi\u00e7a (CCJ) pela perda do mandato (fundamentada na impossibilidade do exerc\u00edcio do cargo por estar presa em regime fechado), foi vista por alguns juristas e pol\u00edticos como um ato de desobedi\u00eancia \u00e0 Suprema Corte.<\/p>\n\n\n\n<ul class=\"wp-block-list\">\n<li>\u200b<strong>Vota\u00e7\u00e3o no Plen\u00e1rio:<\/strong> 227 votos a favor da perda do mandato, 170 contra, 10 absten\u00e7\u00f5es. (M\u00ednimo necess\u00e1rio: 257)<\/li>\n\n\n\n<li>\u200b<strong>Decis\u00e3o da CCJ:<\/strong> A Comiss\u00e3o de Constitui\u00e7\u00e3o e Justi\u00e7a havia aprovado o parecer pela cassa\u00e7\u00e3o, argumentando a <strong>&#8220;incompatibilidade f\u00e1tica absoluta do encarceramento em regime fechado com o exerc\u00edcio do mandato&#8221;<\/strong>.<\/li>\n<\/ul>\n\n\n\n<p class=\"wp-block-paragraph\">\u200bO caso de Carla Zambelli, somado a outros processos em curso na C\u00e2mara (como os de Eduardo Bolsonaro e Alexandre Ramagem), intensifica o debate sobre a autonomia dos Poderes e os limites da atua\u00e7\u00e3o do Judici\u00e1rio em quest\u00f5es de foro parlamentar. O filho da deputada, Jo\u00e3o, chegou a afirmar que a m\u00e3e n\u00e3o iria renunciar e que o mandato mantido pela C\u00e2mara era um presente de anivers\u00e1rio, indicando a postura de resist\u00eancia.<\/p>\n\n\n\n<p class=\"wp-block-paragraph\">\u200bCom a decis\u00e3o de Moraes, a Mesa Diretora da C\u00e2mara \u00e9 for\u00e7ada a acatar a determina\u00e7\u00e3o judicial e dar posse ao suplente, Coronel Tadeu, encerrando o mandato de Zambelli, que segue detida na It\u00e1lia aguardando extradi\u00e7\u00e3o.<\/p>\n","protected":false},"excerpt":{"rendered":"<p>Ministra do STF determina posse imediata de suplente ap\u00f3s rejei\u00e7\u00e3o de cassa\u00e7\u00e3o pela C\u00e2mara, citando &#8220;clara viola\u00e7\u00e3o&#8221; \u00e0 Constitui\u00e7\u00e3o \u200bO ministro Alexandre de Moraes, do [&#8230;]<\/p>\n","protected":false},"author":1,"featured_media":622,"comment_status":"open","ping_status":"open","sticky":false,"template":"","format":"standard","meta":{"_crdt_document":"","_jetpack_memberships_contains_paid_content":false,"footnotes":"","jetpack_publicize_message":"","jetpack_publicize_feature_enabled":true,"jetpack_social_post_already_shared":false,"jetpack_social_options":{"image_generator_settings":{"template":"highway","default_image_id":0,"font":"","enabled":false},"version":2}},"categories":[8],"tags":[],"class_list":["post-621","post","type-post","status-publish","format-standard","has-post-thumbnail","hentry","category-judiciario"],"jetpack_publicize_connections":[],"jetpack_featured_media_url":"https:\/\/i0.wp.com\/oexpressobr.com.br\/wp-content\/uploads\/2025\/12\/age20250909033.jpg?fit=984%2C656&ssl=1","jetpack_likes_enabled":true,"jetpack_sharing_enabled":true,"_links":{"self":[{"href":"https:\/\/oexpressobr.com.br\/index.php?rest_route=\/wp\/v2\/posts\/621","targetHints":{"allow":["GET"]}}],"collection":[{"href":"https:\/\/oexpressobr.com.br\/index.php?rest_route=\/wp\/v2\/posts"}],"about":[{"href":"https:\/\/oexpressobr.com.br\/index.php?rest_route=\/wp\/v2\/types\/post"}],"author":[{"embeddable":true,"href":"https:\/\/oexpressobr.com.br\/index.php?rest_route=\/wp\/v2\/users\/1"}],"replies":[{"embeddable":true,"href":"https:\/\/oexpressobr.com.br\/index.php?rest_route=%2Fwp%2Fv2%2Fcomments&post=621"}],"version-history":[{"count":0,"href":"https:\/\/oexpressobr.com.br\/index.php?rest_route=\/wp\/v2\/posts\/621\/revisions"}],"wp:featuredmedia":[{"embeddable":true,"href":"https:\/\/oexpressobr.com.br\/index.php?rest_route=\/wp\/v2\/media\/622"}],"wp:attachment":[{"href":"https:\/\/oexpressobr.com.br\/index.php?rest_route=%2Fwp%2Fv2%2Fmedia&parent=621"}],"wp:term":[{"taxonomy":"category","embeddable":true,"href":"https:\/\/oexpressobr.com.br\/index.php?rest_route=%2Fwp%2Fv2%2Fcategories&post=621"},{"taxonomy":"post_tag","embeddable":true,"href":"https:\/\/oexpressobr.com.br\/index.php?rest_route=%2Fwp%2Fv2%2Ftags&post=621"}],"curies":[{"name":"wp","href":"https:\/\/api.w.org\/{rel}","templated":true}]}}