{"id":627,"date":"2025-12-11T20:46:52","date_gmt":"2025-12-11T23:46:52","guid":{"rendered":"https:\/\/oexpressobr.com.br\/?p=627"},"modified":"2025-12-11T20:46:53","modified_gmt":"2025-12-11T23:46:53","slug":"comissao-do-senado-aprova-pec-do-fim-da-escala-6x1-texto-de-paulo-paim-pt-rs-segue-para-o-plenario-com-jornada-maxima-de-36-horas","status":"publish","type":"post","link":"https:\/\/oexpressobr.com.br\/?p=627","title":{"rendered":"Comiss\u00e3o do senado aprova pec do fim da escala 6&#215;1; texto de paulo paim (pt-rs) segue para o plen\u00e1rio com jornada m\u00e1xima de 36 horas"},"content":{"rendered":"\n<p class=\"wp-block-paragraph\">A Comiss\u00e3o de Constitui\u00e7\u00e3o e Justi\u00e7a (CCJ) do Senado Federal deu um passo significativo para a mudan\u00e7a na Consolida\u00e7\u00e3o das Leis do Trabalho (CLT) ao aprovar a Proposta de Emenda \u00e0 Constitui\u00e7\u00e3o (PEC) 148\/2015, de autoria do senador Paulo Paim (PT-RS) e relatada pelo senador Rog\u00e9rio Carvalho (PT-SE). A medida estabelece o fim da jornada de trabalho 6&#215;1, reduzindo gradualmente a carga hor\u00e1ria semanal m\u00e1xima para <strong>36 horas<\/strong>, com a garantia de, no m\u00ednimo, <strong>dois dias de descanso remunerado<\/strong> para os trabalhadores, preferencialmente aos s\u00e1bados e domingos.<\/p>\n\n\n\n<p class=\"wp-block-paragraph\">\u200bA vota\u00e7\u00e3o, ocorrida nesta quarta-feira (10\/12) e inclu\u00edda como item extra-pauta, pegou parte da oposi\u00e7\u00e3o de surpresa e gerou protestos de parlamentares que pediram mais tempo para an\u00e1lise, como o senador Eduardo Gir\u00e3o (Novo-CE). O presidente da CCJ, Otto Alencar (PSD-BA), no entanto, rebateu as cr\u00edticas, afirmando que a PEC est\u00e1 em debate h\u00e1 meses e que a aprova\u00e7\u00e3o representa um avan\u00e7o na justi\u00e7a trabalhista.<\/p>\n\n\n\n<h3 class=\"wp-block-heading\">\u200bOs principais pontos da PEC<\/h3>\n\n\n\n<p class=\"wp-block-paragraph\">\u200bA PEC 148\/2015 prop\u00f5e uma transi\u00e7\u00e3o gradual da jornada, que atualmente \u00e9 de 44 horas semanais, para 36 horas, mantendo a irredutibilidade salarial. As principais altera\u00e7\u00f5es s\u00e3o:<\/p>\n\n\n\n<ul class=\"wp-block-list\">\n<li>\u200b<strong>Jornada Semanal M\u00e1xima:<\/strong> Redu\u00e7\u00e3o gradual at\u00e9 o limite de <strong>36 horas<\/strong> por semana.<\/li>\n\n\n\n<li>\u200b<strong>Descanso Semanal Remunerado:<\/strong> M\u00ednimo de <strong>dois dias<\/strong> de repouso, preferencialmente no fim de semana.<\/li>\n\n\n\n<li>\u200b<strong>Irredutibilidade Salarial:<\/strong> O sal\u00e1rio do trabalhador dever\u00e1 ser mantido integralmente, mesmo com a diminui\u00e7\u00e3o da carga hor\u00e1ria.<\/li>\n\n\n\n<li>\u200b<strong>Transi\u00e7\u00e3o:<\/strong> A partir de 1\u00ba de janeiro do segundo ano seguinte \u00e0 promulga\u00e7\u00e3o, a redu\u00e7\u00e3o ser\u00e1 de uma hora por ano at\u00e9 atingir 36 horas.<\/li>\n<\/ul>\n\n\n\n<p class=\"wp-block-paragraph\">\u200bO relator, Rog\u00e9rio Carvalho, argumenta que a redu\u00e7\u00e3o escalonada oferece previsibilidade ao setor produtivo, permitindo a reorganiza\u00e7\u00e3o de turnos e a eventual necessidade de novas contrata\u00e7\u00f5es, o que, segundo defensores, poderia gerar mais empregos.<\/p>\n\n\n\n<h3 class=\"wp-block-heading\">\u200bPr\u00f3ximos passos no congresso nacional<\/h3>\n\n\n\n<p class=\"wp-block-paragraph\">\u200bA aprova\u00e7\u00e3o na CCJ \u00e9 apenas o primeiro passo para que a proposta se torne lei. Por se tratar de uma Proposta de Emenda \u00e0 Constitui\u00e7\u00e3o, o rito de tramita\u00e7\u00e3o \u00e9 rigoroso:<\/p>\n\n\n\n<ol class=\"wp-block-list\">\n<li>\u200b<strong>Plen\u00e1rio do Senado:<\/strong> O texto agora segue para o Plen\u00e1rio da Casa, onde precisar\u00e1 ser debatido em <strong>cinco sess\u00f5es<\/strong> e votado em <strong>dois turnos<\/strong>. Para ser aprovado em cada turno, s\u00e3o necess\u00e1rios, no m\u00ednimo, o apoio de <strong>tr\u00eas quintos<\/strong> dos senadores, o equivalente a <strong>49 votos<\/strong>.<\/li>\n\n\n\n<li>\u200b<strong>C\u00e2mara dos Deputados:<\/strong> Se aprovada no Senado, a PEC ser\u00e1 enviada para a C\u00e2mara dos Deputados, onde tamb\u00e9m precisar\u00e1 ser analisada e votada em dois turnos, exigindo qu\u00f3rum qualificado (3\/5 dos deputados).<\/li>\n\n\n\n<li>\u200b<strong>Promulga\u00e7\u00e3o:<\/strong> Caso o texto seja aprovado sem altera\u00e7\u00f5es nas duas Casas, ele ser\u00e1 promulgado pelo Congresso Nacional, passando a valer.<\/li>\n<\/ol>\n\n\n\n<h3 class=\"wp-block-heading\">\u200bDebate e impacto no setor produtivo<\/h3>\n\n\n\n<p class=\"wp-block-paragraph\">\u200bA proposta, que conta com o apoio do governo federal, alinhado a uma &#8220;agenda de moderniza\u00e7\u00e3o&#8221; do trabalho, enfrenta resist\u00eancia de parte do empresariado. Entidades como a Fecom\u00e9rcio-SP manifestaram preocupa\u00e7\u00e3o com o <strong>aumento dos custos trabalhistas<\/strong>, especialmente para micro e pequenas empresas, alertando que o pa\u00eds possui um setor produtivo muito diverso para regras t\u00e3o r\u00edgidas.<\/p>\n\n\n\n<p class=\"wp-block-paragraph\">\u200bDefensores da PEC, por outro lado, destacam que a medida visa melhorar a <strong>qualidade de vida<\/strong> do trabalhador, reduzir acidentes de trabalho e aumentar a produtividade, citando a experi\u00eancia de pa\u00edses como Fran\u00e7a e Alemanha que j\u00e1 operam com jornadas m\u00e9dias pr\u00f3ximas de 36 horas.<\/p>\n\n\n\n<p class=\"wp-block-paragraph\">\u200b\u00c9 importante notar que a C\u00e2mara dos Deputados tamb\u00e9m possui projetos sobre o tema, como o PL 67\/25, que prev\u00ea uma redu\u00e7\u00e3o da jornada para 40 horas semanais at\u00e9 2028. A articula\u00e7\u00e3o do governo e o peso da aprova\u00e7\u00e3o na CCJ do Senado devem influenciar o debate na Casa e o texto final que, se aprovado, poder\u00e1 transformar a realidade de milh\u00f5es de trabalhadores brasileiros.<\/p>\n","protected":false},"excerpt":{"rendered":"<p>A Comiss\u00e3o de Constitui\u00e7\u00e3o e Justi\u00e7a (CCJ) do Senado Federal deu um passo significativo para a mudan\u00e7a na Consolida\u00e7\u00e3o das Leis do Trabalho (CLT) ao [&#8230;]<\/p>\n","protected":false},"author":1,"featured_media":628,"comment_status":"open","ping_status":"open","sticky":false,"template":"","format":"standard","meta":{"_crdt_document":"","_jetpack_memberships_contains_paid_content":false,"footnotes":"","jetpack_publicize_message":"","jetpack_publicize_feature_enabled":true,"jetpack_social_post_already_shared":false,"jetpack_social_options":{"image_generator_settings":{"template":"highway","default_image_id":0,"font":"","enabled":false},"version":2}},"categories":[3],"tags":[],"class_list":["post-627","post","type-post","status-publish","format-standard","has-post-thumbnail","hentry","category-brasil"],"jetpack_publicize_connections":[],"jetpack_featured_media_url":"https:\/\/i0.wp.com\/oexpressobr.com.br\/wp-content\/uploads\/2025\/12\/IMG-20251211-WA0324.jpg?fit=1600%2C1066&ssl=1","jetpack_likes_enabled":true,"jetpack_sharing_enabled":true,"_links":{"self":[{"href":"https:\/\/oexpressobr.com.br\/index.php?rest_route=\/wp\/v2\/posts\/627","targetHints":{"allow":["GET"]}}],"collection":[{"href":"https:\/\/oexpressobr.com.br\/index.php?rest_route=\/wp\/v2\/posts"}],"about":[{"href":"https:\/\/oexpressobr.com.br\/index.php?rest_route=\/wp\/v2\/types\/post"}],"author":[{"embeddable":true,"href":"https:\/\/oexpressobr.com.br\/index.php?rest_route=\/wp\/v2\/users\/1"}],"replies":[{"embeddable":true,"href":"https:\/\/oexpressobr.com.br\/index.php?rest_route=%2Fwp%2Fv2%2Fcomments&post=627"}],"version-history":[{"count":0,"href":"https:\/\/oexpressobr.com.br\/index.php?rest_route=\/wp\/v2\/posts\/627\/revisions"}],"wp:featuredmedia":[{"embeddable":true,"href":"https:\/\/oexpressobr.com.br\/index.php?rest_route=\/wp\/v2\/media\/628"}],"wp:attachment":[{"href":"https:\/\/oexpressobr.com.br\/index.php?rest_route=%2Fwp%2Fv2%2Fmedia&parent=627"}],"wp:term":[{"taxonomy":"category","embeddable":true,"href":"https:\/\/oexpressobr.com.br\/index.php?rest_route=%2Fwp%2Fv2%2Fcategories&post=627"},{"taxonomy":"post_tag","embeddable":true,"href":"https:\/\/oexpressobr.com.br\/index.php?rest_route=%2Fwp%2Fv2%2Ftags&post=627"}],"curies":[{"name":"wp","href":"https:\/\/api.w.org\/{rel}","templated":true}]}}