{"id":633,"date":"2025-12-11T21:00:42","date_gmt":"2025-12-12T00:00:42","guid":{"rendered":"https:\/\/oexpressobr.com.br\/?p=633"},"modified":"2025-12-11T21:00:43","modified_gmt":"2025-12-12T00:00:43","slug":"senado-aprova-lei-que-inclui-professores-da-educacao-infantil-no-magisterio-e-garante-piso-salarial-texto-vai-a-sancao-presidencial","status":"publish","type":"post","link":"https:\/\/oexpressobr.com.br\/?p=633","title":{"rendered":"Senado aprova lei que inclui professores da educa\u00e7\u00e3o infantil no magist\u00e9rio e garante piso salarial; texto vai \u00e0 san\u00e7\u00e3o presidencial"},"content":{"rendered":"\n<p class=\"wp-block-paragraph\">Em um marco hist\u00f3rico para a educa\u00e7\u00e3o b\u00e1sica brasileira, o <strong>Senado Federal<\/strong> aprovou o Projeto de Lei (PL) 2387\/2023, que inclui os <strong>professores da educa\u00e7\u00e3o infantil<\/strong> na carreira do magist\u00e9rio. O texto, que segue agora para a <strong>san\u00e7\u00e3o da Presid\u00eancia da Rep\u00fablica<\/strong>, assegura a esses profissionais o direito ao <strong>piso salarial nacional da categoria<\/strong> e a um plano de carreira estruturado.<\/p>\n\n\n\n<p class=\"wp-block-paragraph\">\u200bO projeto, de autoria da deputada federal <strong>Professora Luciene Cavalcante (PSOL-SP)<\/strong> e relatado no Senado pela senadora <strong>Professora Dorinha Seabra (Uni\u00e3o-TO)<\/strong>, encerra uma longa jornada de luta por reconhecimento e valoriza\u00e7\u00e3o. A medida corrige uma distor\u00e7\u00e3o que, em muitos munic\u00edpios, impedia que educadores de creches (crian\u00e7as de zero a tr\u00eas anos) e pr\u00e9-escolas (crian\u00e7as de quatro a cinco anos) tivessem acesso aos mesmos direitos de outros professores da educa\u00e7\u00e3o b\u00e1sica.<\/p>\n\n\n\n<h3 class=\"wp-block-heading\">\u200bReconhecimento e direitos assegurados<\/h3>\n\n\n\n<p class=\"wp-block-paragraph\">\u200bA proposta aprovada define de forma clara que s\u00e3o considerados professores da educa\u00e7\u00e3o infantil aqueles que <strong>exercem a doc\u00eancia<\/strong> e foram <strong>aprovados em concurso p\u00fablico<\/strong>, independentemente da nomenclatura do cargo (como &#8220;monitores&#8221;, &#8220;cuidadores&#8221; ou &#8220;auxiliares&#8221;) utilizada pelas redes municipais ou estaduais.<\/p>\n\n\n\n<p class=\"wp-block-paragraph\">\u200bEntre os principais direitos conquistados com a aprova\u00e7\u00e3o est\u00e3o:<\/p>\n\n\n\n<ul class=\"wp-block-list\">\n<li>\u200b<strong>Garantia do Piso Salarial Nacional do Magist\u00e9rio:<\/strong> Fator que representa uma mudan\u00e7a estrutural, elevando os sal\u00e1rios de milhares de profissionais que, segundo dados apresentados no debate legislativo, frequentemente recebiam remunera\u00e7\u00f5es abaixo da m\u00e9dia nacional, apesar da carga hor\u00e1ria equivalente.<\/li>\n\n\n\n<li>\u200b<strong>Enquadramento em Plano de Carreira:<\/strong> Os professores da educa\u00e7\u00e3o infantil passam a ter direito a uma progress\u00e3o funcional clara, o que proporciona maior seguran\u00e7a profissional, reconhecimento da experi\u00eancia e avan\u00e7o em suas carreiras.<\/li>\n\n\n\n<li>\u200b<strong>Reafirma\u00e7\u00e3o da Forma\u00e7\u00e3o Exigida:<\/strong> O texto refor\u00e7a que os docentes da educa\u00e7\u00e3o infantil devem possuir forma\u00e7\u00e3o m\u00ednima em magist\u00e9rio de n\u00edvel m\u00e9dio ou curso superior, garantindo a qualidade pedag\u00f3gica na fase mais cr\u00edtica do desenvolvimento humano.<\/li>\n<\/ul>\n\n\n\n<h3 class=\"wp-block-heading\">\u200bMobiliza\u00e7\u00e3o e Justi\u00e7a Hist\u00f3rica<\/h3>\n\n\n\n<p class=\"wp-block-paragraph\">\u200bA aprova\u00e7\u00e3o do projeto foi impulsionada pela intensa mobiliza\u00e7\u00e3o de profissionais em todo o pa\u00eds, organizados em movimentos como o &#8220;Somos Todas Professoras&#8221;. Senadoras como Professora Dorinha Seabra e Teresa Leit\u00e3o (PT-PE), presidente da Comiss\u00e3o de Educa\u00e7\u00e3o, destacaram a import\u00e2ncia simb\u00f3lica e pr\u00e1tica do reconhecimento.<\/p>\n\n\n\n<p class=\"wp-block-paragraph\">\u200b&#8221;\u00c9 um resgate hist\u00f3rico o que estamos fazendo. O projeto trata de justi\u00e7a,&#8221; declarou a relatora Professora Dorinha Seabra, que tamb\u00e9m citou o engajamento do movimento das professoras.<\/p>\n\n\n\n<p class=\"wp-block-paragraph\">\u200bA senadora Teresa Leit\u00e3o lembrou que a educa\u00e7\u00e3o infantil \u00e9 a primeira etapa da educa\u00e7\u00e3o b\u00e1sica e n\u00e3o pode estar sujeita a nomenclaturas que desvalorizam o profissional. &#8220;Creche \u00e9 educa\u00e7\u00e3o. Creche faz parte da primeira etapa da educa\u00e7\u00e3o b\u00e1sica, que \u00e9 a educa\u00e7\u00e3o infantil&#8230; a crian\u00e7a tem que ser muito bem acompanhada,&#8221; afirmou.<\/p>\n\n\n\n<h3 class=\"wp-block-heading\">\u200bPr\u00f3ximos Passos<\/h3>\n\n\n\n<p class=\"wp-block-paragraph\">\u200bCom a aprova\u00e7\u00e3o no Congresso Nacional, o texto segue para a an\u00e1lise da Presid\u00eancia da Rep\u00fablica, que tem o poder de sancionar (aprovar integralmente), vetar (rejeitar parte ou totalidade) ou sancionar com vetos.<\/p>\n\n\n\n<p class=\"wp-block-paragraph\">\u200bEspecialistas e parlamentares esperam que a san\u00e7\u00e3o presidencial ocorra em breve, permitindo que o pa\u00eds d\u00ea um passo significativo na valoriza\u00e7\u00e3o dos educadores e no fortalecimento da educa\u00e7\u00e3o b\u00e1sica, alinhando-se aos objetivos constitucionais de reconhecimento dos profissionais da \u00e1rea. Ap\u00f3s a san\u00e7\u00e3o, os munic\u00edpios, principais respons\u00e1veis pela educa\u00e7\u00e3o infantil, dever\u00e3o revisar seus planos de carreira para enquadrar os professores com a forma\u00e7\u00e3o exigida.<\/p>\n","protected":false},"excerpt":{"rendered":"<p>Em um marco hist\u00f3rico para a educa\u00e7\u00e3o b\u00e1sica brasileira, o Senado Federal aprovou o Projeto de Lei (PL) 2387\/2023, que inclui os professores da educa\u00e7\u00e3o [&#8230;]<\/p>\n","protected":false},"author":1,"featured_media":634,"comment_status":"open","ping_status":"open","sticky":false,"template":"","format":"standard","meta":{"_crdt_document":"","_jetpack_memberships_contains_paid_content":false,"footnotes":"","jetpack_publicize_message":"","jetpack_publicize_feature_enabled":true,"jetpack_social_post_already_shared":false,"jetpack_social_options":{"image_generator_settings":{"template":"highway","default_image_id":0,"font":"","enabled":false},"version":2}},"categories":[3],"tags":[],"class_list":["post-633","post","type-post","status-publish","format-standard","has-post-thumbnail","hentry","category-brasil"],"jetpack_publicize_connections":[],"jetpack_featured_media_url":"https:\/\/i0.wp.com\/oexpressobr.com.br\/wp-content\/uploads\/2025\/12\/IMG-20251211-WA0352.jpg?fit=1024%2C1280&ssl=1","jetpack_likes_enabled":true,"jetpack_sharing_enabled":true,"_links":{"self":[{"href":"https:\/\/oexpressobr.com.br\/index.php?rest_route=\/wp\/v2\/posts\/633","targetHints":{"allow":["GET"]}}],"collection":[{"href":"https:\/\/oexpressobr.com.br\/index.php?rest_route=\/wp\/v2\/posts"}],"about":[{"href":"https:\/\/oexpressobr.com.br\/index.php?rest_route=\/wp\/v2\/types\/post"}],"author":[{"embeddable":true,"href":"https:\/\/oexpressobr.com.br\/index.php?rest_route=\/wp\/v2\/users\/1"}],"replies":[{"embeddable":true,"href":"https:\/\/oexpressobr.com.br\/index.php?rest_route=%2Fwp%2Fv2%2Fcomments&post=633"}],"version-history":[{"count":0,"href":"https:\/\/oexpressobr.com.br\/index.php?rest_route=\/wp\/v2\/posts\/633\/revisions"}],"wp:featuredmedia":[{"embeddable":true,"href":"https:\/\/oexpressobr.com.br\/index.php?rest_route=\/wp\/v2\/media\/634"}],"wp:attachment":[{"href":"https:\/\/oexpressobr.com.br\/index.php?rest_route=%2Fwp%2Fv2%2Fmedia&parent=633"}],"wp:term":[{"taxonomy":"category","embeddable":true,"href":"https:\/\/oexpressobr.com.br\/index.php?rest_route=%2Fwp%2Fv2%2Fcategories&post=633"},{"taxonomy":"post_tag","embeddable":true,"href":"https:\/\/oexpressobr.com.br\/index.php?rest_route=%2Fwp%2Fv2%2Ftags&post=633"}],"curies":[{"name":"wp","href":"https:\/\/api.w.org\/{rel}","templated":true}]}}