{"id":636,"date":"2025-12-11T21:06:56","date_gmt":"2025-12-12T00:06:56","guid":{"rendered":"https:\/\/oexpressobr.com.br\/?p=636"},"modified":"2025-12-11T21:06:57","modified_gmt":"2025-12-12T00:06:57","slug":"policiais-civis-de-icaraima-investigados-por-facilitar-fuga-de-suspeitos-de-quadruplo-homicidio","status":"publish","type":"post","link":"https:\/\/oexpressobr.com.br\/?p=636","title":{"rendered":"Policiais Civis De Icara\u00edma Investigados Por Facilitar Fuga De Suspeitos De Qu\u00e1druplo Homic\u00eddio"},"content":{"rendered":"\n<p class=\"wp-block-paragraph\">Dois policiais civis lotados na delegacia de Icara\u00edma, no norte do Paran\u00e1, est\u00e3o sob investiga\u00e7\u00e3o da Corregedoria da Pol\u00edcia Civil por suspeita de terem facilitado a fuga dos indiv\u00edduos acusados de cometer um qu\u00e1druplo homic\u00eddio na cidade. A apura\u00e7\u00e3o visa determinar se os agentes repassaram informa\u00e7\u00f5es privilegiadas aos suspeitos, permitindo que eles se evadissem da Justi\u00e7a.<\/p>\n\n\n\n<p class=\"wp-block-paragraph\">\u200bOs quatro homens assassinados teriam se deslocado at\u00e9 Icara\u00edma para realizar a cobran\u00e7a de uma d\u00edvida, mas acabaram mortos pelos devedores e seus comparsas. O caso chocou a pequena cidade e mobilizou as for\u00e7as de seguran\u00e7a estaduais.<\/p>\n\n\n\n<h3 class=\"wp-block-heading\">\u200b <strong>Detalhes da Investiga\u00e7\u00e3o<\/strong><\/h3>\n\n\n\n<p class=\"wp-block-paragraph\">\u200bDe acordo com as informa\u00e7\u00f5es apuradas, a Corregedoria da Pol\u00edcia Civil iniciou o procedimento disciplinar ap\u00f3s ind\u00edcios de que os policiais teriam vazado dados cruciais sobre as dilig\u00eancias em andamento. Se as suspeitas forem comprovadas, os agentes podem enfrentar duras penalidades, incluindo a <strong>demiss\u00e3o da corpora\u00e7\u00e3o<\/strong> e a responsabiliza\u00e7\u00e3o criminal.<\/p>\n\n\n\n<p class=\"wp-block-paragraph\">\u200bAs acusa\u00e7\u00f5es que pesam contra os policiais s\u00e3o de <strong>favorecimento pessoal<\/strong> e <strong>corrup\u00e7\u00e3o<\/strong>. A natureza do crime \u2013 um qu\u00e1druplo homic\u00eddio \u2013 agrava a situa\u00e7\u00e3o, pois o suposto aux\u00edlio da fuga por parte de agentes da lei representa uma grave quebra de confian\u00e7a na institui\u00e7\u00e3o policial e um risco \u00e0 seguran\u00e7a p\u00fablica.<\/p>\n\n\n\n<h3 class=\"wp-block-heading\">\u200b\ud83d\udcf0<strong>Atualiza\u00e7\u00f5es do Caso Principal<\/strong><\/h3>\n\n\n\n<p class=\"wp-block-paragraph\">\u200bAs investiga\u00e7\u00f5es sobre o qu\u00e1druplo homic\u00eddio em Icara\u00edma avan\u00e7aram significativamente nas \u00faltimas semanas, apesar da alegada ajuda na fuga. A Pol\u00edcia Civil intensificou as buscas e conseguiu localizar e prender alguns dos envolvidos no crime, desvendando parte da din\u00e2mica dos assassinatos.<\/p>\n\n\n\n<ul class=\"wp-block-list\">\n<li>\u200b<strong>Identifica\u00e7\u00e3o dos Suspeitos:<\/strong> Alguns dos principais suspeitos de serem os executores dos quatro homens foram identificados e tiveram seus mandados de pris\u00e3o expedidos.<\/li>\n\n\n\n<li>\u200b<strong>Motiva\u00e7\u00e3o:<\/strong> A pol\u00edcia confirmou que a motiva\u00e7\u00e3o principal foi, de fato, a <strong>d\u00edvida n\u00e3o honrada<\/strong>. As v\u00edtimas teriam sido atra\u00eddas para uma emboscada.<\/li>\n\n\n\n<li>\u200b<strong>Pris\u00f5es:<\/strong> J\u00e1 foram efetuadas algumas pris\u00f5es cruciais, e a for\u00e7a-tarefa continua trabalhando para capturar todos os envolvidos, incluindo aqueles que supostamente foram auxiliados na fuga pelos policiais investigados. A expectativa \u00e9 que, com as pris\u00f5es, mais detalhes sobre a participa\u00e7\u00e3o dos agentes civis venham \u00e0 tona.<\/li>\n<\/ul>\n\n\n\n<p class=\"wp-block-paragraph\">\u200bA Pol\u00edcia Civil do Paran\u00e1, por meio de nota, reiterou seu compromisso com a transpar\u00eancia e a legalidade, garantindo que a investiga\u00e7\u00e3o ser\u00e1 conduzida de forma rigorosa para punir qualquer desvio de conduta de seus membros.<\/p>\n","protected":false},"excerpt":{"rendered":"<p>Dois policiais civis lotados na delegacia de Icara\u00edma, no norte do Paran\u00e1, est\u00e3o sob investiga\u00e7\u00e3o da Corregedoria da Pol\u00edcia Civil por suspeita de terem facilitado [&#8230;]<\/p>\n","protected":false},"author":1,"featured_media":637,"comment_status":"open","ping_status":"open","sticky":false,"template":"","format":"standard","meta":{"_crdt_document":"","_jetpack_memberships_contains_paid_content":false,"footnotes":"","jetpack_publicize_message":"","jetpack_publicize_feature_enabled":true,"jetpack_social_post_already_shared":false,"jetpack_social_options":{"image_generator_settings":{"template":"highway","default_image_id":0,"font":"","enabled":false},"version":2}},"categories":[9],"tags":[],"class_list":["post-636","post","type-post","status-publish","format-standard","has-post-thumbnail","hentry","category-policia"],"jetpack_publicize_connections":[],"jetpack_featured_media_url":"https:\/\/i0.wp.com\/oexpressobr.com.br\/wp-content\/uploads\/2025\/12\/httpsportalnorte.com_.brwp-adminpost.phppost-292629-action-edit-2025-12-10t161709.710.jpg?fit=984%2C656&ssl=1","jetpack_likes_enabled":true,"jetpack_sharing_enabled":true,"_links":{"self":[{"href":"https:\/\/oexpressobr.com.br\/index.php?rest_route=\/wp\/v2\/posts\/636","targetHints":{"allow":["GET"]}}],"collection":[{"href":"https:\/\/oexpressobr.com.br\/index.php?rest_route=\/wp\/v2\/posts"}],"about":[{"href":"https:\/\/oexpressobr.com.br\/index.php?rest_route=\/wp\/v2\/types\/post"}],"author":[{"embeddable":true,"href":"https:\/\/oexpressobr.com.br\/index.php?rest_route=\/wp\/v2\/users\/1"}],"replies":[{"embeddable":true,"href":"https:\/\/oexpressobr.com.br\/index.php?rest_route=%2Fwp%2Fv2%2Fcomments&post=636"}],"version-history":[{"count":0,"href":"https:\/\/oexpressobr.com.br\/index.php?rest_route=\/wp\/v2\/posts\/636\/revisions"}],"wp:featuredmedia":[{"embeddable":true,"href":"https:\/\/oexpressobr.com.br\/index.php?rest_route=\/wp\/v2\/media\/637"}],"wp:attachment":[{"href":"https:\/\/oexpressobr.com.br\/index.php?rest_route=%2Fwp%2Fv2%2Fmedia&parent=636"}],"wp:term":[{"taxonomy":"category","embeddable":true,"href":"https:\/\/oexpressobr.com.br\/index.php?rest_route=%2Fwp%2Fv2%2Fcategories&post=636"},{"taxonomy":"post_tag","embeddable":true,"href":"https:\/\/oexpressobr.com.br\/index.php?rest_route=%2Fwp%2Fv2%2Ftags&post=636"}],"curies":[{"name":"wp","href":"https:\/\/api.w.org\/{rel}","templated":true}]}}