{"id":640,"date":"2025-12-11T21:12:17","date_gmt":"2025-12-12T00:12:17","guid":{"rendered":"https:\/\/oexpressobr.com.br\/?p=640"},"modified":"2025-12-11T21:12:18","modified_gmt":"2025-12-12T00:12:18","slug":"ibge-prorroga-inscricoes-de-concurso-publico-com-491-vagas-no-parana","status":"publish","type":"post","link":"https:\/\/oexpressobr.com.br\/?p=640","title":{"rendered":"IBGE Prorroga Inscri\u00e7\u00f5es de Concurso P\u00fablico com 491 Vagas no Paran\u00e1"},"content":{"rendered":"\n<p class=\"wp-block-paragraph\">As inscri\u00e7\u00f5es para o concurso p\u00fablico do <strong>Instituto Brasileiro de Geografia e Estat\u00edstica (IBGE)<\/strong> foram prorrogadas, oferecendo uma nova chance aos interessados em fazer parte de um dos \u00f3rg\u00e3os mais importantes do pa\u00eds na \u00e1rea de pesquisa e estat\u00edstica. A informa\u00e7\u00e3o foi confirmada e as novas datas j\u00e1 est\u00e3o valendo.<\/p>\n\n\n\n<p class=\"wp-block-paragraph\">\u200bO prazo, que inicialmente estava previsto para terminar, agora se estende at\u00e9 o dia <strong>17 de dezembro<\/strong>. Essa prorroga\u00e7\u00e3o visa dar mais tempo para que os candidatos finalizem suas candidaturas e garantam a participa\u00e7\u00e3o no certame.<\/p>\n\n\n\n<h3 class=\"wp-block-heading\">\u200bOportunidades<strong> no Paran\u00e1<\/strong><\/h3>\n\n\n\n<p class=\"wp-block-paragraph\">\u200bO estado do Paran\u00e1 \u00e9 um dos grandes beneficiados com o concurso, apresentando um n\u00famero significativo de vagas.<\/p>\n\n\n\n<ul class=\"wp-block-list\">\n<li>\u200b<strong>Total de Vagas no Paran\u00e1:<\/strong> 491<\/li>\n\n\n\n<li>\u200b<strong>Distribui\u00e7\u00e3o Regional:<\/strong> Dessas, 150 s\u00e3o destinadas especificamente para as regi\u00f5es <strong>Norte e Noroeste<\/strong> do estado, \u00e1reas que abrangem munic\u00edpios importantes e com grande demanda de trabalho.<\/li>\n<\/ul>\n\n\n\n<p class=\"wp-block-paragraph\">\u200bA distribui\u00e7\u00e3o das vagas por regi\u00e3o e munic\u00edpio pode ser conferida no edital oficial, mas a alta concentra\u00e7\u00e3o no Paran\u00e1 refor\u00e7a a import\u00e2ncia do estado para as atividades de coleta e an\u00e1lise de dados do IBGE.<\/p>\n\n\n\n<h3 class=\"wp-block-heading\">\u200b <strong>Detalhes e \u00daltimas Not\u00edcias<\/strong><\/h3>\n\n\n\n<p class=\"wp-block-paragraph\">\u200bAs vagas abertas pelo IBGE s\u00e3o para diversas fun\u00e7\u00f5es tempor\u00e1rias, principalmente para o Censo Demogr\u00e1fico, essenciais para a coleta e processamento de dados que impactam diretamente nas pol\u00edticas p\u00fablicas e no planejamento nacional.<\/p>\n\n\n\n<p class=\"wp-block-paragraph\">\u200b<strong>Importante:<\/strong> A prorroga\u00e7\u00e3o da data de inscri\u00e7\u00e3o n\u00e3o altera as demais datas do cronograma do concurso, como a data das provas, que devem ser mantidas conforme o cronograma original divulgado no edital.<\/p>\n\n\n\n<p class=\"wp-block-paragraph\">\u200bOs candidatos devem acessar o site da banca organizadora o quanto antes para realizar a inscri\u00e7\u00e3o, efetuar o pagamento da taxa e conferir todos os detalhes sobre os cargos, requisitos e remunera\u00e7\u00e3o.<\/p>\n\n\n\n<p class=\"wp-block-paragraph\">\u200b<strong>Link para Mais Informa\u00e7\u00f5es:<\/strong> Para acompanhar o andamento do concurso, acessar o edital completo e realizar sua inscri\u00e7\u00e3o, os interessados devem procurar o site oficial da institui\u00e7\u00e3o e\/ou da organizadora do certame.<\/p>\n\n\n\n<p class=\"wp-block-paragraph\">\u200b<strong>Lembre-se:<\/strong> A nova data limite \u00e9 <strong>17 de dezembro<\/strong>. N\u00e3o perca o prazo!<\/p>\n","protected":false},"excerpt":{"rendered":"<p>As inscri\u00e7\u00f5es para o concurso p\u00fablico do Instituto Brasileiro de Geografia e Estat\u00edstica (IBGE) foram prorrogadas, oferecendo uma nova chance aos interessados em fazer parte [&#8230;]<\/p>\n","protected":false},"author":1,"featured_media":641,"comment_status":"open","ping_status":"open","sticky":false,"template":"","format":"standard","meta":{"_crdt_document":"","_jetpack_memberships_contains_paid_content":false,"footnotes":"","jetpack_publicize_message":"","jetpack_publicize_feature_enabled":true,"jetpack_social_post_already_shared":false,"jetpack_social_options":{"image_generator_settings":{"template":"highway","default_image_id":0,"font":"","enabled":false},"version":2}},"categories":[5],"tags":[],"class_list":["post-640","post","type-post","status-publish","format-standard","has-post-thumbnail","hentry","category-parana"],"jetpack_publicize_connections":[],"jetpack_featured_media_url":"https:\/\/i0.wp.com\/oexpressobr.com.br\/wp-content\/uploads\/2025\/12\/paqueta-censo-2022090620210064.jpeg?fit=984%2C589&ssl=1","jetpack_likes_enabled":true,"jetpack_sharing_enabled":true,"_links":{"self":[{"href":"https:\/\/oexpressobr.com.br\/index.php?rest_route=\/wp\/v2\/posts\/640","targetHints":{"allow":["GET"]}}],"collection":[{"href":"https:\/\/oexpressobr.com.br\/index.php?rest_route=\/wp\/v2\/posts"}],"about":[{"href":"https:\/\/oexpressobr.com.br\/index.php?rest_route=\/wp\/v2\/types\/post"}],"author":[{"embeddable":true,"href":"https:\/\/oexpressobr.com.br\/index.php?rest_route=\/wp\/v2\/users\/1"}],"replies":[{"embeddable":true,"href":"https:\/\/oexpressobr.com.br\/index.php?rest_route=%2Fwp%2Fv2%2Fcomments&post=640"}],"version-history":[{"count":0,"href":"https:\/\/oexpressobr.com.br\/index.php?rest_route=\/wp\/v2\/posts\/640\/revisions"}],"wp:featuredmedia":[{"embeddable":true,"href":"https:\/\/oexpressobr.com.br\/index.php?rest_route=\/wp\/v2\/media\/641"}],"wp:attachment":[{"href":"https:\/\/oexpressobr.com.br\/index.php?rest_route=%2Fwp%2Fv2%2Fmedia&parent=640"}],"wp:term":[{"taxonomy":"category","embeddable":true,"href":"https:\/\/oexpressobr.com.br\/index.php?rest_route=%2Fwp%2Fv2%2Fcategories&post=640"},{"taxonomy":"post_tag","embeddable":true,"href":"https:\/\/oexpressobr.com.br\/index.php?rest_route=%2Fwp%2Fv2%2Ftags&post=640"}],"curies":[{"name":"wp","href":"https:\/\/api.w.org\/{rel}","templated":true}]}}