{"id":646,"date":"2025-12-11T21:24:53","date_gmt":"2025-12-12T00:24:53","guid":{"rendered":"https:\/\/oexpressobr.com.br\/?p=646"},"modified":"2025-12-11T21:24:54","modified_gmt":"2025-12-12T00:24:54","slug":"lula-avalia-veto-ao-pl-da-dosimetria-destino-de-bolsonaro-e-condenados-pelo-8-de-janeiro-na-balanca","status":"publish","type":"post","link":"https:\/\/oexpressobr.com.br\/?p=646","title":{"rendered":"Lula Avalia Veto ao PL da Dosimetria; Destino de Bolsonaro e Condenados pelo 8 de Janeiro na Balan\u00e7a"},"content":{"rendered":"\n<p class=\"wp-block-paragraph\"><strong>Presidente Luiz In\u00e1cio Lula da Silva afirmou que decidir\u00e1 sobre a proposta ap\u00f3s a tramita\u00e7\u00e3o no Senado, mas cobrou puni\u00e7\u00e3o a Jair Bolsonaro por &#8220;tentativa de golpe&#8221;.<\/strong><\/p>\n\n\n\n<p class=\"wp-block-paragraph\">\u200bAprovado na C\u00e2mara dos Deputados na madrugada da \u00faltima quarta-feira (10), o Projeto de Lei da Dosimetria, que prev\u00ea a redu\u00e7\u00e3o de penas para condenados pelos atos de 8 de janeiro, incluindo o ex-presidente Jair Bolsonaro (PL), agora segue para o Senado Federal, mas j\u00e1 projeta um cen\u00e1rio de intensa disputa pol\u00edtica e jur\u00eddica com o Poder Executivo.<\/p>\n\n\n\n<p class=\"wp-block-paragraph\">\u200bO presidente Luiz In\u00e1cio Lula da Silva (PT) tem sinalizado a possibilidade de veto \u00e0 proposta, que poderia diminuir significativamente a pena de Bolsonaro, condenado a 27 anos e 3 meses de pris\u00e3o. C\u00e1lculos da equipe do relator da proposta na C\u00e2mara, o deputado Paulinho da For\u00e7a (Solidariedade-SP), indicam que a pena de Bolsonaro poderia cair para cerca de dois anos e quatro meses se o projeto fosse sancionado.<\/p>\n\n\n\n<h3 class=\"wp-block-heading\">\u200bA Decis\u00e3o de Lula<\/h3>\n\n\n\n<p class=\"wp-block-paragraph\">\u200bEm entrevista na quinta-feira (11), Lula afirmou que s\u00f3 tomar\u00e1 uma decis\u00e3o sobre o veto quando o texto for aprovado pelo Senado e chegar \u00e0 sua mesa. &#8220;Eu e Deus sentados, tomarei a decis\u00e3o, farei aquilo que eu entender que deva ser feito porque ele tem que pagar pela tentativa de golpe, pela tentativa de destruir a democracia que ele fez nesse pa\u00eds&#8221;, declarou.<\/p>\n\n\n\n<p class=\"wp-block-paragraph\">\u200bO presidente comparou a postura de Bolsonaro, ap\u00f3s a derrota eleitoral, com a de outros democratas que respeitam as institui\u00e7\u00f5es, e ressaltou a gravidade das acusa\u00e7\u00f5es: &#8220;Ele n\u00e3o fez brincadeira, tinha um plano arquitetado para matar a mim, Alckmin e o Alexandre de Moraes. Tinha plano de explodir caminh\u00e3o no aeroporto de Bras\u00edlia, tinha plano de sequestrar o poder j\u00e1 que perdeu as elei\u00e7\u00f5es&#8221;.<\/p>\n\n\n\n<h3 class=\"wp-block-heading\">\u200bContraponto do Governo e o PL<\/h3>\n\n\n\n<p class=\"wp-block-paragraph\">\u200bEmbora Lula adote um discurso de respeito \u00e0 manifesta\u00e7\u00e3o do Legislativo, interlocutores do Pal\u00e1cio do Planalto j\u00e1 indicam que a tend\u00eancia \u00e9 o veto integral do projeto. A ministra Gleisi Hoffmann, da Secretaria das Rela\u00e7\u00f5es Institucionais, classificou a aprova\u00e7\u00e3o do PL como um &#8220;retrocesso&#8221;, alegando que fragiliza a legisla\u00e7\u00e3o de defesa da democracia e desafia as decis\u00f5es do Supremo Tribunal Federal (STF).<\/p>\n\n\n\n<p class=\"wp-block-paragraph\">\u200bO PL da Dosimetria se tornou uma alternativa \u00e0 anistia ampla, proposta inicialmente defendida por aliados de Bolsonaro. A dosimetria, em tese, visa readequar a aplica\u00e7\u00e3o das penas, o que, para os defensores, poderia ser interpretado como uma quest\u00e3o humanit\u00e1ria, citando a situa\u00e7\u00e3o de idosas presas, como argumentou a senadora Damares Alves (Republicanos-DF).<\/p>\n\n\n\n<h3 class=\"wp-block-heading\">\u200bPr\u00f3ximos Passos e Judicializa\u00e7\u00e3o<\/h3>\n\n\n\n<p class=\"wp-block-paragraph\">\u200bAp\u00f3s a aprova\u00e7\u00e3o na C\u00e2mara (291 votos a favor e 148 contra), o projeto segue para o Senado, onde a oposi\u00e7\u00e3o espera uma tramita\u00e7\u00e3o r\u00e1pida. Contudo, o cen\u00e1rio aponta para uma prolongada disputa em v\u00e1rias frentes:<\/p>\n\n\n\n<ul class=\"wp-block-list\">\n<li>\u200b<strong>Veto Presidencial:<\/strong> A expectativa \u00e9 de que Lula vete integralmente o projeto, tornando o tema t\u00f3xico e com amplas repercuss\u00f5es pol\u00edticas.<\/li>\n\n\n\n<li>\u200b<strong>Derrubada do Veto:<\/strong> Caso haja o veto, a mat\u00e9ria retornar\u00e1 ao Congresso, onde a oposi\u00e7\u00e3o, j\u00e1 organizada, pode tentar derrub\u00e1-lo, o que elevaria a tens\u00e3o pol\u00edtica. O deputado Nikolas Ferreira (PL-MG) j\u00e1 afirmou que a C\u00e2mara derrubar\u00e1 um poss\u00edvel veto.<\/li>\n\n\n\n<li>\u200b<strong>Judicializa\u00e7\u00e3o no STF:<\/strong> Independentemente do resultado no Congresso (san\u00e7\u00e3o ou manuten\u00e7\u00e3o do veto), a quest\u00e3o dever\u00e1 ser levada ao Supremo Tribunal Federal (STF), que ter\u00e1 que arbitrar sobre a constitucionalidade da redu\u00e7\u00e3o de penas, garantindo que &#8220;nada disso termine t\u00e3o cedo&#8221;, como apontam analistas.<\/li>\n<\/ul>\n\n\n\n<p class=\"wp-block-paragraph\">\u200bA aplica\u00e7\u00e3o da lei, caso seja sancionada e n\u00e3o derrubada ou contestada judicialmente, depender\u00e1 de uma <strong>avalia\u00e7\u00e3o individualizada de caso pela Justi\u00e7a<\/strong>, o que cria incertezas sobre o efeito real da proposta na situa\u00e7\u00e3o dos condenados.<\/p>\n","protected":false},"excerpt":{"rendered":"<p>Presidente Luiz In\u00e1cio Lula da Silva afirmou que decidir\u00e1 sobre a proposta ap\u00f3s a tramita\u00e7\u00e3o no Senado, mas cobrou puni\u00e7\u00e3o a Jair Bolsonaro por &#8220;tentativa [&#8230;]<\/p>\n","protected":false},"author":1,"featured_media":647,"comment_status":"open","ping_status":"open","sticky":false,"template":"","format":"standard","meta":{"_crdt_document":"","_jetpack_memberships_contains_paid_content":false,"footnotes":"","jetpack_publicize_message":"","jetpack_publicize_feature_enabled":true,"jetpack_social_post_already_shared":false,"jetpack_social_options":{"image_generator_settings":{"template":"highway","default_image_id":0,"font":"","enabled":false},"version":2}},"categories":[3],"tags":[],"class_list":["post-646","post","type-post","status-publish","format-standard","has-post-thumbnail","hentry","category-brasil"],"jetpack_publicize_connections":[],"jetpack_featured_media_url":"https:\/\/i0.wp.com\/oexpressobr.com.br\/wp-content\/uploads\/2025\/12\/IMG-20251211-WA0366.jpg?fit=750%2C500&ssl=1","jetpack_likes_enabled":true,"jetpack_sharing_enabled":true,"_links":{"self":[{"href":"https:\/\/oexpressobr.com.br\/index.php?rest_route=\/wp\/v2\/posts\/646","targetHints":{"allow":["GET"]}}],"collection":[{"href":"https:\/\/oexpressobr.com.br\/index.php?rest_route=\/wp\/v2\/posts"}],"about":[{"href":"https:\/\/oexpressobr.com.br\/index.php?rest_route=\/wp\/v2\/types\/post"}],"author":[{"embeddable":true,"href":"https:\/\/oexpressobr.com.br\/index.php?rest_route=\/wp\/v2\/users\/1"}],"replies":[{"embeddable":true,"href":"https:\/\/oexpressobr.com.br\/index.php?rest_route=%2Fwp%2Fv2%2Fcomments&post=646"}],"version-history":[{"count":0,"href":"https:\/\/oexpressobr.com.br\/index.php?rest_route=\/wp\/v2\/posts\/646\/revisions"}],"wp:featuredmedia":[{"embeddable":true,"href":"https:\/\/oexpressobr.com.br\/index.php?rest_route=\/wp\/v2\/media\/647"}],"wp:attachment":[{"href":"https:\/\/oexpressobr.com.br\/index.php?rest_route=%2Fwp%2Fv2%2Fmedia&parent=646"}],"wp:term":[{"taxonomy":"category","embeddable":true,"href":"https:\/\/oexpressobr.com.br\/index.php?rest_route=%2Fwp%2Fv2%2Fcategories&post=646"},{"taxonomy":"post_tag","embeddable":true,"href":"https:\/\/oexpressobr.com.br\/index.php?rest_route=%2Fwp%2Fv2%2Ftags&post=646"}],"curies":[{"name":"wp","href":"https:\/\/api.w.org\/{rel}","templated":true}]}}