{"id":649,"date":"2025-12-11T21:32:12","date_gmt":"2025-12-12T00:32:12","guid":{"rendered":"https:\/\/oexpressobr.com.br\/?p=649"},"modified":"2025-12-11T21:32:13","modified_gmt":"2025-12-12T00:32:13","slug":"moraes-anula-votacao-da-camara-e-decreta-perda-do-mandato-de-carla-zambelli-hugo-motta-tem-48-horas-para-dar-posse-ao-suplente","status":"publish","type":"post","link":"https:\/\/oexpressobr.com.br\/?p=649","title":{"rendered":"Moraes anula vota\u00e7\u00e3o da c\u00e2mara e decreta perda do mandato de Carla Zambelli; Hugo Motta tem 48 horas para dar posse ao suplente"},"content":{"rendered":"\n<p class=\"wp-block-paragraph\">O ministro Alexandre de Moraes, do Supremo Tribunal Federal (STF), decretou nesta quinta-feira a perda imediata do mandato da deputada federal Carla Zambelli (PL-SP) e anulou a decis\u00e3o da C\u00e2mara dos Deputados que, na v\u00e9spera, havia rejeitado a cassa\u00e7\u00e3o da parlamentar. Moraes ainda determinou que o presidente da C\u00e2mara, Hugo Motta (Republicanos-PB), efetive a posse do suplente da agora ex-deputada em um prazo m\u00e1ximo de 48 horas.<\/p>\n\n\n\n<p class=\"wp-block-paragraph\">\u200bO despacho do ministro chega em meio a um novo e grave epis\u00f3dio de tens\u00e3o entre os Poderes Judici\u00e1rio e Legislativo. Moraes considerou a vota\u00e7\u00e3o da C\u00e2mara um &#8220;ato nulo, por evidente inconstitucionalidade&#8221; e um &#8220;desrespeito aos princ\u00edpios da legalidade, moralidade e impessoalidade&#8221;, al\u00e9m de flagrante desvio de finalidade.<\/p>\n\n\n\n<h3 class=\"wp-block-heading\">\u200bDetermina\u00e7\u00e3o Judicial Anula Decis\u00e3o da C\u00e2mara<\/h3>\n\n\n\n<p class=\"wp-block-paragraph\">\u200bA decis\u00e3o do STF ocorre no bojo do processo de execu\u00e7\u00e3o penal de Carla Zambelli. A deputada foi condenada criminalmente pela Suprema Corte em dois processos: um por falsidade ideol\u00f3gica e invas\u00e3o de dispositivo inform\u00e1tico qualificada (referente \u00e0 invas\u00e3o aos sistemas do Conselho Nacional de Justi\u00e7a, CNJ), e outro pelo epis\u00f3dio em que perseguiu um homem com arma em punho na v\u00e9spera do segundo turno das elei\u00e7\u00f5es de 2022. As penas somadas levaram \u00e0 condena\u00e7\u00e3o e \u00e0 determina\u00e7\u00e3o da perda do mandato pela Corte.<\/p>\n\n\n\n<p class=\"wp-block-paragraph\">\u200bMoraes frisou em seu despacho que, conforme a Constitui\u00e7\u00e3o Federal, \u00e9 prerrogativa do Poder Judici\u00e1rio decretar a perda de mandato de parlamentar condenado criminalmente com tr\u00e2nsito em julgado. \u00c0 Mesa da C\u00e2mara dos Deputados, caberia apenas &#8220;declarar&#8221; a perda, por meio de um &#8220;ato administrativo vinculado&#8221;, e n\u00e3o submet\u00ea-la a uma vota\u00e7\u00e3o que contrariasse uma decis\u00e3o judicial definitiva.<\/p>\n\n\n\n<h3 class=\"wp-block-heading\">\u200bO Impasse na C\u00e2mara<\/h3>\n\n\n\n<p class=\"wp-block-paragraph\">\u200bNa noite desta quarta-feira, a C\u00e2mara dos Deputados rejeitou, por maioria simples em vota\u00e7\u00e3o secreta, o relat\u00f3rio que recomendava a cassa\u00e7\u00e3o de Zambelli, apesar do parecer favor\u00e1vel da Comiss\u00e3o de Constitui\u00e7\u00e3o e Justi\u00e7a (CCJ). A decis\u00e3o dos parlamentares de &#8220;salvar&#8221; a deputada foi vista como um claro ato de desobedi\u00eancia \u00e0 determina\u00e7\u00e3o do STF.<\/p>\n\n\n\n<p class=\"wp-block-paragraph\">\u200bO presidente da Casa, Hugo Motta, agora se encontra em uma posi\u00e7\u00e3o delicada, tendo que cumprir a ordem judicial de dar posse ao suplente no prazo de 48 horas. O suplente que dever\u00e1 assumir a vaga \u00e9 o Mission\u00e1rio Jos\u00e9 Ol\u00edmpio (PL-SP), ou o Coronel Tadeu (PL-SP), a depender da recontagem de votos e do crit\u00e9rio de sucess\u00e3o adotado. Zambelli, por sua vez, est\u00e1 atualmente presa na It\u00e1lia, pa\u00eds para onde fugiu, na tentativa de evitar a Justi\u00e7a brasileira.<\/p>\n\n\n\n<p class=\"wp-block-paragraph\">\u200bO desfecho do caso promete intensificar ainda mais o debate sobre a separa\u00e7\u00e3o e harmonia entre os Poderes, com deputados expressando insatisfa\u00e7\u00e3o e vendo no ato de Moraes uma nova escalada de tens\u00e3o institucional.<\/p>\n","protected":false},"excerpt":{"rendered":"<p>O ministro Alexandre de Moraes, do Supremo Tribunal Federal (STF), decretou nesta quinta-feira a perda imediata do mandato da deputada federal Carla Zambelli (PL-SP) e [&#8230;]<\/p>\n","protected":false},"author":1,"featured_media":650,"comment_status":"open","ping_status":"open","sticky":false,"template":"","format":"standard","meta":{"_crdt_document":"","_jetpack_memberships_contains_paid_content":false,"footnotes":"","jetpack_publicize_message":"","jetpack_publicize_feature_enabled":true,"jetpack_social_post_already_shared":false,"jetpack_social_options":{"image_generator_settings":{"template":"highway","default_image_id":0,"font":"","enabled":false},"version":2}},"categories":[3],"tags":[],"class_list":["post-649","post","type-post","status-publish","format-standard","has-post-thumbnail","hentry","category-brasil"],"jetpack_publicize_connections":[],"jetpack_featured_media_url":"https:\/\/i0.wp.com\/oexpressobr.com.br\/wp-content\/uploads\/2025\/12\/img20251209191903448MED.jpg?fit=414%2C280&ssl=1","jetpack_likes_enabled":true,"jetpack_sharing_enabled":true,"_links":{"self":[{"href":"https:\/\/oexpressobr.com.br\/index.php?rest_route=\/wp\/v2\/posts\/649","targetHints":{"allow":["GET"]}}],"collection":[{"href":"https:\/\/oexpressobr.com.br\/index.php?rest_route=\/wp\/v2\/posts"}],"about":[{"href":"https:\/\/oexpressobr.com.br\/index.php?rest_route=\/wp\/v2\/types\/post"}],"author":[{"embeddable":true,"href":"https:\/\/oexpressobr.com.br\/index.php?rest_route=\/wp\/v2\/users\/1"}],"replies":[{"embeddable":true,"href":"https:\/\/oexpressobr.com.br\/index.php?rest_route=%2Fwp%2Fv2%2Fcomments&post=649"}],"version-history":[{"count":0,"href":"https:\/\/oexpressobr.com.br\/index.php?rest_route=\/wp\/v2\/posts\/649\/revisions"}],"wp:featuredmedia":[{"embeddable":true,"href":"https:\/\/oexpressobr.com.br\/index.php?rest_route=\/wp\/v2\/media\/650"}],"wp:attachment":[{"href":"https:\/\/oexpressobr.com.br\/index.php?rest_route=%2Fwp%2Fv2%2Fmedia&parent=649"}],"wp:term":[{"taxonomy":"category","embeddable":true,"href":"https:\/\/oexpressobr.com.br\/index.php?rest_route=%2Fwp%2Fv2%2Fcategories&post=649"},{"taxonomy":"post_tag","embeddable":true,"href":"https:\/\/oexpressobr.com.br\/index.php?rest_route=%2Fwp%2Fv2%2Ftags&post=649"}],"curies":[{"name":"wp","href":"https:\/\/api.w.org\/{rel}","templated":true}]}}